{"id":8515,"date":"2017-08-21T16:47:49","date_gmt":"2017-08-21T15:47:49","guid":{"rendered":"http:\/\/www.sentinelle-nature-alsace.fr\/fr\/?p=8515"},"modified":"2017-08-23T09:08:47","modified_gmt":"2017-08-23T08:08:47","slug":"grebe-huppe-le-plus-grand-des-grebes","status":"publish","type":"post","link":"http:\/\/www.sentinelle-nature-alsace.fr\/fr\/grebe-huppe-le-plus-grand-des-grebes\/","title":{"rendered":"Gr\u00e8be Hupp\u00e9, le plus grand des Gr\u00e8bes !"},"content":{"rendered":"<p style=\"text-align: center;\"><span style=\"color: #993300;\"><em><span style=\"color: #008000;\"><strong><span style=\"font-size: 14pt;\">C<\/span><\/strong><\/span><span style=\"font-size: 14pt;\"><span style=\"color: #008000;\">ette semaine (semaine 33) nous avons re\u00e7u un <span style=\"color: #993300;\">Gr\u00e8be Hupp\u00e9<\/span>, mais connaissez-vous vraiment cette esp\u00e8ce?<\/span><\/span><\/em><\/span><\/p>\n<p style=\"text-align: left;\"><span style=\"color: #993300;\"><span style=\"font-size: 14pt; color: #000000;\"><span style=\"font-size: 12pt;\"><strong>T<\/strong>out d&#8217;abord, il existe 5 esp\u00e8ces diff\u00e9rentes de Gr\u00e8be en Europe: nous avons le <em>Gr\u00e8be Castagneux<\/em>, \u00e0 <em>Cou Noir<\/em>, <em>Esclavon<\/em>, <em>Jougris<\/em> et enfin le <em>Gr\u00e8be Hupp\u00e9<\/em>.<\/span><\/span><\/span><\/p>\n<p style=\"text-align: left;\"><strong>L<\/strong>e Gr\u00e8be Hupp\u00e9 est le plus grand des Gr\u00e8bes avec ces 48 cm de large en moyenne. Le plus petit sera le Gr\u00e8be Castagneux (26 cm).\u00a0<\/p>\n\n<p><strong>L<\/strong>e <em>Gr\u00e8be Hupp\u00e9<\/em> doit son nom \u00e0, comme vous l&#8217;aurez compris, sa huppe noir\u00e2tre et double et au printemps, \u00e0 la collerette de plumes rousses et noires ornant les c\u00f4t\u00e9s de la t\u00eate.\u00a0<\/p>\n<p><strong>V<\/strong>ous pouvez retrouver le <em>Gr\u00e8be<\/em> sur des \u00e9tangs, des cours d&#8217;eau lents, des marais, des lacs, des r\u00e9servoirs artificiels, des gravi\u00e8res inond\u00e9es, des estuaires et d&#8217;autres lieux similaires. Vous devez vous douter, son r\u00e9gime alimentaire est essentiellement <em>piscivore<\/em>. Ils se nourrissent de divers petits poissons mesurant g\u00e9n\u00e9ralement de 5 \u00e0 20 cm ! Il arrive aussi qu&#8217;ils mangent des larves d&#8217;insectes, des crustac\u00e9s et des mollusques.\u00a0<\/p>\n<p><strong>C<\/strong>&#8216;est un excellent\u00a0<em>nageur<\/em> mais aussi <em>plongeur<\/em> ! Il peut s&#8217;enfoncer \u00e0 20 m (g\u00e9n\u00e9ralement 4-6 m) pendant 3 minutes au maximum. Il est aussi capable de parcourir plusieurs dizaines de m\u00e8tres sous l&#8217;eau. Ces diff\u00e9rentes facult\u00e9s sont essentiellement d\u00fb \u00e0 ses pattes: des pattes palm\u00e9es mais chaque doigt reste ind\u00e9pendant (<em>palmure lob\u00e9e<\/em>).\u00a0<\/p>\n<div id=\"attachment_8519\" style=\"width: 279px\" class=\"wp-caption aligncenter\"><a href=\"http:\/\/www.sentinelle-nature-alsace.fr\/fr\/wp-content\/uploads\/2017\/08\/pattes-gr\u00e8be-hupp\u00e9-2.jpg\"><img loading=\"lazy\" decoding=\"async\" aria-describedby=\"caption-attachment-8519\" class=\"wp-image-8519 size-full\" src=\"http:\/\/www.sentinelle-nature-alsace.fr\/fr\/wp-content\/uploads\/2017\/08\/pattes-gr\u00e8be-hupp\u00e9-2.jpg\" alt=\"pattes gr\u00e8be hupp\u00e9 2\" width=\"269\" height=\"199\" \/><\/a><p id=\"caption-attachment-8519\" class=\"wp-caption-text\">Patte d&#8217;un Gr\u00e8be Hupp\u00e9<\/p><\/div>\n<p><strong>C<\/strong>&#8216;est un oiseau <em>migrateur<\/em>, mais partiellement seulement. Certains Gr\u00e8bes Hupp\u00e9s qui proviennent des r\u00e9gions nordiques descendent passer l&#8217;hiver dans les estuaires et le long des c\u00f4tes sableuses lorsque le gel fige les eaux douces. Ils ne tardent pas \u00e0 regagner les eaux continentales d\u00e8s le d\u00e9but du printemps pour y nicher. Il niche entre avril et juillet.\u00a0<\/p>\n<p><strong>D<\/strong>urant cette p\u00e9riode de reproduction, les adultes portent une double huppe et des oreillettes brunes encadrant la t\u00eate. Lors de la parade nuptiale, le m\u00e2le et la femelle se font face et dressent le cou. Lorsqu&#8217;on assiste \u00e0 cet \u00e9v\u00e9nement, on a l&#8217;impression de les voir danser.\u00a0<\/p>\n<div id=\"attachment_8520\" style=\"width: 650px\" class=\"wp-caption aligncenter\"><a href=\"http:\/\/www.sentinelle-nature-alsace.fr\/fr\/wp-content\/uploads\/2017\/08\/gr\u00e8be-parade-nuptiale.jpg\"><img loading=\"lazy\" decoding=\"async\" aria-describedby=\"caption-attachment-8520\" class=\"size-full wp-image-8520\" src=\"http:\/\/www.sentinelle-nature-alsace.fr\/fr\/wp-content\/uploads\/2017\/08\/gr\u00e8be-parade-nuptiale.jpg\" alt=\"Parade Nuptial du Gr\u00e8be\" width=\"640\" height=\"281\" \/><\/a><p id=\"caption-attachment-8520\" class=\"wp-caption-text\">Parade Nuptial du Gr\u00e8be<\/p><\/div>\n<p><strong>L<\/strong>a ponte est compos\u00e9e de 3 \u00e0 6 oeufs. L&#8217;\u00e9closion intervient au bout de 28 jours. Les jeunes sont capables de nager aussit\u00f4t mais ils restent d\u00e9pendants de leurs parents plusieurs semaines.\u00a0<\/p>\n<div id=\"attachment_8521\" style=\"width: 307px\" class=\"wp-caption aligncenter\"><a href=\"http:\/\/www.sentinelle-nature-alsace.fr\/fr\/wp-content\/uploads\/2017\/08\/Petit-gr\u00e8be-sur-parent.jpg\"><img loading=\"lazy\" decoding=\"async\" aria-describedby=\"caption-attachment-8521\" class=\" wp-image-8521\" src=\"http:\/\/www.sentinelle-nature-alsace.fr\/fr\/wp-content\/uploads\/2017\/08\/Petit-gr\u00e8be-sur-parent.jpg\" alt=\"Les petits Gr\u00e8bes sur les parents\" width=\"297\" height=\"232\" \/><\/a><p id=\"caption-attachment-8521\" class=\"wp-caption-text\">Les petits Gr\u00e8bes sur les parents<\/p><\/div>\n<p><strong>C<\/strong>et oiseau a longtemps \u00e9t\u00e9 chass\u00e9 pour ses plumes, surtout celles de la poitrine et de la t\u00eate, qui \u00e9taient utilis\u00e9es entre autres comme ornement de chapeau. Aujourd&#8217;hui, le Gr\u00e8be Hupp\u00e9 b\u00e9n\u00e9ficie d&#8217;une <em>protection totale sur le territoire fran\u00e7ais<\/em> depuis l&#8217;arr\u00eat\u00e9 minist\u00e9riel du 17 avril 1981 relatif aux oiseaux prot\u00e9g\u00e9s. Il est donc interdit de le d\u00e9truire, le mutiler, le capturer ou l&#8217;enlever, de le perturber intentionnellement ou de le naturaliser, ainsi que de d\u00e9truire ou enlever les \u0153ufs et les nids, et de d\u00e9truire, alt\u00e9rer ou d\u00e9grader son milieu. Qu&#8217;il soit vivant ou mort, il est aussi interdit de le transporter, colporter, de l&#8217;utiliser, de le d\u00e9tenir, de le vendre ou de l&#8217;acheter.<\/p>\n<p><strong>L<\/strong>e Gr\u00e8be que nous avons recueilli \u00e9tait essentiellement affaiblit, pas de blessure apparente. Aujourd&#8217;hui nous le gardons dans un espace spacieux, avec un grand bassin pour qu&#8217;il puisse p\u00eacher ses poissons, reprendre du poids et enfin il pourra \u00eatre rel\u00e2cher sur son lieu de d\u00e9couverte.\u00a0<\/p>\n\n\t\t<style type=\"text\/css\">\n\t\t\t#gallery-2 {\n\t\t\t\tmargin: auto;\n\t\t\t}\n\t\t\t#gallery-2 .gallery-item {\n\t\t\t\tfloat: left;\n\t\t\t\tmargin-top: 10px;\n\t\t\t\ttext-align: center;\n\t\t\t\twidth: 33%;\n\t\t\t}\n\t\t\t#gallery-2 img {\n\t\t\t\tborder: 2px solid #cfcfcf;\n\t\t\t}\n\t\t\t#gallery-2 .gallery-caption {\n\t\t\t\tmargin-left: 0;\n\t\t\t}\n\t\t\t\/* see gallery_shortcode() in wp-includes\/media.php *\/\n\t\t<\/style>\n\t\t<div id='gallery-2' class='gallery galleryid-8515 gallery-columns-3 gallery-size-thumbnail'><dl class='gallery-item'>\n\t\t\t<dt class='gallery-icon landscape'>\n\t\t\t\t<a href='http:\/\/www.sentinelle-nature-alsace.fr\/fr\/grebe-huppe-le-plus-grand-des-grebes\/img_0826\/'><img loading=\"lazy\" decoding=\"async\" width=\"150\" height=\"150\" src=\"http:\/\/www.sentinelle-nature-alsace.fr\/fr\/wp-content\/uploads\/2017\/08\/IMG_0826-150x150.jpg\" class=\"attachment-thumbnail size-thumbnail no-lazy\" alt=\"\" srcset=\"http:\/\/www.sentinelle-nature-alsace.fr\/fr\/wp-content\/uploads\/2017\/08\/IMG_0826-150x150.jpg 150w, http:\/\/www.sentinelle-nature-alsace.fr\/fr\/wp-content\/uploads\/2017\/08\/IMG_0826-160x160.jpg 160w\" sizes=\"auto, (max-width: 150px) 100vw, 150px\" \/><\/a>\n\t\t\t<\/dt><\/dl><dl class='gallery-item'>\n\t\t\t<dt class='gallery-icon landscape'>\n\t\t\t\t<a href='http:\/\/www.sentinelle-nature-alsace.fr\/fr\/grebe-huppe-le-plus-grand-des-grebes\/img_0827\/'><img loading=\"lazy\" decoding=\"async\" width=\"150\" height=\"150\" src=\"http:\/\/www.sentinelle-nature-alsace.fr\/fr\/wp-content\/uploads\/2017\/08\/IMG_0827-150x150.jpg\" class=\"attachment-thumbnail size-thumbnail no-lazy\" alt=\"\" srcset=\"http:\/\/www.sentinelle-nature-alsace.fr\/fr\/wp-content\/uploads\/2017\/08\/IMG_0827-150x150.jpg 150w, http:\/\/www.sentinelle-nature-alsace.fr\/fr\/wp-content\/uploads\/2017\/08\/IMG_0827-160x160.jpg 160w\" sizes=\"auto, (max-width: 150px) 100vw, 150px\" \/><\/a>\n\t\t\t<\/dt><\/dl><dl class='gallery-item'>\n\t\t\t<dt class='gallery-icon landscape'>\n\t\t\t\t<a href='http:\/\/www.sentinelle-nature-alsace.fr\/fr\/accueils-semaine-33-2\/img_0828\/'><img loading=\"lazy\" decoding=\"async\" width=\"150\" height=\"150\" src=\"http:\/\/www.sentinelle-nature-alsace.fr\/fr\/wp-content\/uploads\/2017\/08\/IMG_0828-150x150.jpg\" class=\"attachment-thumbnail size-thumbnail no-lazy\" alt=\"\" srcset=\"http:\/\/www.sentinelle-nature-alsace.fr\/fr\/wp-content\/uploads\/2017\/08\/IMG_0828-150x150.jpg 150w, http:\/\/www.sentinelle-nature-alsace.fr\/fr\/wp-content\/uploads\/2017\/08\/IMG_0828-160x160.jpg 160w\" sizes=\"auto, (max-width: 150px) 100vw, 150px\" \/><\/a>\n\t\t\t<\/dt><\/dl><br style=\"clear: both\" \/>\n\t\t<\/div>\n\n<p style=\"text-align: center;\"><span style=\"font-size: 14pt;\"><em><span style=\"color: #008000;\"><strong>J<\/strong>&#8216;esp\u00e8re que maintenant vous en savez plus sur ce magnifique oiseau qui est le <span style=\"color: #993300;\">Gr\u00e8be Hupp\u00e9<\/span> !<\/span><\/em><\/span><\/p>\n<p style=\"text-align: left;\"><span style=\"color: #339966;\"><em><span style=\"font-size: 8pt;\">Sources:\u00a0<\/span><\/em><\/span><\/p>\n<p style=\"text-align: left;\"><span style=\"font-size: 8pt;\">Oiseaux.net:\u00a0<a href=\"http:\/\/www.oiseaux.net\/oiseaux\/grebe.huppe.html\">http:\/\/www.oiseaux.net\/oiseaux\/grebe.huppe.html<\/a><\/span><\/p>\n<p style=\"text-align: left;\"><span style=\"font-size: 8pt;\">Wikip\u00e9dia:\u00a0<a href=\"https:\/\/fr.wikipedia.org\/wiki\/Gr%C3%A8be_hupp%C3%A9\">https:\/\/fr.wikipedia.org\/wiki\/Gr%C3%A8be_hupp%C3%A9<\/a>\u00a0<\/span><\/p>\n","protected":false},"excerpt":{"rendered":"<p>Cette semaine (semaine 33) nous avons re\u00e7u un Gr\u00e8be Hupp\u00e9, mais connaissez-vous vraiment cette esp\u00e8ce? Tout d&#8217;abord, il existe 5 esp\u00e8ces diff\u00e9rentes de Gr\u00e8be en Europe: nous avons le Gr\u00e8be Castagneux, \u00e0 Cou Noir,&#46;&#46;&#46;<\/p>\n","protected":false},"author":2,"featured_media":8512,"comment_status":"open","ping_status":"open","sticky":false,"template":"","format":"image","meta":{"_s2mail":"yes","footnotes":""},"categories":[6],"tags":[426],"class_list":["post-8515","post","type-post","status-publish","format-image","has-post-thumbnail","hentry","category-infos-nature","tag-grebe-huppe","post_format-post-format-image"],"yoast_head":"<!-- This site is optimized with the Yoast SEO plugin v27.2 - https:\/\/yoast.com\/product\/yoast-seo-wordpress\/ -->\n<title>Gr\u00e8be Hupp\u00e9, le plus grand des Gr\u00e8bes ! -<\/title>\n<meta name=\"robots\" content=\"index, follow, max-snippet:-1, max-image-preview:large, max-video-preview:-1\" \/>\n<link rel=\"canonical\" href=\"https:\/\/www.sentinelle-nature-alsace.fr\/fr\/grebe-huppe-le-plus-grand-des-grebes\/\" \/>\n<meta property=\"og:locale\" content=\"fr_FR\" \/>\n<meta property=\"og:type\" content=\"article\" \/>\n<meta property=\"og:title\" content=\"Gr\u00e8be Hupp\u00e9, le plus grand des Gr\u00e8bes ! -\" \/>\n<meta property=\"og:description\" content=\"Cette semaine (semaine 33) nous avons re\u00e7u un Gr\u00e8be Hupp\u00e9, mais connaissez-vous vraiment cette esp\u00e8ce? Tout d&#8217;abord, il existe 5 esp\u00e8ces diff\u00e9rentes de Gr\u00e8be en Europe: nous avons le Gr\u00e8be Castagneux, \u00e0 Cou Noir,&#046;&#046;&#046;\" \/>\n<meta property=\"og:url\" content=\"https:\/\/www.sentinelle-nature-alsace.fr\/fr\/grebe-huppe-le-plus-grand-des-grebes\/\" \/>\n<meta property=\"article:publisher\" content=\"https:\/\/www.facebook.com\/SentinelleNatureAlsace\/about\/\" \/>\n<meta property=\"article:published_time\" content=\"2017-08-21T15:47:49+00:00\" \/>\n<meta property=\"article:modified_time\" content=\"2017-08-23T08:08:47+00:00\" \/>\n<meta property=\"og:image\" content=\"https:\/\/www.sentinelle-nature-alsace.fr\/fr\/wp-content\/uploads\/2017\/08\/IMG_0828.jpg\" \/>\n\t<meta property=\"og:image:width\" content=\"1632\" \/>\n\t<meta property=\"og:image:height\" content=\"1224\" \/>\n\t<meta property=\"og:image:type\" content=\"image\/jpeg\" \/>\n<meta name=\"author\" content=\"sna\" \/>\n<meta name=\"twitter:card\" content=\"summary_large_image\" \/>\n<meta name=\"twitter:label1\" content=\"\u00c9crit par\" \/>\n\t<meta name=\"twitter:data1\" content=\"sna\" \/>\n\t<meta name=\"twitter:label2\" content=\"Dur\u00e9e de lecture estim\u00e9e\" \/>\n\t<meta name=\"twitter:data2\" content=\"3 minutes\" \/>\n<script type=\"application\/ld+json\" class=\"yoast-schema-graph\">{\"@context\":\"https:\/\/schema.org\",\"@graph\":[{\"@type\":\"Article\",\"@id\":\"https:\/\/www.sentinelle-nature-alsace.fr\/fr\/grebe-huppe-le-plus-grand-des-grebes\/#article\",\"isPartOf\":{\"@id\":\"https:\/\/www.sentinelle-nature-alsace.fr\/fr\/grebe-huppe-le-plus-grand-des-grebes\/\"},\"author\":{\"name\":\"sna\",\"@id\":\"https:\/\/www.sentinelle-nature-alsace.fr\/fr\/#\/schema\/person\/d5da7db0b7108726deb66dbe1719d04c\"},\"headline\":\"Gr\u00e8be Hupp\u00e9, le plus grand des Gr\u00e8bes !\",\"datePublished\":\"2017-08-21T15:47:49+00:00\",\"dateModified\":\"2017-08-23T08:08:47+00:00\",\"mainEntityOfPage\":{\"@id\":\"https:\/\/www.sentinelle-nature-alsace.fr\/fr\/grebe-huppe-le-plus-grand-des-grebes\/\"},\"wordCount\":653,\"commentCount\":0,\"publisher\":{\"@id\":\"https:\/\/www.sentinelle-nature-alsace.fr\/fr\/#organization\"},\"image\":{\"@id\":\"https:\/\/www.sentinelle-nature-alsace.fr\/fr\/grebe-huppe-le-plus-grand-des-grebes\/#primaryimage\"},\"thumbnailUrl\":\"http:\/\/www.sentinelle-nature-alsace.fr\/fr\/wp-content\/uploads\/2017\/08\/IMG_0828.jpg\",\"keywords\":[\"gr\u00e8be hupp\u00e9\"],\"articleSection\":[\"Informations Naturalistes\"],\"inLanguage\":\"fr-FR\",\"potentialAction\":[{\"@type\":\"CommentAction\",\"name\":\"Comment\",\"target\":[\"https:\/\/www.sentinelle-nature-alsace.fr\/fr\/grebe-huppe-le-plus-grand-des-grebes\/#respond\"]}]},{\"@type\":\"WebPage\",\"@id\":\"https:\/\/www.sentinelle-nature-alsace.fr\/fr\/grebe-huppe-le-plus-grand-des-grebes\/\",\"url\":\"https:\/\/www.sentinelle-nature-alsace.fr\/fr\/grebe-huppe-le-plus-grand-des-grebes\/\",\"name\":\"Gr\u00e8be Hupp\u00e9, le plus grand des Gr\u00e8bes ! -\",\"isPartOf\":{\"@id\":\"https:\/\/www.sentinelle-nature-alsace.fr\/fr\/#website\"},\"primaryImageOfPage\":{\"@id\":\"https:\/\/www.sentinelle-nature-alsace.fr\/fr\/grebe-huppe-le-plus-grand-des-grebes\/#primaryimage\"},\"image\":{\"@id\":\"https:\/\/www.sentinelle-nature-alsace.fr\/fr\/grebe-huppe-le-plus-grand-des-grebes\/#primaryimage\"},\"thumbnailUrl\":\"http:\/\/www.sentinelle-nature-alsace.fr\/fr\/wp-content\/uploads\/2017\/08\/IMG_0828.jpg\",\"datePublished\":\"2017-08-21T15:47:49+00:00\",\"dateModified\":\"2017-08-23T08:08:47+00:00\",\"breadcrumb\":{\"@id\":\"https:\/\/www.sentinelle-nature-alsace.fr\/fr\/grebe-huppe-le-plus-grand-des-grebes\/#breadcrumb\"},\"inLanguage\":\"fr-FR\",\"potentialAction\":[{\"@type\":\"ReadAction\",\"target\":[\"https:\/\/www.sentinelle-nature-alsace.fr\/fr\/grebe-huppe-le-plus-grand-des-grebes\/\"]}]},{\"@type\":\"ImageObject\",\"inLanguage\":\"fr-FR\",\"@id\":\"https:\/\/www.sentinelle-nature-alsace.fr\/fr\/grebe-huppe-le-plus-grand-des-grebes\/#primaryimage\",\"url\":\"http:\/\/www.sentinelle-nature-alsace.fr\/fr\/wp-content\/uploads\/2017\/08\/IMG_0828.jpg\",\"contentUrl\":\"http:\/\/www.sentinelle-nature-alsace.fr\/fr\/wp-content\/uploads\/2017\/08\/IMG_0828.jpg\",\"width\":1632,\"height\":1224},{\"@type\":\"BreadcrumbList\",\"@id\":\"https:\/\/www.sentinelle-nature-alsace.fr\/fr\/grebe-huppe-le-plus-grand-des-grebes\/#breadcrumb\",\"itemListElement\":[{\"@type\":\"ListItem\",\"position\":1,\"name\":\"Accueil\",\"item\":\"https:\/\/www.sentinelle-nature-alsace.fr\/fr\/\"},{\"@type\":\"ListItem\",\"position\":2,\"name\":\"Gr\u00e8be Hupp\u00e9, le plus grand des Gr\u00e8bes !\"}]},{\"@type\":\"WebSite\",\"@id\":\"https:\/\/www.sentinelle-nature-alsace.fr\/fr\/#website\",\"url\":\"https:\/\/www.sentinelle-nature-alsace.fr\/fr\/\",\"name\":\"www.sentinelle-nature-alsace.fr\",\"description\":\"\",\"publisher\":{\"@id\":\"https:\/\/www.sentinelle-nature-alsace.fr\/fr\/#organization\"},\"potentialAction\":[{\"@type\":\"SearchAction\",\"target\":{\"@type\":\"EntryPoint\",\"urlTemplate\":\"https:\/\/www.sentinelle-nature-alsace.fr\/fr\/?s={search_term_string}\"},\"query-input\":{\"@type\":\"PropertyValueSpecification\",\"valueRequired\":true,\"valueName\":\"search_term_string\"}}],\"inLanguage\":\"fr-FR\"},{\"@type\":\"Organization\",\"@id\":\"https:\/\/www.sentinelle-nature-alsace.fr\/fr\/#organization\",\"name\":\"Sentinelle Nature Alsace\",\"url\":\"https:\/\/www.sentinelle-nature-alsace.fr\/fr\/\",\"logo\":{\"@type\":\"ImageObject\",\"inLanguage\":\"fr-FR\",\"@id\":\"https:\/\/www.sentinelle-nature-alsace.fr\/fr\/#\/schema\/logo\/image\/\",\"url\":\"http:\/\/www.sentinelle-nature-alsace.fr\/fr\/wp-content\/uploads\/2024\/04\/logo-sna.jpg\",\"contentUrl\":\"http:\/\/www.sentinelle-nature-alsace.fr\/fr\/wp-content\/uploads\/2024\/04\/logo-sna.jpg\",\"width\":200,\"height\":200,\"caption\":\"Sentinelle Nature Alsace\"},\"image\":{\"@id\":\"https:\/\/www.sentinelle-nature-alsace.fr\/fr\/#\/schema\/logo\/image\/\"},\"sameAs\":[\"https:\/\/www.facebook.com\/SentinelleNatureAlsace\/about\/\",\"https:\/\/www.instagram.com\/sentinellenaturealsace\/\"]},{\"@type\":\"Person\",\"@id\":\"https:\/\/www.sentinelle-nature-alsace.fr\/fr\/#\/schema\/person\/d5da7db0b7108726deb66dbe1719d04c\",\"name\":\"sna\",\"image\":{\"@type\":\"ImageObject\",\"inLanguage\":\"fr-FR\",\"@id\":\"https:\/\/secure.gravatar.com\/avatar\/bd795a97ce40ba06e9b8d2cffddd01b49c09b3d0dd0b0cc3fc98981f023a2e08?s=96&d=mm&r=g\",\"url\":\"https:\/\/secure.gravatar.com\/avatar\/bd795a97ce40ba06e9b8d2cffddd01b49c09b3d0dd0b0cc3fc98981f023a2e08?s=96&d=mm&r=g\",\"contentUrl\":\"https:\/\/secure.gravatar.com\/avatar\/bd795a97ce40ba06e9b8d2cffddd01b49c09b3d0dd0b0cc3fc98981f023a2e08?s=96&d=mm&r=g\",\"caption\":\"sna\"},\"url\":\"http:\/\/www.sentinelle-nature-alsace.fr\/fr\/author\/sna\/\"}]}<\/script>\n<!-- \/ Yoast SEO plugin. -->","yoast_head_json":{"title":"Gr\u00e8be Hupp\u00e9, le plus grand des Gr\u00e8bes ! -","robots":{"index":"index","follow":"follow","max-snippet":"max-snippet:-1","max-image-preview":"max-image-preview:large","max-video-preview":"max-video-preview:-1"},"canonical":"https:\/\/www.sentinelle-nature-alsace.fr\/fr\/grebe-huppe-le-plus-grand-des-grebes\/","og_locale":"fr_FR","og_type":"article","og_title":"Gr\u00e8be Hupp\u00e9, le plus grand des Gr\u00e8bes ! -","og_description":"Cette semaine (semaine 33) nous avons re\u00e7u un Gr\u00e8be Hupp\u00e9, mais connaissez-vous vraiment cette esp\u00e8ce? Tout d&#8217;abord, il existe 5 esp\u00e8ces diff\u00e9rentes de Gr\u00e8be en Europe: nous avons le Gr\u00e8be Castagneux, \u00e0 Cou Noir,&#46;&#46;&#46;","og_url":"https:\/\/www.sentinelle-nature-alsace.fr\/fr\/grebe-huppe-le-plus-grand-des-grebes\/","article_publisher":"https:\/\/www.facebook.com\/SentinelleNatureAlsace\/about\/","article_published_time":"2017-08-21T15:47:49+00:00","article_modified_time":"2017-08-23T08:08:47+00:00","og_image":[{"width":1632,"height":1224,"url":"https:\/\/www.sentinelle-nature-alsace.fr\/fr\/wp-content\/uploads\/2017\/08\/IMG_0828.jpg","type":"image\/jpeg"}],"author":"sna","twitter_card":"summary_large_image","twitter_misc":{"\u00c9crit par":"sna","Dur\u00e9e de lecture estim\u00e9e":"3 minutes"},"schema":{"@context":"https:\/\/schema.org","@graph":[{"@type":"Article","@id":"https:\/\/www.sentinelle-nature-alsace.fr\/fr\/grebe-huppe-le-plus-grand-des-grebes\/#article","isPartOf":{"@id":"https:\/\/www.sentinelle-nature-alsace.fr\/fr\/grebe-huppe-le-plus-grand-des-grebes\/"},"author":{"name":"sna","@id":"https:\/\/www.sentinelle-nature-alsace.fr\/fr\/#\/schema\/person\/d5da7db0b7108726deb66dbe1719d04c"},"headline":"Gr\u00e8be Hupp\u00e9, le plus grand des Gr\u00e8bes !","datePublished":"2017-08-21T15:47:49+00:00","dateModified":"2017-08-23T08:08:47+00:00","mainEntityOfPage":{"@id":"https:\/\/www.sentinelle-nature-alsace.fr\/fr\/grebe-huppe-le-plus-grand-des-grebes\/"},"wordCount":653,"commentCount":0,"publisher":{"@id":"https:\/\/www.sentinelle-nature-alsace.fr\/fr\/#organization"},"image":{"@id":"https:\/\/www.sentinelle-nature-alsace.fr\/fr\/grebe-huppe-le-plus-grand-des-grebes\/#primaryimage"},"thumbnailUrl":"http:\/\/www.sentinelle-nature-alsace.fr\/fr\/wp-content\/uploads\/2017\/08\/IMG_0828.jpg","keywords":["gr\u00e8be hupp\u00e9"],"articleSection":["Informations Naturalistes"],"inLanguage":"fr-FR","potentialAction":[{"@type":"CommentAction","name":"Comment","target":["https:\/\/www.sentinelle-nature-alsace.fr\/fr\/grebe-huppe-le-plus-grand-des-grebes\/#respond"]}]},{"@type":"WebPage","@id":"https:\/\/www.sentinelle-nature-alsace.fr\/fr\/grebe-huppe-le-plus-grand-des-grebes\/","url":"https:\/\/www.sentinelle-nature-alsace.fr\/fr\/grebe-huppe-le-plus-grand-des-grebes\/","name":"Gr\u00e8be Hupp\u00e9, le plus grand des Gr\u00e8bes ! -","isPartOf":{"@id":"https:\/\/www.sentinelle-nature-alsace.fr\/fr\/#website"},"primaryImageOfPage":{"@id":"https:\/\/www.sentinelle-nature-alsace.fr\/fr\/grebe-huppe-le-plus-grand-des-grebes\/#primaryimage"},"image":{"@id":"https:\/\/www.sentinelle-nature-alsace.fr\/fr\/grebe-huppe-le-plus-grand-des-grebes\/#primaryimage"},"thumbnailUrl":"http:\/\/www.sentinelle-nature-alsace.fr\/fr\/wp-content\/uploads\/2017\/08\/IMG_0828.jpg","datePublished":"2017-08-21T15:47:49+00:00","dateModified":"2017-08-23T08:08:47+00:00","breadcrumb":{"@id":"https:\/\/www.sentinelle-nature-alsace.fr\/fr\/grebe-huppe-le-plus-grand-des-grebes\/#breadcrumb"},"inLanguage":"fr-FR","potentialAction":[{"@type":"ReadAction","target":["https:\/\/www.sentinelle-nature-alsace.fr\/fr\/grebe-huppe-le-plus-grand-des-grebes\/"]}]},{"@type":"ImageObject","inLanguage":"fr-FR","@id":"https:\/\/www.sentinelle-nature-alsace.fr\/fr\/grebe-huppe-le-plus-grand-des-grebes\/#primaryimage","url":"http:\/\/www.sentinelle-nature-alsace.fr\/fr\/wp-content\/uploads\/2017\/08\/IMG_0828.jpg","contentUrl":"http:\/\/www.sentinelle-nature-alsace.fr\/fr\/wp-content\/uploads\/2017\/08\/IMG_0828.jpg","width":1632,"height":1224},{"@type":"BreadcrumbList","@id":"https:\/\/www.sentinelle-nature-alsace.fr\/fr\/grebe-huppe-le-plus-grand-des-grebes\/#breadcrumb","itemListElement":[{"@type":"ListItem","position":1,"name":"Accueil","item":"https:\/\/www.sentinelle-nature-alsace.fr\/fr\/"},{"@type":"ListItem","position":2,"name":"Gr\u00e8be Hupp\u00e9, le plus grand des Gr\u00e8bes !"}]},{"@type":"WebSite","@id":"https:\/\/www.sentinelle-nature-alsace.fr\/fr\/#website","url":"https:\/\/www.sentinelle-nature-alsace.fr\/fr\/","name":"www.sentinelle-nature-alsace.fr","description":"","publisher":{"@id":"https:\/\/www.sentinelle-nature-alsace.fr\/fr\/#organization"},"potentialAction":[{"@type":"SearchAction","target":{"@type":"EntryPoint","urlTemplate":"https:\/\/www.sentinelle-nature-alsace.fr\/fr\/?s={search_term_string}"},"query-input":{"@type":"PropertyValueSpecification","valueRequired":true,"valueName":"search_term_string"}}],"inLanguage":"fr-FR"},{"@type":"Organization","@id":"https:\/\/www.sentinelle-nature-alsace.fr\/fr\/#organization","name":"Sentinelle Nature Alsace","url":"https:\/\/www.sentinelle-nature-alsace.fr\/fr\/","logo":{"@type":"ImageObject","inLanguage":"fr-FR","@id":"https:\/\/www.sentinelle-nature-alsace.fr\/fr\/#\/schema\/logo\/image\/","url":"http:\/\/www.sentinelle-nature-alsace.fr\/fr\/wp-content\/uploads\/2024\/04\/logo-sna.jpg","contentUrl":"http:\/\/www.sentinelle-nature-alsace.fr\/fr\/wp-content\/uploads\/2024\/04\/logo-sna.jpg","width":200,"height":200,"caption":"Sentinelle Nature Alsace"},"image":{"@id":"https:\/\/www.sentinelle-nature-alsace.fr\/fr\/#\/schema\/logo\/image\/"},"sameAs":["https:\/\/www.facebook.com\/SentinelleNatureAlsace\/about\/","https:\/\/www.instagram.com\/sentinellenaturealsace\/"]},{"@type":"Person","@id":"https:\/\/www.sentinelle-nature-alsace.fr\/fr\/#\/schema\/person\/d5da7db0b7108726deb66dbe1719d04c","name":"sna","image":{"@type":"ImageObject","inLanguage":"fr-FR","@id":"https:\/\/secure.gravatar.com\/avatar\/bd795a97ce40ba06e9b8d2cffddd01b49c09b3d0dd0b0cc3fc98981f023a2e08?s=96&d=mm&r=g","url":"https:\/\/secure.gravatar.com\/avatar\/bd795a97ce40ba06e9b8d2cffddd01b49c09b3d0dd0b0cc3fc98981f023a2e08?s=96&d=mm&r=g","contentUrl":"https:\/\/secure.gravatar.com\/avatar\/bd795a97ce40ba06e9b8d2cffddd01b49c09b3d0dd0b0cc3fc98981f023a2e08?s=96&d=mm&r=g","caption":"sna"},"url":"http:\/\/www.sentinelle-nature-alsace.fr\/fr\/author\/sna\/"}]}},"_links":{"self":[{"href":"http:\/\/www.sentinelle-nature-alsace.fr\/fr\/wp-json\/wp\/v2\/posts\/8515","targetHints":{"allow":["GET"]}}],"collection":[{"href":"http:\/\/www.sentinelle-nature-alsace.fr\/fr\/wp-json\/wp\/v2\/posts"}],"about":[{"href":"http:\/\/www.sentinelle-nature-alsace.fr\/fr\/wp-json\/wp\/v2\/types\/post"}],"author":[{"embeddable":true,"href":"http:\/\/www.sentinelle-nature-alsace.fr\/fr\/wp-json\/wp\/v2\/users\/2"}],"replies":[{"embeddable":true,"href":"http:\/\/www.sentinelle-nature-alsace.fr\/fr\/wp-json\/wp\/v2\/comments?post=8515"}],"version-history":[{"count":6,"href":"http:\/\/www.sentinelle-nature-alsace.fr\/fr\/wp-json\/wp\/v2\/posts\/8515\/revisions"}],"predecessor-version":[{"id":8528,"href":"http:\/\/www.sentinelle-nature-alsace.fr\/fr\/wp-json\/wp\/v2\/posts\/8515\/revisions\/8528"}],"wp:featuredmedia":[{"embeddable":true,"href":"http:\/\/www.sentinelle-nature-alsace.fr\/fr\/wp-json\/wp\/v2\/media\/8512"}],"wp:attachment":[{"href":"http:\/\/www.sentinelle-nature-alsace.fr\/fr\/wp-json\/wp\/v2\/media?parent=8515"}],"wp:term":[{"taxonomy":"category","embeddable":true,"href":"http:\/\/www.sentinelle-nature-alsace.fr\/fr\/wp-json\/wp\/v2\/categories?post=8515"},{"taxonomy":"post_tag","embeddable":true,"href":"http:\/\/www.sentinelle-nature-alsace.fr\/fr\/wp-json\/wp\/v2\/tags?post=8515"}],"curies":[{"name":"wp","href":"https:\/\/api.w.org\/{rel}","templated":true}]}}