{"id":8503,"date":"2017-08-14T08:54:50","date_gmt":"2017-08-14T07:54:50","guid":{"rendered":"http:\/\/www.sentinelle-nature-alsace.fr\/fr\/?p=8503"},"modified":"2017-08-14T08:54:50","modified_gmt":"2017-08-14T07:54:50","slug":"accueils-semaine-32-4","status":"publish","type":"post","link":"http:\/\/www.sentinelle-nature-alsace.fr\/fr\/accueils-semaine-32-4\/","title":{"rendered":"Accueils Semaine 32"},"content":{"rendered":"<p>On augmente l\u00e9g\u00e8rement en comparaison avec la semaine pr\u00e9c\u00e9dente puisque nous avons accueillis <span style=\"font-size: 14pt;\"><strong>32<\/strong><\/span> animaux: 6\u00a0H\u00e9rissons d&#8217;Europe, 6\u00a0Moineaux Domestiques, 2\u00a0Pigeon, 2\u00a0Tourterelles des Bois,\u00a0\u00a02\u00a0Hirondelles Rustiques, 2\u00a0Merles Noirs, 1 Li\u00e8vre d&#8217;Europe, 1 Pipistrelle, 1 H\u00e9ron Cendr\u00e9, 1 Cigogne Blanche, 1 Pic vert, 1 Passereau, 1 Hirondelle de Fen\u00eatre, 1 Canard Colvert, 1 Faucon Cr\u00e9cerelle, 1 \u00c9pervier d&#8217;Europe,\u00a0\u00a01 M\u00e9sange Bleue et 1 Oreillard.<\/p>\n<p>Concernant le nombre d&#8217;H\u00e9risson, parmis les 6, 4 \u00e9taient une petite famille: 1 m\u00e8re avec ses 3 petits. Vous pouvez les apercevoir dans le reportage de France 3 Alsace.<\/p>\n<p>Le lien, c&#8217;est par ici:\u00a0<a href=\"http:\/\/france3-regions.francetvinfo.fr\/\u2026\/emi\u2026\/jt-1213-alsace\">http:\/\/france3-regions.francetvinfo.fr\/\u2026\/emi\u2026\/jt-1213-alsace<\/a>\u00a0(JT de 12\/13 le 12 ao\u00fbt \u00e0 partir de 7min30)<\/p>\n","protected":false},"excerpt":{"rendered":"<p>On augmente l\u00e9g\u00e8rement en comparaison avec la semaine pr\u00e9c\u00e9dente puisque nous avons accueillis 32 animaux: 6\u00a0H\u00e9rissons d&#8217;Europe, 6\u00a0Moineaux Domestiques, 2\u00a0Pigeon, 2\u00a0Tourterelles des Bois,\u00a0\u00a02\u00a0Hirondelles Rustiques, 2\u00a0Merles Noirs, 1 Li\u00e8vre d&#8217;Europe, 1 Pipistrelle, 1 H\u00e9ron Cendr\u00e9,&#46;&#46;&#46;<\/p>\n","protected":false},"author":2,"featured_media":8504,"comment_status":"open","ping_status":"open","sticky":false,"template":"","format":"image","meta":{"_s2mail":"yes","footnotes":""},"categories":[2],"tags":[330,286,297,93,298,282,288,280,311,155,158,290,186,189,200,202,207,346],"class_list":["post-8503","post","type-post","status-publish","format-image","has-post-thumbnail","hentry","category-animaux-detresse","tag-canard-colvert","tag-cigogne-blanche","tag-epervier-deurope","tag-faucon-crecerelle","tag-herisson-deurope","tag-heron-cendre","tag-hirondelle-de-fenetre","tag-hirondelle-rustique","tag-lievre-deurope","tag-merle-noir","tag-mesange-bleue","tag-moineau-domestique","tag-oreillard","tag-passereau","tag-pic-vert","tag-pigeon","tag-pipistrelle","tag-tourterelle-des-bois","post_format-post-format-image"],"yoast_head":"<!-- This site is optimized with the Yoast SEO plugin v27.2 - https:\/\/yoast.com\/product\/yoast-seo-wordpress\/ -->\n<title>Accueils Semaine 32 -<\/title>\n<meta name=\"robots\" content=\"index, follow, max-snippet:-1, max-image-preview:large, max-video-preview:-1\" \/>\n<link rel=\"canonical\" href=\"http:\/\/www.sentinelle-nature-alsace.fr\/fr\/accueils-semaine-32-4\/\" \/>\n<meta property=\"og:locale\" content=\"fr_FR\" \/>\n<meta property=\"og:type\" content=\"article\" \/>\n<meta property=\"og:title\" content=\"Accueils Semaine 32 -\" \/>\n<meta property=\"og:description\" content=\"On augmente l\u00e9g\u00e8rement en comparaison avec la semaine pr\u00e9c\u00e9dente puisque nous avons accueillis 32 animaux: 6\u00a0H\u00e9rissons d&#8217;Europe, 6\u00a0Moineaux Domestiques, 2\u00a0Pigeon, 2\u00a0Tourterelles des Bois,\u00a0\u00a02\u00a0Hirondelles Rustiques, 2\u00a0Merles Noirs, 1 Li\u00e8vre d&#8217;Europe, 1 Pipistrelle, 1 H\u00e9ron Cendr\u00e9,&#046;&#046;&#046;\" \/>\n<meta property=\"og:url\" content=\"http:\/\/www.sentinelle-nature-alsace.fr\/fr\/accueils-semaine-32-4\/\" \/>\n<meta property=\"article:publisher\" content=\"https:\/\/www.facebook.com\/SentinelleNatureAlsace\/about\/\" \/>\n<meta property=\"article:published_time\" content=\"2017-08-14T07:54:50+00:00\" \/>\n<meta property=\"og:image\" content=\"http:\/\/www.sentinelle-nature-alsace.fr\/fr\/wp-content\/uploads\/2017\/08\/IMG_0801.jpg\" \/>\n\t<meta property=\"og:image:width\" content=\"1632\" \/>\n\t<meta property=\"og:image:height\" content=\"1224\" \/>\n\t<meta property=\"og:image:type\" content=\"image\/jpeg\" \/>\n<meta name=\"author\" content=\"sna\" \/>\n<meta name=\"twitter:card\" content=\"summary_large_image\" \/>\n<meta name=\"twitter:label1\" content=\"\u00c9crit par\" \/>\n\t<meta name=\"twitter:data1\" content=\"sna\" \/>\n\t<meta name=\"twitter:label2\" content=\"Dur\u00e9e de lecture estim\u00e9e\" \/>\n\t<meta name=\"twitter:data2\" content=\"1 minute\" \/>\n<script type=\"application\/ld+json\" class=\"yoast-schema-graph\">{\"@context\":\"https:\/\/schema.org\",\"@graph\":[{\"@type\":\"Article\",\"@id\":\"http:\/\/www.sentinelle-nature-alsace.fr\/fr\/accueils-semaine-32-4\/#article\",\"isPartOf\":{\"@id\":\"http:\/\/www.sentinelle-nature-alsace.fr\/fr\/accueils-semaine-32-4\/\"},\"author\":{\"name\":\"sna\",\"@id\":\"https:\/\/www.sentinelle-nature-alsace.fr\/fr\/#\/schema\/person\/d5da7db0b7108726deb66dbe1719d04c\"},\"headline\":\"Accueils Semaine 32\",\"datePublished\":\"2017-08-14T07:54:50+00:00\",\"mainEntityOfPage\":{\"@id\":\"http:\/\/www.sentinelle-nature-alsace.fr\/fr\/accueils-semaine-32-4\/\"},\"wordCount\":108,\"commentCount\":0,\"publisher\":{\"@id\":\"https:\/\/www.sentinelle-nature-alsace.fr\/fr\/#organization\"},\"image\":{\"@id\":\"http:\/\/www.sentinelle-nature-alsace.fr\/fr\/accueils-semaine-32-4\/#primaryimage\"},\"thumbnailUrl\":\"http:\/\/www.sentinelle-nature-alsace.fr\/fr\/wp-content\/uploads\/2017\/08\/IMG_0801.jpg\",\"keywords\":[\"Canard colvert\",\"Cigogne blanche\",\"Epervier d'Europe\",\"faucon cr\u00e9cerelle\",\"H\u00e9risson d'Europe\",\"H\u00e9ron cendr\u00e9\",\"Hirondelle de fen\u00eatre\",\"Hirondelle rustique\",\"Li\u00e8vre d'Europe\",\"merle noir\",\"m\u00e9sange bleue\",\"Moineau domestique\",\"oreillard\",\"passereau\",\"pic vert\",\"pigeon\",\"pipistrelle\",\"tourterelle des bois\"],\"articleSection\":[\"Accueil Animaux\"],\"inLanguage\":\"fr-FR\",\"potentialAction\":[{\"@type\":\"CommentAction\",\"name\":\"Comment\",\"target\":[\"http:\/\/www.sentinelle-nature-alsace.fr\/fr\/accueils-semaine-32-4\/#respond\"]}]},{\"@type\":\"WebPage\",\"@id\":\"http:\/\/www.sentinelle-nature-alsace.fr\/fr\/accueils-semaine-32-4\/\",\"url\":\"http:\/\/www.sentinelle-nature-alsace.fr\/fr\/accueils-semaine-32-4\/\",\"name\":\"Accueils Semaine 32 -\",\"isPartOf\":{\"@id\":\"https:\/\/www.sentinelle-nature-alsace.fr\/fr\/#website\"},\"primaryImageOfPage\":{\"@id\":\"http:\/\/www.sentinelle-nature-alsace.fr\/fr\/accueils-semaine-32-4\/#primaryimage\"},\"image\":{\"@id\":\"http:\/\/www.sentinelle-nature-alsace.fr\/fr\/accueils-semaine-32-4\/#primaryimage\"},\"thumbnailUrl\":\"http:\/\/www.sentinelle-nature-alsace.fr\/fr\/wp-content\/uploads\/2017\/08\/IMG_0801.jpg\",\"datePublished\":\"2017-08-14T07:54:50+00:00\",\"breadcrumb\":{\"@id\":\"http:\/\/www.sentinelle-nature-alsace.fr\/fr\/accueils-semaine-32-4\/#breadcrumb\"},\"inLanguage\":\"fr-FR\",\"potentialAction\":[{\"@type\":\"ReadAction\",\"target\":[\"http:\/\/www.sentinelle-nature-alsace.fr\/fr\/accueils-semaine-32-4\/\"]}]},{\"@type\":\"ImageObject\",\"inLanguage\":\"fr-FR\",\"@id\":\"http:\/\/www.sentinelle-nature-alsace.fr\/fr\/accueils-semaine-32-4\/#primaryimage\",\"url\":\"http:\/\/www.sentinelle-nature-alsace.fr\/fr\/wp-content\/uploads\/2017\/08\/IMG_0801.jpg\",\"contentUrl\":\"http:\/\/www.sentinelle-nature-alsace.fr\/fr\/wp-content\/uploads\/2017\/08\/IMG_0801.jpg\",\"width\":1632,\"height\":1224},{\"@type\":\"BreadcrumbList\",\"@id\":\"http:\/\/www.sentinelle-nature-alsace.fr\/fr\/accueils-semaine-32-4\/#breadcrumb\",\"itemListElement\":[{\"@type\":\"ListItem\",\"position\":1,\"name\":\"Accueil\",\"item\":\"https:\/\/www.sentinelle-nature-alsace.fr\/fr\/\"},{\"@type\":\"ListItem\",\"position\":2,\"name\":\"Accueils Semaine 32\"}]},{\"@type\":\"WebSite\",\"@id\":\"https:\/\/www.sentinelle-nature-alsace.fr\/fr\/#website\",\"url\":\"https:\/\/www.sentinelle-nature-alsace.fr\/fr\/\",\"name\":\"www.sentinelle-nature-alsace.fr\",\"description\":\"\",\"publisher\":{\"@id\":\"https:\/\/www.sentinelle-nature-alsace.fr\/fr\/#organization\"},\"potentialAction\":[{\"@type\":\"SearchAction\",\"target\":{\"@type\":\"EntryPoint\",\"urlTemplate\":\"https:\/\/www.sentinelle-nature-alsace.fr\/fr\/?s={search_term_string}\"},\"query-input\":{\"@type\":\"PropertyValueSpecification\",\"valueRequired\":true,\"valueName\":\"search_term_string\"}}],\"inLanguage\":\"fr-FR\"},{\"@type\":\"Organization\",\"@id\":\"https:\/\/www.sentinelle-nature-alsace.fr\/fr\/#organization\",\"name\":\"Sentinelle Nature Alsace\",\"url\":\"https:\/\/www.sentinelle-nature-alsace.fr\/fr\/\",\"logo\":{\"@type\":\"ImageObject\",\"inLanguage\":\"fr-FR\",\"@id\":\"https:\/\/www.sentinelle-nature-alsace.fr\/fr\/#\/schema\/logo\/image\/\",\"url\":\"http:\/\/www.sentinelle-nature-alsace.fr\/fr\/wp-content\/uploads\/2024\/04\/logo-sna.jpg\",\"contentUrl\":\"http:\/\/www.sentinelle-nature-alsace.fr\/fr\/wp-content\/uploads\/2024\/04\/logo-sna.jpg\",\"width\":200,\"height\":200,\"caption\":\"Sentinelle Nature Alsace\"},\"image\":{\"@id\":\"https:\/\/www.sentinelle-nature-alsace.fr\/fr\/#\/schema\/logo\/image\/\"},\"sameAs\":[\"https:\/\/www.facebook.com\/SentinelleNatureAlsace\/about\/\",\"https:\/\/www.instagram.com\/sentinellenaturealsace\/\"]},{\"@type\":\"Person\",\"@id\":\"https:\/\/www.sentinelle-nature-alsace.fr\/fr\/#\/schema\/person\/d5da7db0b7108726deb66dbe1719d04c\",\"name\":\"sna\",\"image\":{\"@type\":\"ImageObject\",\"inLanguage\":\"fr-FR\",\"@id\":\"https:\/\/secure.gravatar.com\/avatar\/bd795a97ce40ba06e9b8d2cffddd01b49c09b3d0dd0b0cc3fc98981f023a2e08?s=96&d=mm&r=g\",\"url\":\"https:\/\/secure.gravatar.com\/avatar\/bd795a97ce40ba06e9b8d2cffddd01b49c09b3d0dd0b0cc3fc98981f023a2e08?s=96&d=mm&r=g\",\"contentUrl\":\"https:\/\/secure.gravatar.com\/avatar\/bd795a97ce40ba06e9b8d2cffddd01b49c09b3d0dd0b0cc3fc98981f023a2e08?s=96&d=mm&r=g\",\"caption\":\"sna\"},\"url\":\"http:\/\/www.sentinelle-nature-alsace.fr\/fr\/author\/sna\/\"}]}<\/script>\n<!-- \/ Yoast SEO plugin. -->","yoast_head_json":{"title":"Accueils Semaine 32 -","robots":{"index":"index","follow":"follow","max-snippet":"max-snippet:-1","max-image-preview":"max-image-preview:large","max-video-preview":"max-video-preview:-1"},"canonical":"http:\/\/www.sentinelle-nature-alsace.fr\/fr\/accueils-semaine-32-4\/","og_locale":"fr_FR","og_type":"article","og_title":"Accueils Semaine 32 -","og_description":"On augmente l\u00e9g\u00e8rement en comparaison avec la semaine pr\u00e9c\u00e9dente puisque nous avons accueillis 32 animaux: 6\u00a0H\u00e9rissons d&#8217;Europe, 6\u00a0Moineaux Domestiques, 2\u00a0Pigeon, 2\u00a0Tourterelles des Bois,\u00a0\u00a02\u00a0Hirondelles Rustiques, 2\u00a0Merles Noirs, 1 Li\u00e8vre d&#8217;Europe, 1 Pipistrelle, 1 H\u00e9ron Cendr\u00e9,&#46;&#46;&#46;","og_url":"http:\/\/www.sentinelle-nature-alsace.fr\/fr\/accueils-semaine-32-4\/","article_publisher":"https:\/\/www.facebook.com\/SentinelleNatureAlsace\/about\/","article_published_time":"2017-08-14T07:54:50+00:00","og_image":[{"width":1632,"height":1224,"url":"http:\/\/www.sentinelle-nature-alsace.fr\/fr\/wp-content\/uploads\/2017\/08\/IMG_0801.jpg","type":"image\/jpeg"}],"author":"sna","twitter_card":"summary_large_image","twitter_misc":{"\u00c9crit par":"sna","Dur\u00e9e de lecture estim\u00e9e":"1 minute"},"schema":{"@context":"https:\/\/schema.org","@graph":[{"@type":"Article","@id":"http:\/\/www.sentinelle-nature-alsace.fr\/fr\/accueils-semaine-32-4\/#article","isPartOf":{"@id":"http:\/\/www.sentinelle-nature-alsace.fr\/fr\/accueils-semaine-32-4\/"},"author":{"name":"sna","@id":"https:\/\/www.sentinelle-nature-alsace.fr\/fr\/#\/schema\/person\/d5da7db0b7108726deb66dbe1719d04c"},"headline":"Accueils Semaine 32","datePublished":"2017-08-14T07:54:50+00:00","mainEntityOfPage":{"@id":"http:\/\/www.sentinelle-nature-alsace.fr\/fr\/accueils-semaine-32-4\/"},"wordCount":108,"commentCount":0,"publisher":{"@id":"https:\/\/www.sentinelle-nature-alsace.fr\/fr\/#organization"},"image":{"@id":"http:\/\/www.sentinelle-nature-alsace.fr\/fr\/accueils-semaine-32-4\/#primaryimage"},"thumbnailUrl":"http:\/\/www.sentinelle-nature-alsace.fr\/fr\/wp-content\/uploads\/2017\/08\/IMG_0801.jpg","keywords":["Canard colvert","Cigogne blanche","Epervier d'Europe","faucon cr\u00e9cerelle","H\u00e9risson d'Europe","H\u00e9ron cendr\u00e9","Hirondelle de fen\u00eatre","Hirondelle rustique","Li\u00e8vre d'Europe","merle noir","m\u00e9sange bleue","Moineau domestique","oreillard","passereau","pic vert","pigeon","pipistrelle","tourterelle des bois"],"articleSection":["Accueil Animaux"],"inLanguage":"fr-FR","potentialAction":[{"@type":"CommentAction","name":"Comment","target":["http:\/\/www.sentinelle-nature-alsace.fr\/fr\/accueils-semaine-32-4\/#respond"]}]},{"@type":"WebPage","@id":"http:\/\/www.sentinelle-nature-alsace.fr\/fr\/accueils-semaine-32-4\/","url":"http:\/\/www.sentinelle-nature-alsace.fr\/fr\/accueils-semaine-32-4\/","name":"Accueils Semaine 32 -","isPartOf":{"@id":"https:\/\/www.sentinelle-nature-alsace.fr\/fr\/#website"},"primaryImageOfPage":{"@id":"http:\/\/www.sentinelle-nature-alsace.fr\/fr\/accueils-semaine-32-4\/#primaryimage"},"image":{"@id":"http:\/\/www.sentinelle-nature-alsace.fr\/fr\/accueils-semaine-32-4\/#primaryimage"},"thumbnailUrl":"http:\/\/www.sentinelle-nature-alsace.fr\/fr\/wp-content\/uploads\/2017\/08\/IMG_0801.jpg","datePublished":"2017-08-14T07:54:50+00:00","breadcrumb":{"@id":"http:\/\/www.sentinelle-nature-alsace.fr\/fr\/accueils-semaine-32-4\/#breadcrumb"},"inLanguage":"fr-FR","potentialAction":[{"@type":"ReadAction","target":["http:\/\/www.sentinelle-nature-alsace.fr\/fr\/accueils-semaine-32-4\/"]}]},{"@type":"ImageObject","inLanguage":"fr-FR","@id":"http:\/\/www.sentinelle-nature-alsace.fr\/fr\/accueils-semaine-32-4\/#primaryimage","url":"http:\/\/www.sentinelle-nature-alsace.fr\/fr\/wp-content\/uploads\/2017\/08\/IMG_0801.jpg","contentUrl":"http:\/\/www.sentinelle-nature-alsace.fr\/fr\/wp-content\/uploads\/2017\/08\/IMG_0801.jpg","width":1632,"height":1224},{"@type":"BreadcrumbList","@id":"http:\/\/www.sentinelle-nature-alsace.fr\/fr\/accueils-semaine-32-4\/#breadcrumb","itemListElement":[{"@type":"ListItem","position":1,"name":"Accueil","item":"https:\/\/www.sentinelle-nature-alsace.fr\/fr\/"},{"@type":"ListItem","position":2,"name":"Accueils Semaine 32"}]},{"@type":"WebSite","@id":"https:\/\/www.sentinelle-nature-alsace.fr\/fr\/#website","url":"https:\/\/www.sentinelle-nature-alsace.fr\/fr\/","name":"www.sentinelle-nature-alsace.fr","description":"","publisher":{"@id":"https:\/\/www.sentinelle-nature-alsace.fr\/fr\/#organization"},"potentialAction":[{"@type":"SearchAction","target":{"@type":"EntryPoint","urlTemplate":"https:\/\/www.sentinelle-nature-alsace.fr\/fr\/?s={search_term_string}"},"query-input":{"@type":"PropertyValueSpecification","valueRequired":true,"valueName":"search_term_string"}}],"inLanguage":"fr-FR"},{"@type":"Organization","@id":"https:\/\/www.sentinelle-nature-alsace.fr\/fr\/#organization","name":"Sentinelle Nature Alsace","url":"https:\/\/www.sentinelle-nature-alsace.fr\/fr\/","logo":{"@type":"ImageObject","inLanguage":"fr-FR","@id":"https:\/\/www.sentinelle-nature-alsace.fr\/fr\/#\/schema\/logo\/image\/","url":"http:\/\/www.sentinelle-nature-alsace.fr\/fr\/wp-content\/uploads\/2024\/04\/logo-sna.jpg","contentUrl":"http:\/\/www.sentinelle-nature-alsace.fr\/fr\/wp-content\/uploads\/2024\/04\/logo-sna.jpg","width":200,"height":200,"caption":"Sentinelle Nature Alsace"},"image":{"@id":"https:\/\/www.sentinelle-nature-alsace.fr\/fr\/#\/schema\/logo\/image\/"},"sameAs":["https:\/\/www.facebook.com\/SentinelleNatureAlsace\/about\/","https:\/\/www.instagram.com\/sentinellenaturealsace\/"]},{"@type":"Person","@id":"https:\/\/www.sentinelle-nature-alsace.fr\/fr\/#\/schema\/person\/d5da7db0b7108726deb66dbe1719d04c","name":"sna","image":{"@type":"ImageObject","inLanguage":"fr-FR","@id":"https:\/\/secure.gravatar.com\/avatar\/bd795a97ce40ba06e9b8d2cffddd01b49c09b3d0dd0b0cc3fc98981f023a2e08?s=96&d=mm&r=g","url":"https:\/\/secure.gravatar.com\/avatar\/bd795a97ce40ba06e9b8d2cffddd01b49c09b3d0dd0b0cc3fc98981f023a2e08?s=96&d=mm&r=g","contentUrl":"https:\/\/secure.gravatar.com\/avatar\/bd795a97ce40ba06e9b8d2cffddd01b49c09b3d0dd0b0cc3fc98981f023a2e08?s=96&d=mm&r=g","caption":"sna"},"url":"http:\/\/www.sentinelle-nature-alsace.fr\/fr\/author\/sna\/"}]}},"_links":{"self":[{"href":"http:\/\/www.sentinelle-nature-alsace.fr\/fr\/wp-json\/wp\/v2\/posts\/8503","targetHints":{"allow":["GET"]}}],"collection":[{"href":"http:\/\/www.sentinelle-nature-alsace.fr\/fr\/wp-json\/wp\/v2\/posts"}],"about":[{"href":"http:\/\/www.sentinelle-nature-alsace.fr\/fr\/wp-json\/wp\/v2\/types\/post"}],"author":[{"embeddable":true,"href":"http:\/\/www.sentinelle-nature-alsace.fr\/fr\/wp-json\/wp\/v2\/users\/2"}],"replies":[{"embeddable":true,"href":"http:\/\/www.sentinelle-nature-alsace.fr\/fr\/wp-json\/wp\/v2\/comments?post=8503"}],"version-history":[{"count":1,"href":"http:\/\/www.sentinelle-nature-alsace.fr\/fr\/wp-json\/wp\/v2\/posts\/8503\/revisions"}],"predecessor-version":[{"id":8505,"href":"http:\/\/www.sentinelle-nature-alsace.fr\/fr\/wp-json\/wp\/v2\/posts\/8503\/revisions\/8505"}],"wp:featuredmedia":[{"embeddable":true,"href":"http:\/\/www.sentinelle-nature-alsace.fr\/fr\/wp-json\/wp\/v2\/media\/8504"}],"wp:attachment":[{"href":"http:\/\/www.sentinelle-nature-alsace.fr\/fr\/wp-json\/wp\/v2\/media?parent=8503"}],"wp:term":[{"taxonomy":"category","embeddable":true,"href":"http:\/\/www.sentinelle-nature-alsace.fr\/fr\/wp-json\/wp\/v2\/categories?post=8503"},{"taxonomy":"post_tag","embeddable":true,"href":"http:\/\/www.sentinelle-nature-alsace.fr\/fr\/wp-json\/wp\/v2\/tags?post=8503"}],"curies":[{"name":"wp","href":"https:\/\/api.w.org\/{rel}","templated":true}]}}