{"id":8421,"date":"2017-06-29T14:33:49","date_gmt":"2017-06-29T13:33:49","guid":{"rendered":"http:\/\/www.sentinelle-nature-alsace.fr\/fr\/?p=8421"},"modified":"2017-06-29T14:33:49","modified_gmt":"2017-06-29T13:33:49","slug":"animation-mare-pedagogique-2017","status":"publish","type":"post","link":"http:\/\/www.sentinelle-nature-alsace.fr\/fr\/animation-mare-pedagogique-2017\/","title":{"rendered":"Animation Mare P\u00e9dagogique 2017 !"},"content":{"rendered":"<p>Cette ann\u00e9e, suite \u00e0 la r\u00e9ussite de l&#8217;ann\u00e9e pr\u00e9c\u00e9dente, nous avons de nouveau r\u00e9alis\u00e9 des Animations p\u00e9dagogique autour de la Mare de Ribeauvill\u00e9. Cette animation permet aux enfants de d\u00e9couvrir le milieu de la Mare avec son \u00e9cosyst\u00e8me, l&#8217;utilit\u00e9 de celle ci et donc pourquoi il faut la pr\u00e9server. Comme l&#8217;ann\u00e9e derni\u00e8re, Jo\u00ebl Brunn fut pr\u00e9sent et nous le remercions grandement.\u00a0<\/p>\n<div id=\"attachment_8424\" style=\"width: 370px\" class=\"wp-caption aligncenter\"><a href=\"http:\/\/www.sentinelle-nature-alsace.fr\/fr\/wp-content\/uploads\/2017\/06\/P1000516.jpg\"><img loading=\"lazy\" decoding=\"async\" aria-describedby=\"caption-attachment-8424\" class=\"wp-image-8424\" src=\"http:\/\/www.sentinelle-nature-alsace.fr\/fr\/wp-content\/uploads\/2017\/06\/P1000516.jpg\" alt=\"P1000516\" width=\"360\" height=\"270\" srcset=\"http:\/\/www.sentinelle-nature-alsace.fr\/fr\/wp-content\/uploads\/2017\/06\/P1000516.jpg 4000w, http:\/\/www.sentinelle-nature-alsace.fr\/fr\/wp-content\/uploads\/2017\/06\/P1000516-300x225.jpg 300w, http:\/\/www.sentinelle-nature-alsace.fr\/fr\/wp-content\/uploads\/2017\/06\/P1000516-768x576.jpg 768w, http:\/\/www.sentinelle-nature-alsace.fr\/fr\/wp-content\/uploads\/2017\/06\/P1000516-1024x768.jpg 1024w\" sizes=\"auto, (max-width: 360px) 100vw, 360px\" \/><\/a><p id=\"caption-attachment-8424\" class=\"wp-caption-text\">Jo\u00ebl Brunn en pleine explication des diff\u00e9rentes plantes qu&#8217;on trouve dans une mare<\/p><\/div>\n<p>&nbsp;<\/p>\n<p>Pour le moment, nous avons accueilli deux \u00e9coles diff\u00e9rentes : L&#8217;\u00e9cole St Marie ainsi que l&#8217;Enfance Maternelle, toutes deux situ\u00e9es \u00e0 Ribeauvill\u00e9.\u00a0<\/p>\n<p>Durant cette animation, nous expliquons aux enfants l&#8217;historique d&#8217;une Mare, les diff\u00e9rents animaux qu&#8217;on peut trouver comme les libellules mais aussi les grenouilles. Nous observons les eaux troubles en p\u00eachant et en faisant de dr\u00f4le de d\u00e9couverte &#8230; !<\/p>\n<p>C&#8217;est toujours un plaisir de faire d\u00e9couvrir la faune et la flore aux enfants, pour qu&#8217;ils comprennent que nous devons la pr\u00e9server !\u00a0<\/p>\n<div id=\"attachment_8426\" style=\"width: 393px\" class=\"wp-caption aligncenter\"><a href=\"http:\/\/www.sentinelle-nature-alsace.fr\/fr\/wp-content\/uploads\/2017\/06\/P1000509.jpg\"><img loading=\"lazy\" decoding=\"async\" aria-describedby=\"caption-attachment-8426\" class=\"wp-image-8426\" src=\"http:\/\/www.sentinelle-nature-alsace.fr\/fr\/wp-content\/uploads\/2017\/06\/P1000509.jpg\" alt=\"P1000509\" width=\"383\" height=\"287\" srcset=\"http:\/\/www.sentinelle-nature-alsace.fr\/fr\/wp-content\/uploads\/2017\/06\/P1000509.jpg 4000w, http:\/\/www.sentinelle-nature-alsace.fr\/fr\/wp-content\/uploads\/2017\/06\/P1000509-300x225.jpg 300w, http:\/\/www.sentinelle-nature-alsace.fr\/fr\/wp-content\/uploads\/2017\/06\/P1000509-768x576.jpg 768w, http:\/\/www.sentinelle-nature-alsace.fr\/fr\/wp-content\/uploads\/2017\/06\/P1000509-1024x768.jpg 1024w\" sizes=\"auto, (max-width: 383px) 100vw, 383px\" \/><\/a><p id=\"caption-attachment-8426\" class=\"wp-caption-text\">D\u00e9but de la pr\u00e9sentation de la Mare<\/p><\/div>\n<p>Il nous reste encore une animation pr\u00e9vu pour le mois d&#8217;ao\u00fbt. Si vous faites partie d&#8217;une \u00e9cole ou que vous travaillez avec des enfants et que l&#8217;animation vous int\u00e9resse, n&#8217;h\u00e9sitez pas \u00e0 nous contacter au 06 60 10 30 86 nous serons ravie de pouvoir r\u00e9pondre \u00e0 vos questions !\u00a0<\/p>\n","protected":false},"excerpt":{"rendered":"<p>Cette ann\u00e9e, suite \u00e0 la r\u00e9ussite de l&#8217;ann\u00e9e pr\u00e9c\u00e9dente, nous avons de nouveau r\u00e9alis\u00e9 des Animations p\u00e9dagogique autour de la Mare de Ribeauvill\u00e9. Cette animation permet aux enfants de d\u00e9couvrir le milieu de la&#46;&#46;&#46;<\/p>\n","protected":false},"author":2,"featured_media":8422,"comment_status":"open","ping_status":"open","sticky":false,"template":"","format":"image","meta":{"_s2mail":"yes","footnotes":""},"categories":[9],"tags":[17,450,451],"class_list":["post-8421","post","type-post","status-publish","format-image","has-post-thumbnail","hentry","category-vie-associative","tag-animation","tag-mare","tag-pedagogique","post_format-post-format-image"],"yoast_head":"<!-- This site is optimized with the Yoast SEO plugin v27.2 - https:\/\/yoast.com\/product\/yoast-seo-wordpress\/ -->\n<title>Animation Mare P\u00e9dagogique 2017 ! -<\/title>\n<meta name=\"robots\" content=\"index, follow, max-snippet:-1, max-image-preview:large, max-video-preview:-1\" \/>\n<link rel=\"canonical\" href=\"http:\/\/www.sentinelle-nature-alsace.fr\/fr\/animation-mare-pedagogique-2017\/\" \/>\n<meta property=\"og:locale\" content=\"fr_FR\" \/>\n<meta property=\"og:type\" content=\"article\" \/>\n<meta property=\"og:title\" content=\"Animation Mare P\u00e9dagogique 2017 ! -\" \/>\n<meta property=\"og:description\" content=\"Cette ann\u00e9e, suite \u00e0 la r\u00e9ussite de l&#8217;ann\u00e9e pr\u00e9c\u00e9dente, nous avons de nouveau r\u00e9alis\u00e9 des Animations p\u00e9dagogique autour de la Mare de Ribeauvill\u00e9. Cette animation permet aux enfants de d\u00e9couvrir le milieu de la&#046;&#046;&#046;\" \/>\n<meta property=\"og:url\" content=\"http:\/\/www.sentinelle-nature-alsace.fr\/fr\/animation-mare-pedagogique-2017\/\" \/>\n<meta property=\"article:publisher\" content=\"https:\/\/www.facebook.com\/SentinelleNatureAlsace\/about\/\" \/>\n<meta property=\"article:published_time\" content=\"2017-06-29T13:33:49+00:00\" \/>\n<meta property=\"og:image\" content=\"http:\/\/www.sentinelle-nature-alsace.fr\/fr\/wp-content\/uploads\/2017\/06\/P1000518-1024x768.jpg\" \/>\n\t<meta property=\"og:image:width\" content=\"1024\" \/>\n\t<meta property=\"og:image:height\" content=\"768\" \/>\n\t<meta property=\"og:image:type\" content=\"image\/jpeg\" \/>\n<meta name=\"author\" content=\"sna\" \/>\n<meta name=\"twitter:card\" content=\"summary_large_image\" \/>\n<meta name=\"twitter:label1\" content=\"\u00c9crit par\" \/>\n\t<meta name=\"twitter:data1\" content=\"sna\" \/>\n\t<meta name=\"twitter:label2\" content=\"Dur\u00e9e de lecture estim\u00e9e\" \/>\n\t<meta name=\"twitter:data2\" content=\"1 minute\" \/>\n<script type=\"application\/ld+json\" class=\"yoast-schema-graph\">{\"@context\":\"https:\/\/schema.org\",\"@graph\":[{\"@type\":\"Article\",\"@id\":\"http:\/\/www.sentinelle-nature-alsace.fr\/fr\/animation-mare-pedagogique-2017\/#article\",\"isPartOf\":{\"@id\":\"http:\/\/www.sentinelle-nature-alsace.fr\/fr\/animation-mare-pedagogique-2017\/\"},\"author\":{\"name\":\"sna\",\"@id\":\"https:\/\/www.sentinelle-nature-alsace.fr\/fr\/#\/schema\/person\/d5da7db0b7108726deb66dbe1719d04c\"},\"headline\":\"Animation Mare P\u00e9dagogique 2017 !\",\"datePublished\":\"2017-06-29T13:33:49+00:00\",\"mainEntityOfPage\":{\"@id\":\"http:\/\/www.sentinelle-nature-alsace.fr\/fr\/animation-mare-pedagogique-2017\/\"},\"wordCount\":252,\"commentCount\":0,\"publisher\":{\"@id\":\"https:\/\/www.sentinelle-nature-alsace.fr\/fr\/#organization\"},\"image\":{\"@id\":\"http:\/\/www.sentinelle-nature-alsace.fr\/fr\/animation-mare-pedagogique-2017\/#primaryimage\"},\"thumbnailUrl\":\"http:\/\/www.sentinelle-nature-alsace.fr\/fr\/wp-content\/uploads\/2017\/06\/P1000518.jpg\",\"keywords\":[\"animation\",\"mare\",\"p\u00e9dagogique\"],\"articleSection\":[\"Vie associative\"],\"inLanguage\":\"fr-FR\",\"potentialAction\":[{\"@type\":\"CommentAction\",\"name\":\"Comment\",\"target\":[\"http:\/\/www.sentinelle-nature-alsace.fr\/fr\/animation-mare-pedagogique-2017\/#respond\"]}]},{\"@type\":\"WebPage\",\"@id\":\"http:\/\/www.sentinelle-nature-alsace.fr\/fr\/animation-mare-pedagogique-2017\/\",\"url\":\"http:\/\/www.sentinelle-nature-alsace.fr\/fr\/animation-mare-pedagogique-2017\/\",\"name\":\"Animation Mare P\u00e9dagogique 2017 ! -\",\"isPartOf\":{\"@id\":\"https:\/\/www.sentinelle-nature-alsace.fr\/fr\/#website\"},\"primaryImageOfPage\":{\"@id\":\"http:\/\/www.sentinelle-nature-alsace.fr\/fr\/animation-mare-pedagogique-2017\/#primaryimage\"},\"image\":{\"@id\":\"http:\/\/www.sentinelle-nature-alsace.fr\/fr\/animation-mare-pedagogique-2017\/#primaryimage\"},\"thumbnailUrl\":\"http:\/\/www.sentinelle-nature-alsace.fr\/fr\/wp-content\/uploads\/2017\/06\/P1000518.jpg\",\"datePublished\":\"2017-06-29T13:33:49+00:00\",\"breadcrumb\":{\"@id\":\"http:\/\/www.sentinelle-nature-alsace.fr\/fr\/animation-mare-pedagogique-2017\/#breadcrumb\"},\"inLanguage\":\"fr-FR\",\"potentialAction\":[{\"@type\":\"ReadAction\",\"target\":[\"http:\/\/www.sentinelle-nature-alsace.fr\/fr\/animation-mare-pedagogique-2017\/\"]}]},{\"@type\":\"ImageObject\",\"inLanguage\":\"fr-FR\",\"@id\":\"http:\/\/www.sentinelle-nature-alsace.fr\/fr\/animation-mare-pedagogique-2017\/#primaryimage\",\"url\":\"http:\/\/www.sentinelle-nature-alsace.fr\/fr\/wp-content\/uploads\/2017\/06\/P1000518.jpg\",\"contentUrl\":\"http:\/\/www.sentinelle-nature-alsace.fr\/fr\/wp-content\/uploads\/2017\/06\/P1000518.jpg\",\"width\":4000,\"height\":3000},{\"@type\":\"BreadcrumbList\",\"@id\":\"http:\/\/www.sentinelle-nature-alsace.fr\/fr\/animation-mare-pedagogique-2017\/#breadcrumb\",\"itemListElement\":[{\"@type\":\"ListItem\",\"position\":1,\"name\":\"Accueil\",\"item\":\"https:\/\/www.sentinelle-nature-alsace.fr\/fr\/\"},{\"@type\":\"ListItem\",\"position\":2,\"name\":\"Animation Mare P\u00e9dagogique 2017 !\"}]},{\"@type\":\"WebSite\",\"@id\":\"https:\/\/www.sentinelle-nature-alsace.fr\/fr\/#website\",\"url\":\"https:\/\/www.sentinelle-nature-alsace.fr\/fr\/\",\"name\":\"www.sentinelle-nature-alsace.fr\",\"description\":\"\",\"publisher\":{\"@id\":\"https:\/\/www.sentinelle-nature-alsace.fr\/fr\/#organization\"},\"potentialAction\":[{\"@type\":\"SearchAction\",\"target\":{\"@type\":\"EntryPoint\",\"urlTemplate\":\"https:\/\/www.sentinelle-nature-alsace.fr\/fr\/?s={search_term_string}\"},\"query-input\":{\"@type\":\"PropertyValueSpecification\",\"valueRequired\":true,\"valueName\":\"search_term_string\"}}],\"inLanguage\":\"fr-FR\"},{\"@type\":\"Organization\",\"@id\":\"https:\/\/www.sentinelle-nature-alsace.fr\/fr\/#organization\",\"name\":\"Sentinelle Nature Alsace\",\"url\":\"https:\/\/www.sentinelle-nature-alsace.fr\/fr\/\",\"logo\":{\"@type\":\"ImageObject\",\"inLanguage\":\"fr-FR\",\"@id\":\"https:\/\/www.sentinelle-nature-alsace.fr\/fr\/#\/schema\/logo\/image\/\",\"url\":\"http:\/\/www.sentinelle-nature-alsace.fr\/fr\/wp-content\/uploads\/2024\/04\/logo-sna.jpg\",\"contentUrl\":\"http:\/\/www.sentinelle-nature-alsace.fr\/fr\/wp-content\/uploads\/2024\/04\/logo-sna.jpg\",\"width\":200,\"height\":200,\"caption\":\"Sentinelle Nature Alsace\"},\"image\":{\"@id\":\"https:\/\/www.sentinelle-nature-alsace.fr\/fr\/#\/schema\/logo\/image\/\"},\"sameAs\":[\"https:\/\/www.facebook.com\/SentinelleNatureAlsace\/about\/\",\"https:\/\/www.instagram.com\/sentinellenaturealsace\/\"]},{\"@type\":\"Person\",\"@id\":\"https:\/\/www.sentinelle-nature-alsace.fr\/fr\/#\/schema\/person\/d5da7db0b7108726deb66dbe1719d04c\",\"name\":\"sna\",\"image\":{\"@type\":\"ImageObject\",\"inLanguage\":\"fr-FR\",\"@id\":\"https:\/\/secure.gravatar.com\/avatar\/bd795a97ce40ba06e9b8d2cffddd01b49c09b3d0dd0b0cc3fc98981f023a2e08?s=96&d=mm&r=g\",\"url\":\"https:\/\/secure.gravatar.com\/avatar\/bd795a97ce40ba06e9b8d2cffddd01b49c09b3d0dd0b0cc3fc98981f023a2e08?s=96&d=mm&r=g\",\"contentUrl\":\"https:\/\/secure.gravatar.com\/avatar\/bd795a97ce40ba06e9b8d2cffddd01b49c09b3d0dd0b0cc3fc98981f023a2e08?s=96&d=mm&r=g\",\"caption\":\"sna\"},\"url\":\"http:\/\/www.sentinelle-nature-alsace.fr\/fr\/author\/sna\/\"}]}<\/script>\n<!-- \/ Yoast SEO plugin. -->","yoast_head_json":{"title":"Animation Mare P\u00e9dagogique 2017 ! -","robots":{"index":"index","follow":"follow","max-snippet":"max-snippet:-1","max-image-preview":"max-image-preview:large","max-video-preview":"max-video-preview:-1"},"canonical":"http:\/\/www.sentinelle-nature-alsace.fr\/fr\/animation-mare-pedagogique-2017\/","og_locale":"fr_FR","og_type":"article","og_title":"Animation Mare P\u00e9dagogique 2017 ! -","og_description":"Cette ann\u00e9e, suite \u00e0 la r\u00e9ussite de l&#8217;ann\u00e9e pr\u00e9c\u00e9dente, nous avons de nouveau r\u00e9alis\u00e9 des Animations p\u00e9dagogique autour de la Mare de Ribeauvill\u00e9. Cette animation permet aux enfants de d\u00e9couvrir le milieu de la&#46;&#46;&#46;","og_url":"http:\/\/www.sentinelle-nature-alsace.fr\/fr\/animation-mare-pedagogique-2017\/","article_publisher":"https:\/\/www.facebook.com\/SentinelleNatureAlsace\/about\/","article_published_time":"2017-06-29T13:33:49+00:00","og_image":[{"width":1024,"height":768,"url":"http:\/\/www.sentinelle-nature-alsace.fr\/fr\/wp-content\/uploads\/2017\/06\/P1000518-1024x768.jpg","type":"image\/jpeg"}],"author":"sna","twitter_card":"summary_large_image","twitter_misc":{"\u00c9crit par":"sna","Dur\u00e9e de lecture estim\u00e9e":"1 minute"},"schema":{"@context":"https:\/\/schema.org","@graph":[{"@type":"Article","@id":"http:\/\/www.sentinelle-nature-alsace.fr\/fr\/animation-mare-pedagogique-2017\/#article","isPartOf":{"@id":"http:\/\/www.sentinelle-nature-alsace.fr\/fr\/animation-mare-pedagogique-2017\/"},"author":{"name":"sna","@id":"https:\/\/www.sentinelle-nature-alsace.fr\/fr\/#\/schema\/person\/d5da7db0b7108726deb66dbe1719d04c"},"headline":"Animation Mare P\u00e9dagogique 2017 !","datePublished":"2017-06-29T13:33:49+00:00","mainEntityOfPage":{"@id":"http:\/\/www.sentinelle-nature-alsace.fr\/fr\/animation-mare-pedagogique-2017\/"},"wordCount":252,"commentCount":0,"publisher":{"@id":"https:\/\/www.sentinelle-nature-alsace.fr\/fr\/#organization"},"image":{"@id":"http:\/\/www.sentinelle-nature-alsace.fr\/fr\/animation-mare-pedagogique-2017\/#primaryimage"},"thumbnailUrl":"http:\/\/www.sentinelle-nature-alsace.fr\/fr\/wp-content\/uploads\/2017\/06\/P1000518.jpg","keywords":["animation","mare","p\u00e9dagogique"],"articleSection":["Vie associative"],"inLanguage":"fr-FR","potentialAction":[{"@type":"CommentAction","name":"Comment","target":["http:\/\/www.sentinelle-nature-alsace.fr\/fr\/animation-mare-pedagogique-2017\/#respond"]}]},{"@type":"WebPage","@id":"http:\/\/www.sentinelle-nature-alsace.fr\/fr\/animation-mare-pedagogique-2017\/","url":"http:\/\/www.sentinelle-nature-alsace.fr\/fr\/animation-mare-pedagogique-2017\/","name":"Animation Mare P\u00e9dagogique 2017 ! -","isPartOf":{"@id":"https:\/\/www.sentinelle-nature-alsace.fr\/fr\/#website"},"primaryImageOfPage":{"@id":"http:\/\/www.sentinelle-nature-alsace.fr\/fr\/animation-mare-pedagogique-2017\/#primaryimage"},"image":{"@id":"http:\/\/www.sentinelle-nature-alsace.fr\/fr\/animation-mare-pedagogique-2017\/#primaryimage"},"thumbnailUrl":"http:\/\/www.sentinelle-nature-alsace.fr\/fr\/wp-content\/uploads\/2017\/06\/P1000518.jpg","datePublished":"2017-06-29T13:33:49+00:00","breadcrumb":{"@id":"http:\/\/www.sentinelle-nature-alsace.fr\/fr\/animation-mare-pedagogique-2017\/#breadcrumb"},"inLanguage":"fr-FR","potentialAction":[{"@type":"ReadAction","target":["http:\/\/www.sentinelle-nature-alsace.fr\/fr\/animation-mare-pedagogique-2017\/"]}]},{"@type":"ImageObject","inLanguage":"fr-FR","@id":"http:\/\/www.sentinelle-nature-alsace.fr\/fr\/animation-mare-pedagogique-2017\/#primaryimage","url":"http:\/\/www.sentinelle-nature-alsace.fr\/fr\/wp-content\/uploads\/2017\/06\/P1000518.jpg","contentUrl":"http:\/\/www.sentinelle-nature-alsace.fr\/fr\/wp-content\/uploads\/2017\/06\/P1000518.jpg","width":4000,"height":3000},{"@type":"BreadcrumbList","@id":"http:\/\/www.sentinelle-nature-alsace.fr\/fr\/animation-mare-pedagogique-2017\/#breadcrumb","itemListElement":[{"@type":"ListItem","position":1,"name":"Accueil","item":"https:\/\/www.sentinelle-nature-alsace.fr\/fr\/"},{"@type":"ListItem","position":2,"name":"Animation Mare P\u00e9dagogique 2017 !"}]},{"@type":"WebSite","@id":"https:\/\/www.sentinelle-nature-alsace.fr\/fr\/#website","url":"https:\/\/www.sentinelle-nature-alsace.fr\/fr\/","name":"www.sentinelle-nature-alsace.fr","description":"","publisher":{"@id":"https:\/\/www.sentinelle-nature-alsace.fr\/fr\/#organization"},"potentialAction":[{"@type":"SearchAction","target":{"@type":"EntryPoint","urlTemplate":"https:\/\/www.sentinelle-nature-alsace.fr\/fr\/?s={search_term_string}"},"query-input":{"@type":"PropertyValueSpecification","valueRequired":true,"valueName":"search_term_string"}}],"inLanguage":"fr-FR"},{"@type":"Organization","@id":"https:\/\/www.sentinelle-nature-alsace.fr\/fr\/#organization","name":"Sentinelle Nature Alsace","url":"https:\/\/www.sentinelle-nature-alsace.fr\/fr\/","logo":{"@type":"ImageObject","inLanguage":"fr-FR","@id":"https:\/\/www.sentinelle-nature-alsace.fr\/fr\/#\/schema\/logo\/image\/","url":"http:\/\/www.sentinelle-nature-alsace.fr\/fr\/wp-content\/uploads\/2024\/04\/logo-sna.jpg","contentUrl":"http:\/\/www.sentinelle-nature-alsace.fr\/fr\/wp-content\/uploads\/2024\/04\/logo-sna.jpg","width":200,"height":200,"caption":"Sentinelle Nature Alsace"},"image":{"@id":"https:\/\/www.sentinelle-nature-alsace.fr\/fr\/#\/schema\/logo\/image\/"},"sameAs":["https:\/\/www.facebook.com\/SentinelleNatureAlsace\/about\/","https:\/\/www.instagram.com\/sentinellenaturealsace\/"]},{"@type":"Person","@id":"https:\/\/www.sentinelle-nature-alsace.fr\/fr\/#\/schema\/person\/d5da7db0b7108726deb66dbe1719d04c","name":"sna","image":{"@type":"ImageObject","inLanguage":"fr-FR","@id":"https:\/\/secure.gravatar.com\/avatar\/bd795a97ce40ba06e9b8d2cffddd01b49c09b3d0dd0b0cc3fc98981f023a2e08?s=96&d=mm&r=g","url":"https:\/\/secure.gravatar.com\/avatar\/bd795a97ce40ba06e9b8d2cffddd01b49c09b3d0dd0b0cc3fc98981f023a2e08?s=96&d=mm&r=g","contentUrl":"https:\/\/secure.gravatar.com\/avatar\/bd795a97ce40ba06e9b8d2cffddd01b49c09b3d0dd0b0cc3fc98981f023a2e08?s=96&d=mm&r=g","caption":"sna"},"url":"http:\/\/www.sentinelle-nature-alsace.fr\/fr\/author\/sna\/"}]}},"_links":{"self":[{"href":"http:\/\/www.sentinelle-nature-alsace.fr\/fr\/wp-json\/wp\/v2\/posts\/8421","targetHints":{"allow":["GET"]}}],"collection":[{"href":"http:\/\/www.sentinelle-nature-alsace.fr\/fr\/wp-json\/wp\/v2\/posts"}],"about":[{"href":"http:\/\/www.sentinelle-nature-alsace.fr\/fr\/wp-json\/wp\/v2\/types\/post"}],"author":[{"embeddable":true,"href":"http:\/\/www.sentinelle-nature-alsace.fr\/fr\/wp-json\/wp\/v2\/users\/2"}],"replies":[{"embeddable":true,"href":"http:\/\/www.sentinelle-nature-alsace.fr\/fr\/wp-json\/wp\/v2\/comments?post=8421"}],"version-history":[{"count":4,"href":"http:\/\/www.sentinelle-nature-alsace.fr\/fr\/wp-json\/wp\/v2\/posts\/8421\/revisions"}],"predecessor-version":[{"id":8428,"href":"http:\/\/www.sentinelle-nature-alsace.fr\/fr\/wp-json\/wp\/v2\/posts\/8421\/revisions\/8428"}],"wp:featuredmedia":[{"embeddable":true,"href":"http:\/\/www.sentinelle-nature-alsace.fr\/fr\/wp-json\/wp\/v2\/media\/8422"}],"wp:attachment":[{"href":"http:\/\/www.sentinelle-nature-alsace.fr\/fr\/wp-json\/wp\/v2\/media?parent=8421"}],"wp:term":[{"taxonomy":"category","embeddable":true,"href":"http:\/\/www.sentinelle-nature-alsace.fr\/fr\/wp-json\/wp\/v2\/categories?post=8421"},{"taxonomy":"post_tag","embeddable":true,"href":"http:\/\/www.sentinelle-nature-alsace.fr\/fr\/wp-json\/wp\/v2\/tags?post=8421"}],"curies":[{"name":"wp","href":"https:\/\/api.w.org\/{rel}","templated":true}]}}