{"id":7577,"date":"2016-04-18T15:49:16","date_gmt":"2016-04-18T14:49:16","guid":{"rendered":"http:\/\/www.sentinelle-nature-alsace.fr\/fr\/?p=7577"},"modified":"2016-04-24T10:26:28","modified_gmt":"2016-04-24T09:26:28","slug":"accueils-semaine-15-2016","status":"publish","type":"post","link":"http:\/\/www.sentinelle-nature-alsace.fr\/fr\/accueils-semaine-15-2016\/","title":{"rendered":"Accueils semaine 15"},"content":{"rendered":"<p>Cette semaine nous avons accueilli :<br \/> &#8211; 1 Pipistrelle commune bless\u00e9e \u00e0 l&#8217;aile, qui s&#8217;\u00e9tait\u00a0r\u00e9fugi\u00e9e dans un volet roulant et s&#8217;es retrouv\u00e9e coinc\u00e9e par celui-ci.<br \/> &#8211; 1 H\u00e9ron cendr\u00e9 qui est arriv\u00e9 avec plusieurs fractures aux pattes.<br \/> &#8211; 1 Faucon cr\u00e9cerelle bless\u00e9 sous son aile, qui est encore en soins au Centre de la LPO.<\/p>\n","protected":false},"excerpt":{"rendered":"<p>Cette semaine nous avons accueilli : &#8211; 1 Pipistrelle commune bless\u00e9e \u00e0 l&#8217;aile, qui s&#8217;\u00e9tait\u00a0r\u00e9fugi\u00e9e dans un volet roulant et s&#8217;es retrouv\u00e9e coinc\u00e9e par celui-ci. &#8211; 1 H\u00e9ron cendr\u00e9 qui est arriv\u00e9 avec plusieurs&#46;&#46;&#46;<\/p>\n","protected":false},"author":2,"featured_media":7607,"comment_status":"open","ping_status":"open","sticky":false,"template":"","format":"image","meta":{"_s2mail":"yes","footnotes":""},"categories":[2],"tags":[93,282,292],"class_list":["post-7577","post","type-post","status-publish","format-image","has-post-thumbnail","hentry","category-animaux-detresse","tag-faucon-crecerelle","tag-heron-cendre","tag-pipistrelle-commune","post_format-post-format-image"],"yoast_head":"<!-- This site is optimized with the Yoast SEO plugin v27.2 - https:\/\/yoast.com\/product\/yoast-seo-wordpress\/ -->\n<title>Accueils semaine 15 -<\/title>\n<meta name=\"robots\" content=\"index, follow, max-snippet:-1, max-image-preview:large, max-video-preview:-1\" \/>\n<link rel=\"canonical\" href=\"http:\/\/www.sentinelle-nature-alsace.fr\/fr\/accueils-semaine-15-2016\/\" \/>\n<meta property=\"og:locale\" content=\"fr_FR\" \/>\n<meta property=\"og:type\" content=\"article\" \/>\n<meta property=\"og:title\" content=\"Accueils semaine 15 -\" \/>\n<meta property=\"og:description\" content=\"Cette semaine nous avons accueilli : &#8211; 1 Pipistrelle commune bless\u00e9e \u00e0 l&#8217;aile, qui s&#8217;\u00e9tait\u00a0r\u00e9fugi\u00e9e dans un volet roulant et s&#8217;es retrouv\u00e9e coinc\u00e9e par celui-ci. &#8211; 1 H\u00e9ron cendr\u00e9 qui est arriv\u00e9 avec plusieurs&#046;&#046;&#046;\" \/>\n<meta property=\"og:url\" content=\"http:\/\/www.sentinelle-nature-alsace.fr\/fr\/accueils-semaine-15-2016\/\" \/>\n<meta property=\"article:publisher\" content=\"https:\/\/www.facebook.com\/SentinelleNatureAlsace\/about\/\" \/>\n<meta property=\"article:published_time\" content=\"2016-04-18T14:49:16+00:00\" \/>\n<meta property=\"article:modified_time\" content=\"2016-04-24T09:26:28+00:00\" \/>\n<meta property=\"og:image\" content=\"http:\/\/www.sentinelle-nature-alsace.fr\/fr\/wp-content\/uploads\/2016\/04\/20160412_172336-e1461422910924.jpg\" \/>\n\t<meta property=\"og:image:width\" content=\"712\" \/>\n\t<meta property=\"og:image:height\" content=\"478\" \/>\n\t<meta property=\"og:image:type\" content=\"image\/jpeg\" \/>\n<meta name=\"author\" content=\"sna\" \/>\n<meta name=\"twitter:card\" content=\"summary_large_image\" \/>\n<meta name=\"twitter:label1\" content=\"\u00c9crit par\" \/>\n\t<meta name=\"twitter:data1\" content=\"sna\" \/>\n<script type=\"application\/ld+json\" class=\"yoast-schema-graph\">{\"@context\":\"https:\/\/schema.org\",\"@graph\":[{\"@type\":\"Article\",\"@id\":\"http:\/\/www.sentinelle-nature-alsace.fr\/fr\/accueils-semaine-15-2016\/#article\",\"isPartOf\":{\"@id\":\"http:\/\/www.sentinelle-nature-alsace.fr\/fr\/accueils-semaine-15-2016\/\"},\"author\":{\"name\":\"sna\",\"@id\":\"https:\/\/www.sentinelle-nature-alsace.fr\/fr\/#\/schema\/person\/d5da7db0b7108726deb66dbe1719d04c\"},\"headline\":\"Accueils semaine 15\",\"datePublished\":\"2016-04-18T14:49:16+00:00\",\"dateModified\":\"2016-04-24T09:26:28+00:00\",\"mainEntityOfPage\":{\"@id\":\"http:\/\/www.sentinelle-nature-alsace.fr\/fr\/accueils-semaine-15-2016\/\"},\"wordCount\":61,\"commentCount\":0,\"publisher\":{\"@id\":\"https:\/\/www.sentinelle-nature-alsace.fr\/fr\/#organization\"},\"image\":{\"@id\":\"http:\/\/www.sentinelle-nature-alsace.fr\/fr\/accueils-semaine-15-2016\/#primaryimage\"},\"thumbnailUrl\":\"http:\/\/www.sentinelle-nature-alsace.fr\/fr\/wp-content\/uploads\/2016\/04\/20160412_172336-e1461422910924.jpg\",\"keywords\":[\"faucon cr\u00e9cerelle\",\"H\u00e9ron cendr\u00e9\",\"Pipistrelle commune\"],\"articleSection\":[\"Accueil Animaux\"],\"inLanguage\":\"fr-FR\",\"potentialAction\":[{\"@type\":\"CommentAction\",\"name\":\"Comment\",\"target\":[\"http:\/\/www.sentinelle-nature-alsace.fr\/fr\/accueils-semaine-15-2016\/#respond\"]}]},{\"@type\":\"WebPage\",\"@id\":\"http:\/\/www.sentinelle-nature-alsace.fr\/fr\/accueils-semaine-15-2016\/\",\"url\":\"http:\/\/www.sentinelle-nature-alsace.fr\/fr\/accueils-semaine-15-2016\/\",\"name\":\"Accueils semaine 15 -\",\"isPartOf\":{\"@id\":\"https:\/\/www.sentinelle-nature-alsace.fr\/fr\/#website\"},\"primaryImageOfPage\":{\"@id\":\"http:\/\/www.sentinelle-nature-alsace.fr\/fr\/accueils-semaine-15-2016\/#primaryimage\"},\"image\":{\"@id\":\"http:\/\/www.sentinelle-nature-alsace.fr\/fr\/accueils-semaine-15-2016\/#primaryimage\"},\"thumbnailUrl\":\"http:\/\/www.sentinelle-nature-alsace.fr\/fr\/wp-content\/uploads\/2016\/04\/20160412_172336-e1461422910924.jpg\",\"datePublished\":\"2016-04-18T14:49:16+00:00\",\"dateModified\":\"2016-04-24T09:26:28+00:00\",\"breadcrumb\":{\"@id\":\"http:\/\/www.sentinelle-nature-alsace.fr\/fr\/accueils-semaine-15-2016\/#breadcrumb\"},\"inLanguage\":\"fr-FR\",\"potentialAction\":[{\"@type\":\"ReadAction\",\"target\":[\"http:\/\/www.sentinelle-nature-alsace.fr\/fr\/accueils-semaine-15-2016\/\"]}]},{\"@type\":\"ImageObject\",\"inLanguage\":\"fr-FR\",\"@id\":\"http:\/\/www.sentinelle-nature-alsace.fr\/fr\/accueils-semaine-15-2016\/#primaryimage\",\"url\":\"http:\/\/www.sentinelle-nature-alsace.fr\/fr\/wp-content\/uploads\/2016\/04\/20160412_172336-e1461422910924.jpg\",\"contentUrl\":\"http:\/\/www.sentinelle-nature-alsace.fr\/fr\/wp-content\/uploads\/2016\/04\/20160412_172336-e1461422910924.jpg\",\"width\":712,\"height\":478},{\"@type\":\"BreadcrumbList\",\"@id\":\"http:\/\/www.sentinelle-nature-alsace.fr\/fr\/accueils-semaine-15-2016\/#breadcrumb\",\"itemListElement\":[{\"@type\":\"ListItem\",\"position\":1,\"name\":\"Accueil\",\"item\":\"https:\/\/www.sentinelle-nature-alsace.fr\/fr\/\"},{\"@type\":\"ListItem\",\"position\":2,\"name\":\"Accueils semaine 15\"}]},{\"@type\":\"WebSite\",\"@id\":\"https:\/\/www.sentinelle-nature-alsace.fr\/fr\/#website\",\"url\":\"https:\/\/www.sentinelle-nature-alsace.fr\/fr\/\",\"name\":\"www.sentinelle-nature-alsace.fr\",\"description\":\"\",\"publisher\":{\"@id\":\"https:\/\/www.sentinelle-nature-alsace.fr\/fr\/#organization\"},\"potentialAction\":[{\"@type\":\"SearchAction\",\"target\":{\"@type\":\"EntryPoint\",\"urlTemplate\":\"https:\/\/www.sentinelle-nature-alsace.fr\/fr\/?s={search_term_string}\"},\"query-input\":{\"@type\":\"PropertyValueSpecification\",\"valueRequired\":true,\"valueName\":\"search_term_string\"}}],\"inLanguage\":\"fr-FR\"},{\"@type\":\"Organization\",\"@id\":\"https:\/\/www.sentinelle-nature-alsace.fr\/fr\/#organization\",\"name\":\"Sentinelle Nature Alsace\",\"url\":\"https:\/\/www.sentinelle-nature-alsace.fr\/fr\/\",\"logo\":{\"@type\":\"ImageObject\",\"inLanguage\":\"fr-FR\",\"@id\":\"https:\/\/www.sentinelle-nature-alsace.fr\/fr\/#\/schema\/logo\/image\/\",\"url\":\"http:\/\/www.sentinelle-nature-alsace.fr\/fr\/wp-content\/uploads\/2024\/04\/logo-sna.jpg\",\"contentUrl\":\"http:\/\/www.sentinelle-nature-alsace.fr\/fr\/wp-content\/uploads\/2024\/04\/logo-sna.jpg\",\"width\":200,\"height\":200,\"caption\":\"Sentinelle Nature Alsace\"},\"image\":{\"@id\":\"https:\/\/www.sentinelle-nature-alsace.fr\/fr\/#\/schema\/logo\/image\/\"},\"sameAs\":[\"https:\/\/www.facebook.com\/SentinelleNatureAlsace\/about\/\",\"https:\/\/www.instagram.com\/sentinellenaturealsace\/\"]},{\"@type\":\"Person\",\"@id\":\"https:\/\/www.sentinelle-nature-alsace.fr\/fr\/#\/schema\/person\/d5da7db0b7108726deb66dbe1719d04c\",\"name\":\"sna\",\"image\":{\"@type\":\"ImageObject\",\"inLanguage\":\"fr-FR\",\"@id\":\"https:\/\/secure.gravatar.com\/avatar\/bd795a97ce40ba06e9b8d2cffddd01b49c09b3d0dd0b0cc3fc98981f023a2e08?s=96&d=mm&r=g\",\"url\":\"https:\/\/secure.gravatar.com\/avatar\/bd795a97ce40ba06e9b8d2cffddd01b49c09b3d0dd0b0cc3fc98981f023a2e08?s=96&d=mm&r=g\",\"contentUrl\":\"https:\/\/secure.gravatar.com\/avatar\/bd795a97ce40ba06e9b8d2cffddd01b49c09b3d0dd0b0cc3fc98981f023a2e08?s=96&d=mm&r=g\",\"caption\":\"sna\"},\"url\":\"http:\/\/www.sentinelle-nature-alsace.fr\/fr\/author\/sna\/\"}]}<\/script>\n<!-- \/ Yoast SEO plugin. -->","yoast_head_json":{"title":"Accueils semaine 15 -","robots":{"index":"index","follow":"follow","max-snippet":"max-snippet:-1","max-image-preview":"max-image-preview:large","max-video-preview":"max-video-preview:-1"},"canonical":"http:\/\/www.sentinelle-nature-alsace.fr\/fr\/accueils-semaine-15-2016\/","og_locale":"fr_FR","og_type":"article","og_title":"Accueils semaine 15 -","og_description":"Cette semaine nous avons accueilli : &#8211; 1 Pipistrelle commune bless\u00e9e \u00e0 l&#8217;aile, qui s&#8217;\u00e9tait\u00a0r\u00e9fugi\u00e9e dans un volet roulant et s&#8217;es retrouv\u00e9e coinc\u00e9e par celui-ci. &#8211; 1 H\u00e9ron cendr\u00e9 qui est arriv\u00e9 avec plusieurs&#46;&#46;&#46;","og_url":"http:\/\/www.sentinelle-nature-alsace.fr\/fr\/accueils-semaine-15-2016\/","article_publisher":"https:\/\/www.facebook.com\/SentinelleNatureAlsace\/about\/","article_published_time":"2016-04-18T14:49:16+00:00","article_modified_time":"2016-04-24T09:26:28+00:00","og_image":[{"width":712,"height":478,"url":"http:\/\/www.sentinelle-nature-alsace.fr\/fr\/wp-content\/uploads\/2016\/04\/20160412_172336-e1461422910924.jpg","type":"image\/jpeg"}],"author":"sna","twitter_card":"summary_large_image","twitter_misc":{"\u00c9crit par":"sna"},"schema":{"@context":"https:\/\/schema.org","@graph":[{"@type":"Article","@id":"http:\/\/www.sentinelle-nature-alsace.fr\/fr\/accueils-semaine-15-2016\/#article","isPartOf":{"@id":"http:\/\/www.sentinelle-nature-alsace.fr\/fr\/accueils-semaine-15-2016\/"},"author":{"name":"sna","@id":"https:\/\/www.sentinelle-nature-alsace.fr\/fr\/#\/schema\/person\/d5da7db0b7108726deb66dbe1719d04c"},"headline":"Accueils semaine 15","datePublished":"2016-04-18T14:49:16+00:00","dateModified":"2016-04-24T09:26:28+00:00","mainEntityOfPage":{"@id":"http:\/\/www.sentinelle-nature-alsace.fr\/fr\/accueils-semaine-15-2016\/"},"wordCount":61,"commentCount":0,"publisher":{"@id":"https:\/\/www.sentinelle-nature-alsace.fr\/fr\/#organization"},"image":{"@id":"http:\/\/www.sentinelle-nature-alsace.fr\/fr\/accueils-semaine-15-2016\/#primaryimage"},"thumbnailUrl":"http:\/\/www.sentinelle-nature-alsace.fr\/fr\/wp-content\/uploads\/2016\/04\/20160412_172336-e1461422910924.jpg","keywords":["faucon cr\u00e9cerelle","H\u00e9ron cendr\u00e9","Pipistrelle commune"],"articleSection":["Accueil Animaux"],"inLanguage":"fr-FR","potentialAction":[{"@type":"CommentAction","name":"Comment","target":["http:\/\/www.sentinelle-nature-alsace.fr\/fr\/accueils-semaine-15-2016\/#respond"]}]},{"@type":"WebPage","@id":"http:\/\/www.sentinelle-nature-alsace.fr\/fr\/accueils-semaine-15-2016\/","url":"http:\/\/www.sentinelle-nature-alsace.fr\/fr\/accueils-semaine-15-2016\/","name":"Accueils semaine 15 -","isPartOf":{"@id":"https:\/\/www.sentinelle-nature-alsace.fr\/fr\/#website"},"primaryImageOfPage":{"@id":"http:\/\/www.sentinelle-nature-alsace.fr\/fr\/accueils-semaine-15-2016\/#primaryimage"},"image":{"@id":"http:\/\/www.sentinelle-nature-alsace.fr\/fr\/accueils-semaine-15-2016\/#primaryimage"},"thumbnailUrl":"http:\/\/www.sentinelle-nature-alsace.fr\/fr\/wp-content\/uploads\/2016\/04\/20160412_172336-e1461422910924.jpg","datePublished":"2016-04-18T14:49:16+00:00","dateModified":"2016-04-24T09:26:28+00:00","breadcrumb":{"@id":"http:\/\/www.sentinelle-nature-alsace.fr\/fr\/accueils-semaine-15-2016\/#breadcrumb"},"inLanguage":"fr-FR","potentialAction":[{"@type":"ReadAction","target":["http:\/\/www.sentinelle-nature-alsace.fr\/fr\/accueils-semaine-15-2016\/"]}]},{"@type":"ImageObject","inLanguage":"fr-FR","@id":"http:\/\/www.sentinelle-nature-alsace.fr\/fr\/accueils-semaine-15-2016\/#primaryimage","url":"http:\/\/www.sentinelle-nature-alsace.fr\/fr\/wp-content\/uploads\/2016\/04\/20160412_172336-e1461422910924.jpg","contentUrl":"http:\/\/www.sentinelle-nature-alsace.fr\/fr\/wp-content\/uploads\/2016\/04\/20160412_172336-e1461422910924.jpg","width":712,"height":478},{"@type":"BreadcrumbList","@id":"http:\/\/www.sentinelle-nature-alsace.fr\/fr\/accueils-semaine-15-2016\/#breadcrumb","itemListElement":[{"@type":"ListItem","position":1,"name":"Accueil","item":"https:\/\/www.sentinelle-nature-alsace.fr\/fr\/"},{"@type":"ListItem","position":2,"name":"Accueils semaine 15"}]},{"@type":"WebSite","@id":"https:\/\/www.sentinelle-nature-alsace.fr\/fr\/#website","url":"https:\/\/www.sentinelle-nature-alsace.fr\/fr\/","name":"www.sentinelle-nature-alsace.fr","description":"","publisher":{"@id":"https:\/\/www.sentinelle-nature-alsace.fr\/fr\/#organization"},"potentialAction":[{"@type":"SearchAction","target":{"@type":"EntryPoint","urlTemplate":"https:\/\/www.sentinelle-nature-alsace.fr\/fr\/?s={search_term_string}"},"query-input":{"@type":"PropertyValueSpecification","valueRequired":true,"valueName":"search_term_string"}}],"inLanguage":"fr-FR"},{"@type":"Organization","@id":"https:\/\/www.sentinelle-nature-alsace.fr\/fr\/#organization","name":"Sentinelle Nature Alsace","url":"https:\/\/www.sentinelle-nature-alsace.fr\/fr\/","logo":{"@type":"ImageObject","inLanguage":"fr-FR","@id":"https:\/\/www.sentinelle-nature-alsace.fr\/fr\/#\/schema\/logo\/image\/","url":"http:\/\/www.sentinelle-nature-alsace.fr\/fr\/wp-content\/uploads\/2024\/04\/logo-sna.jpg","contentUrl":"http:\/\/www.sentinelle-nature-alsace.fr\/fr\/wp-content\/uploads\/2024\/04\/logo-sna.jpg","width":200,"height":200,"caption":"Sentinelle Nature Alsace"},"image":{"@id":"https:\/\/www.sentinelle-nature-alsace.fr\/fr\/#\/schema\/logo\/image\/"},"sameAs":["https:\/\/www.facebook.com\/SentinelleNatureAlsace\/about\/","https:\/\/www.instagram.com\/sentinellenaturealsace\/"]},{"@type":"Person","@id":"https:\/\/www.sentinelle-nature-alsace.fr\/fr\/#\/schema\/person\/d5da7db0b7108726deb66dbe1719d04c","name":"sna","image":{"@type":"ImageObject","inLanguage":"fr-FR","@id":"https:\/\/secure.gravatar.com\/avatar\/bd795a97ce40ba06e9b8d2cffddd01b49c09b3d0dd0b0cc3fc98981f023a2e08?s=96&d=mm&r=g","url":"https:\/\/secure.gravatar.com\/avatar\/bd795a97ce40ba06e9b8d2cffddd01b49c09b3d0dd0b0cc3fc98981f023a2e08?s=96&d=mm&r=g","contentUrl":"https:\/\/secure.gravatar.com\/avatar\/bd795a97ce40ba06e9b8d2cffddd01b49c09b3d0dd0b0cc3fc98981f023a2e08?s=96&d=mm&r=g","caption":"sna"},"url":"http:\/\/www.sentinelle-nature-alsace.fr\/fr\/author\/sna\/"}]}},"_links":{"self":[{"href":"http:\/\/www.sentinelle-nature-alsace.fr\/fr\/wp-json\/wp\/v2\/posts\/7577","targetHints":{"allow":["GET"]}}],"collection":[{"href":"http:\/\/www.sentinelle-nature-alsace.fr\/fr\/wp-json\/wp\/v2\/posts"}],"about":[{"href":"http:\/\/www.sentinelle-nature-alsace.fr\/fr\/wp-json\/wp\/v2\/types\/post"}],"author":[{"embeddable":true,"href":"http:\/\/www.sentinelle-nature-alsace.fr\/fr\/wp-json\/wp\/v2\/users\/2"}],"replies":[{"embeddable":true,"href":"http:\/\/www.sentinelle-nature-alsace.fr\/fr\/wp-json\/wp\/v2\/comments?post=7577"}],"version-history":[{"count":2,"href":"http:\/\/www.sentinelle-nature-alsace.fr\/fr\/wp-json\/wp\/v2\/posts\/7577\/revisions"}],"predecessor-version":[{"id":7606,"href":"http:\/\/www.sentinelle-nature-alsace.fr\/fr\/wp-json\/wp\/v2\/posts\/7577\/revisions\/7606"}],"wp:featuredmedia":[{"embeddable":true,"href":"http:\/\/www.sentinelle-nature-alsace.fr\/fr\/wp-json\/wp\/v2\/media\/7607"}],"wp:attachment":[{"href":"http:\/\/www.sentinelle-nature-alsace.fr\/fr\/wp-json\/wp\/v2\/media?parent=7577"}],"wp:term":[{"taxonomy":"category","embeddable":true,"href":"http:\/\/www.sentinelle-nature-alsace.fr\/fr\/wp-json\/wp\/v2\/categories?post=7577"},{"taxonomy":"post_tag","embeddable":true,"href":"http:\/\/www.sentinelle-nature-alsace.fr\/fr\/wp-json\/wp\/v2\/tags?post=7577"}],"curies":[{"name":"wp","href":"https:\/\/api.w.org\/{rel}","templated":true}]}}