{"id":7450,"date":"2016-08-21T11:31:12","date_gmt":"2016-08-21T10:31:12","guid":{"rendered":"http:\/\/www.sentinelle-nature-alsace.fr\/fr\/?p=7450"},"modified":"2016-08-21T11:31:12","modified_gmt":"2016-08-21T10:31:12","slug":"la-cheveche-dathena","status":"publish","type":"post","link":"http:\/\/www.sentinelle-nature-alsace.fr\/fr\/la-cheveche-dathena\/","title":{"rendered":"La Chev\u00eache d&#8217;Ath\u00e9na"},"content":{"rendered":"<p>Avec ses yeux dor\u00e9s, sa petite taille et ses mimiques amusantes, la chev\u00eache d\u2019Ath\u00e9na laisse rarement insensible.\u00a0<\/p>\n<p>Dans l&#8217;Antiquit\u00e9 grecque, la Chev\u00eache d&#8217;Ath\u00e9na \u00e9tait l&#8217;attribut d&#8217;Ath\u00e9na, d\u00e9esse de la Sagesse,\u00a0dont elle est l&#8217;animal symbolique, c&#8217;est de la que lui vient son nom, elle est le symbole de la Connaissance (la sagesse mais aussi la science).<\/p>\n<h2>Carte d&#8217;identit\u00e9<\/h2>\n<p>De la taille d&#8217;un merle, la Chev\u00eache d\u2019Ath\u00e9na fait partie des rapaces nocturnes les plus petits de France.\u00a0De couleur brun roux, elle est ponctu\u00e9e de t\u00e2ches cr\u00e8me \u00e0 l\u2019exception de sa gorge claire visible lorsque l\u2019oiseau est dress\u00e9. A l\u2019arri\u00e8re de la nuque, elle pr\u00e9sente un V blanch\u00e2tre.<\/p>\n<p><a href=\"http:\/\/www.sentinelle-nature-alsace.fr\/fr\/wp-content\/uploads\/2016\/08\/IMG_3026-e1471770555365.jpg\"><img loading=\"lazy\" decoding=\"async\" class=\"aligncenter wp-image-8042\" src=\"http:\/\/www.sentinelle-nature-alsace.fr\/fr\/wp-content\/uploads\/2016\/08\/IMG_3026-e1471770555365.jpg\" width=\"1024\" height=\"768\" \/><\/a><\/p>\n<ul>\n<li><strong>Envergure :<\/strong> 60 cm<\/li>\n<li><strong>Longueur :<\/strong> 22 cm<\/li>\n<li><strong>Poids :<\/strong> Femelle : 200 g, m\u00e2le : 185 g.<\/li>\n<li><strong>Dimorphisme sexuel :<\/strong> Il n\u2019est pas possible de diff\u00e9rencier le m\u00e2le de la femelle gr\u00e2ce \u00e0 leur plumage mais le m\u00e2le poss\u00e8de g\u00e9n\u00e9ralement une face blanche plus claire, et il est g\u00e9n\u00e9ralement plus petit que la femelle.<\/li>\n<li><strong>Voix :<\/strong> La chev\u00eache poss\u00e8de vingt-deux cris et chants diff\u00e9rents, dont les plus typiques sont pouss\u00e9s pendant la saison des amours.<\/li>\n<\/ul>\n<p>Parade : <audio src=\"http:\/\/www.noctua.org\/chantparade2.wav\" controls=\"controls\">  <\/p>\n<ul>\n<li><strong>Dur\u00e9e de vie :<\/strong> 10-12 ans en milieu naturel et 18 ans en captivit\u00e9.<\/li>\n<li><strong>Mue :<\/strong> La mue compl\u00e8te de la chev\u00eache se d\u00e9roule entre ao\u00fbt et novembre.<\/li>\n<li>S\u00e9dentaire.<\/li>\n<\/ul>\n<h2 id=\"idancre2\" class=\"ancre\">Habitat<\/h2>\n<div class=\"ancre\">\n<p>La Chev\u00eache d\u2019Ath\u00e9na occupe une grande diversit\u00e9 d\u2019habitats.\u00a0Elle est intimement li\u00e9e \u00e0 des paysages qui tendent \u00e0 dispara\u00eetre en France : bocages avec haies d&#8217;arbres t\u00eatards, milieux ouverts, vieux vergers.<\/p>\n<p>L\u2019ensemble des habitats occup\u00e9s par la Chev\u00eache a pour point commun de pr\u00e9senter un climat peu rigoureux permettant le maintien de l\u2019esp\u00e8ce en hiver avec notamment une abondance de proies disponibles.\u00a0Ces habitats doivent aussi comporter des cavit\u00e9s pour la nidification, des perchoirs permettant \u00e0 l\u2019esp\u00e8ce de chasser \u00e0 l\u2019aff\u00fbt et doivent pr\u00e9senter une pression de pr\u00e9dation limit\u00e9e sur les jeunes. La pr\u00e9sence d\u2019herbage \u00e0 proximit\u00e9 des sites de nidification semble d\u00e9terminante pour l\u2019esp\u00e8ce.\u00a0Elle reste fid\u00e8le au m\u00eame logement d&#8217;ann\u00e9e en ann\u00e9e et peut m\u00eame nicher dans des terriers de lapin.<\/p>\n<h2>Reproduction<\/h2>\n<p>Territoriale, la chev\u00eache se reproduit dans une grande diversit\u00e9 de cavit\u00e9s. C&#8217;est une esp\u00e8ce monogame et un couple ne se d\u00e9fait que si l&#8217;un des partenaires dispara\u00eet. Le lieu de reproduction est propos\u00e9 par le m\u00e2le et adopt\u00e9 par la femelle. Il varie \u00e9norm\u00e9ment, allant de troncs d\u2019arbres creux \u00e0 des toits de granges ou diverses habitations. Les chev\u00eaches y logent de f\u00e9vrier \u00e0 mai. La ponte a lieu en avril\/mai (voire jusqu&#8217;\u00e0 d\u00e9but juin dans certaines r\u00e9gions de France) de deux \u00e0 cinq \u0153ufs blancs. Certains \u0153ufs peuvent ne pas \u00e9clore (pour diverses raisons : destruction, abandon de nid, \u0153ufs non f\u00e9cond\u00e9s, d\u00e9faut de couvaison\u2026). La femelle couve seule pendant 28 jours environ pendant lesquels le m\u00e2le assurera le nourrissage.\u00a0<\/p>\n\n\t\t<style type=\"text\/css\">\n\t\t\t#gallery-1 {\n\t\t\t\tmargin: auto;\n\t\t\t}\n\t\t\t#gallery-1 .gallery-item {\n\t\t\t\tfloat: left;\n\t\t\t\tmargin-top: 10px;\n\t\t\t\ttext-align: center;\n\t\t\t\twidth: 33%;\n\t\t\t}\n\t\t\t#gallery-1 img {\n\t\t\t\tborder: 2px solid #cfcfcf;\n\t\t\t}\n\t\t\t#gallery-1 .gallery-caption {\n\t\t\t\tmargin-left: 0;\n\t\t\t}\n\t\t\t\/* see gallery_shortcode() in wp-includes\/media.php *\/\n\t\t<\/style>\n\t\t<div id='gallery-1' class='gallery galleryid-7450 gallery-columns-3 gallery-size-thumbnail'><dl class='gallery-item'>\n\t\t\t<dt class='gallery-icon landscape'>\n\t\t\t\t<a href='http:\/\/www.sentinelle-nature-alsace.fr\/fr\/wp-content\/uploads\/2016\/08\/IMG_2083-e1471771737583.jpg'><img loading=\"lazy\" decoding=\"async\" width=\"150\" height=\"150\" src=\"http:\/\/www.sentinelle-nature-alsace.fr\/fr\/wp-content\/uploads\/2016\/08\/IMG_2083-150x150.jpg\" class=\"attachment-thumbnail size-thumbnail no-lazy\" alt=\"\" srcset=\"http:\/\/www.sentinelle-nature-alsace.fr\/fr\/wp-content\/uploads\/2016\/08\/IMG_2083-150x150.jpg 150w, http:\/\/www.sentinelle-nature-alsace.fr\/fr\/wp-content\/uploads\/2016\/08\/IMG_2083-160x160.jpg 160w\" sizes=\"auto, (max-width: 150px) 100vw, 150px\" \/><\/a>\n\t\t\t<\/dt><\/dl>\n\t\t\t<br style='clear: both' \/>\n\t\t<\/div>\n\n<p>Les jeunes sont nourris par les deux parents pendant les deux premi\u00e8res semaines, puis d\u00e9p\u00e8cent tout seuls les proies apport\u00e9es au nid, s\u2019envolent d\u00e8s l\u2019\u00e2ge de cinq semaines et peuvent continuer \u00e0 loger dans le lieu de reproduction des parents bien apr\u00e8s leur d\u00e9part. Ils seront \u00e0 m\u00eame de s\u2019accoupler d\u00e8s la prochaine saison de reproduction.<\/p>\n<h2>R\u00e9gime alimentaire<\/h2>\n<p>La Chev\u00eache d\u2019Ath\u00e9na chasse \u00e0 l\u2019aff\u00fbt depuis un perchoir ou en vol sur place et capture ses proies au sol. Son r\u00e9gime alimentaire varie en fonction des habitats, au cours des saisons et d\u00e9pend \u00e9galement de la sp\u00e9cialisation de certains individus.<br \/>    Il est compos\u00e9 principalement de 4 cat\u00e9gories : les micro-mammif\u00e8res, les oiseaux, les insectes et les lombrics. Lorsque l\u2019on regarde de plus pr\u00e8s son r\u00e9gime alimentaire, on peut se rendre compte que les campagnols et mammif\u00e8res en constituent plus de 80 %, compl\u00e9t\u00e9s par des proies plus petites, telles les reptiles ou insectes (dans le Midi, les insectes repr\u00e9sentent 80% de son r\u00e9gime au printemps et en \u00e9t\u00e9).<br \/>    La chev\u00eache a besoin de 50 \u00e0 80 g de nourriture par jour. Comme elle avale ses proies toute enti\u00e8res, son organisme doit faire une s\u00e9lection naturelle durant la digestion et, ainsi, rejeter des pelotes de quelques centim\u00e8tres contenant des \u00e9l\u00e9ments non comestibles (os, poils, etc.), appel\u00e9es \u00ab pelotes de r\u00e9jection \u00bb.<\/p>\n<\/p><\/div>\n<h2>Agir en faveur de la Chev\u00eache d\u2019Ath\u00e9na<\/h2>\n<p>Sauver la chev\u00eache, c\u2019est d\u00e9fendre un cadre de vie sain et favoriser une agriculture respectueuse. Elle apporte une aide aux agriculteurs, aux jardiniers en se nourrissant d\u2019insectes et de petits mammif\u00e8res qui eux-m\u00eames mangent cultures et l\u00e9gumes. Ce qu\u2019on peut faire pour la voir encore longtemps dans\u00a0nos campagnes :<\/p>\n<ul>\n<ul>\n<ul>\n<ul>\n<li>Entretenir les arbres t\u00eatards et les arbres fruitiers,<\/li>\n<li>Conserver et planter des haies,<\/li>\n<li>Sauvegarder les arbres morts,<\/li>\n<li>Maintenir des prairies naturelles,<\/li>\n<li>Limiter autant que possible l\u2019usage de pesticides,<\/li>\n<li>Poser des nichoirs,<\/li>\n<li>Installer des syst\u00e8mes anti-noyade dans les abreuvoirs,<\/li>\n<li>R\u00e9aliser des fauches diff\u00e9r\u00e9es,<\/li>\n<li>Conserver des cavit\u00e9s dans les b\u00e2timents.<\/li>\n<\/ul>\n<\/ul>\n<\/ul>\n<\/ul>\n<p><a href=\"http:\/\/www.sentinelle-nature-alsace.fr\/fr\/wp-content\/uploads\/2016\/08\/IMG_2154.jpg\"><img loading=\"lazy\" decoding=\"async\" class=\"aligncenter wp-image-8041\" src=\"http:\/\/www.sentinelle-nature-alsace.fr\/fr\/wp-content\/uploads\/2016\/08\/IMG_2154.jpg\" width=\"1024\" height=\"768\" \/><\/a><\/p>\n<p>Nous tenons \u00e0 remercier Mr. Claude ABRY, membre du <a href=\"https:\/\/alsace.lpo.fr\/index.php\/les-groupes-thematiques\">Groupe Chev\u00eache 68<\/a>, pour nous avoir fourni les photos et de pr\u00e9cieuses informations !<\/p>\n<p>  <\/audio><\/p>\n","protected":false},"excerpt":{"rendered":"<p>Avec ses yeux dor\u00e9s, sa petite taille et ses mimiques amusantes, la chev\u00eache d\u2019Ath\u00e9na laisse rarement insensible.\u00a0 Dans l&#8217;Antiquit\u00e9 grecque, la Chev\u00eache d&#8217;Ath\u00e9na \u00e9tait l&#8217;attribut d&#8217;Ath\u00e9na, d\u00e9esse de la Sagesse,\u00a0dont elle est l&#8217;animal symbolique,&#46;&#46;&#46;<\/p>\n","protected":false},"author":2,"featured_media":8035,"comment_status":"open","ping_status":"open","sticky":false,"template":"","format":"image","meta":{"_s2mail":"yes","footnotes":""},"categories":[6],"tags":[],"class_list":["post-7450","post","type-post","status-publish","format-image","has-post-thumbnail","hentry","category-infos-nature","post_format-post-format-image"],"yoast_head":"<!-- This site is optimized with the Yoast SEO plugin v27.2 - https:\/\/yoast.com\/product\/yoast-seo-wordpress\/ -->\n<title>La Chev\u00eache d&#039;Ath\u00e9na -<\/title>\n<meta name=\"robots\" content=\"index, follow, max-snippet:-1, max-image-preview:large, max-video-preview:-1\" \/>\n<link rel=\"canonical\" href=\"http:\/\/www.sentinelle-nature-alsace.fr\/fr\/la-cheveche-dathena\/\" \/>\n<meta property=\"og:locale\" content=\"fr_FR\" \/>\n<meta property=\"og:type\" content=\"article\" \/>\n<meta property=\"og:title\" content=\"La Chev\u00eache d&#039;Ath\u00e9na -\" \/>\n<meta property=\"og:description\" content=\"Avec ses yeux dor\u00e9s, sa petite taille et ses mimiques amusantes, la chev\u00eache d\u2019Ath\u00e9na laisse rarement insensible.\u00a0 Dans l&#8217;Antiquit\u00e9 grecque, la Chev\u00eache d&#8217;Ath\u00e9na \u00e9tait l&#8217;attribut d&#8217;Ath\u00e9na, d\u00e9esse de la Sagesse,\u00a0dont elle est l&#8217;animal symbolique,&#046;&#046;&#046;\" \/>\n<meta property=\"og:url\" content=\"http:\/\/www.sentinelle-nature-alsace.fr\/fr\/la-cheveche-dathena\/\" \/>\n<meta property=\"article:publisher\" content=\"https:\/\/www.facebook.com\/SentinelleNatureAlsace\/about\/\" \/>\n<meta property=\"article:published_time\" content=\"2016-08-21T10:31:12+00:00\" \/>\n<meta property=\"og:image\" content=\"http:\/\/www.sentinelle-nature-alsace.fr\/fr\/wp-content\/uploads\/2016\/08\/IMG_2927-e1471769875595.jpg\" \/>\n\t<meta property=\"og:image:width\" content=\"1197\" \/>\n\t<meta property=\"og:image:height\" content=\"681\" \/>\n\t<meta property=\"og:image:type\" content=\"image\/jpeg\" \/>\n<meta name=\"author\" content=\"sna\" \/>\n<meta name=\"twitter:card\" content=\"summary_large_image\" \/>\n<meta name=\"twitter:label1\" content=\"\u00c9crit par\" \/>\n\t<meta name=\"twitter:data1\" content=\"sna\" \/>\n\t<meta name=\"twitter:label2\" content=\"Dur\u00e9e de lecture estim\u00e9e\" \/>\n\t<meta name=\"twitter:data2\" content=\"5 minutes\" \/>\n<script type=\"application\/ld+json\" class=\"yoast-schema-graph\">{\"@context\":\"https:\/\/schema.org\",\"@graph\":[{\"@type\":\"Article\",\"@id\":\"http:\/\/www.sentinelle-nature-alsace.fr\/fr\/la-cheveche-dathena\/#article\",\"isPartOf\":{\"@id\":\"http:\/\/www.sentinelle-nature-alsace.fr\/fr\/la-cheveche-dathena\/\"},\"author\":{\"name\":\"sna\",\"@id\":\"https:\/\/www.sentinelle-nature-alsace.fr\/fr\/#\/schema\/person\/d5da7db0b7108726deb66dbe1719d04c\"},\"headline\":\"La Chev\u00eache d&#8217;Ath\u00e9na\",\"datePublished\":\"2016-08-21T10:31:12+00:00\",\"mainEntityOfPage\":{\"@id\":\"http:\/\/www.sentinelle-nature-alsace.fr\/fr\/la-cheveche-dathena\/\"},\"wordCount\":919,\"commentCount\":0,\"publisher\":{\"@id\":\"https:\/\/www.sentinelle-nature-alsace.fr\/fr\/#organization\"},\"image\":{\"@id\":\"http:\/\/www.sentinelle-nature-alsace.fr\/fr\/la-cheveche-dathena\/#primaryimage\"},\"thumbnailUrl\":\"http:\/\/www.sentinelle-nature-alsace.fr\/fr\/wp-content\/uploads\/2016\/08\/IMG_2927-e1471769875595.jpg\",\"articleSection\":[\"Informations Naturalistes\"],\"inLanguage\":\"fr-FR\",\"potentialAction\":[{\"@type\":\"CommentAction\",\"name\":\"Comment\",\"target\":[\"http:\/\/www.sentinelle-nature-alsace.fr\/fr\/la-cheveche-dathena\/#respond\"]}]},{\"@type\":\"WebPage\",\"@id\":\"http:\/\/www.sentinelle-nature-alsace.fr\/fr\/la-cheveche-dathena\/\",\"url\":\"http:\/\/www.sentinelle-nature-alsace.fr\/fr\/la-cheveche-dathena\/\",\"name\":\"La Chev\u00eache d'Ath\u00e9na -\",\"isPartOf\":{\"@id\":\"https:\/\/www.sentinelle-nature-alsace.fr\/fr\/#website\"},\"primaryImageOfPage\":{\"@id\":\"http:\/\/www.sentinelle-nature-alsace.fr\/fr\/la-cheveche-dathena\/#primaryimage\"},\"image\":{\"@id\":\"http:\/\/www.sentinelle-nature-alsace.fr\/fr\/la-cheveche-dathena\/#primaryimage\"},\"thumbnailUrl\":\"http:\/\/www.sentinelle-nature-alsace.fr\/fr\/wp-content\/uploads\/2016\/08\/IMG_2927-e1471769875595.jpg\",\"datePublished\":\"2016-08-21T10:31:12+00:00\",\"breadcrumb\":{\"@id\":\"http:\/\/www.sentinelle-nature-alsace.fr\/fr\/la-cheveche-dathena\/#breadcrumb\"},\"inLanguage\":\"fr-FR\",\"potentialAction\":[{\"@type\":\"ReadAction\",\"target\":[\"http:\/\/www.sentinelle-nature-alsace.fr\/fr\/la-cheveche-dathena\/\"]}]},{\"@type\":\"ImageObject\",\"inLanguage\":\"fr-FR\",\"@id\":\"http:\/\/www.sentinelle-nature-alsace.fr\/fr\/la-cheveche-dathena\/#primaryimage\",\"url\":\"http:\/\/www.sentinelle-nature-alsace.fr\/fr\/wp-content\/uploads\/2016\/08\/IMG_2927-e1471769875595.jpg\",\"contentUrl\":\"http:\/\/www.sentinelle-nature-alsace.fr\/fr\/wp-content\/uploads\/2016\/08\/IMG_2927-e1471769875595.jpg\",\"width\":1197,\"height\":681},{\"@type\":\"BreadcrumbList\",\"@id\":\"http:\/\/www.sentinelle-nature-alsace.fr\/fr\/la-cheveche-dathena\/#breadcrumb\",\"itemListElement\":[{\"@type\":\"ListItem\",\"position\":1,\"name\":\"Accueil\",\"item\":\"https:\/\/www.sentinelle-nature-alsace.fr\/fr\/\"},{\"@type\":\"ListItem\",\"position\":2,\"name\":\"La Chev\u00eache d&#8217;Ath\u00e9na\"}]},{\"@type\":\"WebSite\",\"@id\":\"https:\/\/www.sentinelle-nature-alsace.fr\/fr\/#website\",\"url\":\"https:\/\/www.sentinelle-nature-alsace.fr\/fr\/\",\"name\":\"www.sentinelle-nature-alsace.fr\",\"description\":\"\",\"publisher\":{\"@id\":\"https:\/\/www.sentinelle-nature-alsace.fr\/fr\/#organization\"},\"potentialAction\":[{\"@type\":\"SearchAction\",\"target\":{\"@type\":\"EntryPoint\",\"urlTemplate\":\"https:\/\/www.sentinelle-nature-alsace.fr\/fr\/?s={search_term_string}\"},\"query-input\":{\"@type\":\"PropertyValueSpecification\",\"valueRequired\":true,\"valueName\":\"search_term_string\"}}],\"inLanguage\":\"fr-FR\"},{\"@type\":\"Organization\",\"@id\":\"https:\/\/www.sentinelle-nature-alsace.fr\/fr\/#organization\",\"name\":\"Sentinelle Nature Alsace\",\"url\":\"https:\/\/www.sentinelle-nature-alsace.fr\/fr\/\",\"logo\":{\"@type\":\"ImageObject\",\"inLanguage\":\"fr-FR\",\"@id\":\"https:\/\/www.sentinelle-nature-alsace.fr\/fr\/#\/schema\/logo\/image\/\",\"url\":\"http:\/\/www.sentinelle-nature-alsace.fr\/fr\/wp-content\/uploads\/2024\/04\/logo-sna.jpg\",\"contentUrl\":\"http:\/\/www.sentinelle-nature-alsace.fr\/fr\/wp-content\/uploads\/2024\/04\/logo-sna.jpg\",\"width\":200,\"height\":200,\"caption\":\"Sentinelle Nature Alsace\"},\"image\":{\"@id\":\"https:\/\/www.sentinelle-nature-alsace.fr\/fr\/#\/schema\/logo\/image\/\"},\"sameAs\":[\"https:\/\/www.facebook.com\/SentinelleNatureAlsace\/about\/\",\"https:\/\/www.instagram.com\/sentinellenaturealsace\/\"]},{\"@type\":\"Person\",\"@id\":\"https:\/\/www.sentinelle-nature-alsace.fr\/fr\/#\/schema\/person\/d5da7db0b7108726deb66dbe1719d04c\",\"name\":\"sna\",\"image\":{\"@type\":\"ImageObject\",\"inLanguage\":\"fr-FR\",\"@id\":\"https:\/\/secure.gravatar.com\/avatar\/bd795a97ce40ba06e9b8d2cffddd01b49c09b3d0dd0b0cc3fc98981f023a2e08?s=96&d=mm&r=g\",\"url\":\"https:\/\/secure.gravatar.com\/avatar\/bd795a97ce40ba06e9b8d2cffddd01b49c09b3d0dd0b0cc3fc98981f023a2e08?s=96&d=mm&r=g\",\"contentUrl\":\"https:\/\/secure.gravatar.com\/avatar\/bd795a97ce40ba06e9b8d2cffddd01b49c09b3d0dd0b0cc3fc98981f023a2e08?s=96&d=mm&r=g\",\"caption\":\"sna\"},\"url\":\"http:\/\/www.sentinelle-nature-alsace.fr\/fr\/author\/sna\/\"}]}<\/script>\n<!-- \/ Yoast SEO plugin. -->","yoast_head_json":{"title":"La Chev\u00eache d'Ath\u00e9na -","robots":{"index":"index","follow":"follow","max-snippet":"max-snippet:-1","max-image-preview":"max-image-preview:large","max-video-preview":"max-video-preview:-1"},"canonical":"http:\/\/www.sentinelle-nature-alsace.fr\/fr\/la-cheveche-dathena\/","og_locale":"fr_FR","og_type":"article","og_title":"La Chev\u00eache d'Ath\u00e9na -","og_description":"Avec ses yeux dor\u00e9s, sa petite taille et ses mimiques amusantes, la chev\u00eache d\u2019Ath\u00e9na laisse rarement insensible.\u00a0 Dans l&#8217;Antiquit\u00e9 grecque, la Chev\u00eache d&#8217;Ath\u00e9na \u00e9tait l&#8217;attribut d&#8217;Ath\u00e9na, d\u00e9esse de la Sagesse,\u00a0dont elle est l&#8217;animal symbolique,&#46;&#46;&#46;","og_url":"http:\/\/www.sentinelle-nature-alsace.fr\/fr\/la-cheveche-dathena\/","article_publisher":"https:\/\/www.facebook.com\/SentinelleNatureAlsace\/about\/","article_published_time":"2016-08-21T10:31:12+00:00","og_image":[{"width":1197,"height":681,"url":"http:\/\/www.sentinelle-nature-alsace.fr\/fr\/wp-content\/uploads\/2016\/08\/IMG_2927-e1471769875595.jpg","type":"image\/jpeg"}],"author":"sna","twitter_card":"summary_large_image","twitter_misc":{"\u00c9crit par":"sna","Dur\u00e9e de lecture estim\u00e9e":"5 minutes"},"schema":{"@context":"https:\/\/schema.org","@graph":[{"@type":"Article","@id":"http:\/\/www.sentinelle-nature-alsace.fr\/fr\/la-cheveche-dathena\/#article","isPartOf":{"@id":"http:\/\/www.sentinelle-nature-alsace.fr\/fr\/la-cheveche-dathena\/"},"author":{"name":"sna","@id":"https:\/\/www.sentinelle-nature-alsace.fr\/fr\/#\/schema\/person\/d5da7db0b7108726deb66dbe1719d04c"},"headline":"La Chev\u00eache d&#8217;Ath\u00e9na","datePublished":"2016-08-21T10:31:12+00:00","mainEntityOfPage":{"@id":"http:\/\/www.sentinelle-nature-alsace.fr\/fr\/la-cheveche-dathena\/"},"wordCount":919,"commentCount":0,"publisher":{"@id":"https:\/\/www.sentinelle-nature-alsace.fr\/fr\/#organization"},"image":{"@id":"http:\/\/www.sentinelle-nature-alsace.fr\/fr\/la-cheveche-dathena\/#primaryimage"},"thumbnailUrl":"http:\/\/www.sentinelle-nature-alsace.fr\/fr\/wp-content\/uploads\/2016\/08\/IMG_2927-e1471769875595.jpg","articleSection":["Informations Naturalistes"],"inLanguage":"fr-FR","potentialAction":[{"@type":"CommentAction","name":"Comment","target":["http:\/\/www.sentinelle-nature-alsace.fr\/fr\/la-cheveche-dathena\/#respond"]}]},{"@type":"WebPage","@id":"http:\/\/www.sentinelle-nature-alsace.fr\/fr\/la-cheveche-dathena\/","url":"http:\/\/www.sentinelle-nature-alsace.fr\/fr\/la-cheveche-dathena\/","name":"La Chev\u00eache d'Ath\u00e9na -","isPartOf":{"@id":"https:\/\/www.sentinelle-nature-alsace.fr\/fr\/#website"},"primaryImageOfPage":{"@id":"http:\/\/www.sentinelle-nature-alsace.fr\/fr\/la-cheveche-dathena\/#primaryimage"},"image":{"@id":"http:\/\/www.sentinelle-nature-alsace.fr\/fr\/la-cheveche-dathena\/#primaryimage"},"thumbnailUrl":"http:\/\/www.sentinelle-nature-alsace.fr\/fr\/wp-content\/uploads\/2016\/08\/IMG_2927-e1471769875595.jpg","datePublished":"2016-08-21T10:31:12+00:00","breadcrumb":{"@id":"http:\/\/www.sentinelle-nature-alsace.fr\/fr\/la-cheveche-dathena\/#breadcrumb"},"inLanguage":"fr-FR","potentialAction":[{"@type":"ReadAction","target":["http:\/\/www.sentinelle-nature-alsace.fr\/fr\/la-cheveche-dathena\/"]}]},{"@type":"ImageObject","inLanguage":"fr-FR","@id":"http:\/\/www.sentinelle-nature-alsace.fr\/fr\/la-cheveche-dathena\/#primaryimage","url":"http:\/\/www.sentinelle-nature-alsace.fr\/fr\/wp-content\/uploads\/2016\/08\/IMG_2927-e1471769875595.jpg","contentUrl":"http:\/\/www.sentinelle-nature-alsace.fr\/fr\/wp-content\/uploads\/2016\/08\/IMG_2927-e1471769875595.jpg","width":1197,"height":681},{"@type":"BreadcrumbList","@id":"http:\/\/www.sentinelle-nature-alsace.fr\/fr\/la-cheveche-dathena\/#breadcrumb","itemListElement":[{"@type":"ListItem","position":1,"name":"Accueil","item":"https:\/\/www.sentinelle-nature-alsace.fr\/fr\/"},{"@type":"ListItem","position":2,"name":"La Chev\u00eache d&#8217;Ath\u00e9na"}]},{"@type":"WebSite","@id":"https:\/\/www.sentinelle-nature-alsace.fr\/fr\/#website","url":"https:\/\/www.sentinelle-nature-alsace.fr\/fr\/","name":"www.sentinelle-nature-alsace.fr","description":"","publisher":{"@id":"https:\/\/www.sentinelle-nature-alsace.fr\/fr\/#organization"},"potentialAction":[{"@type":"SearchAction","target":{"@type":"EntryPoint","urlTemplate":"https:\/\/www.sentinelle-nature-alsace.fr\/fr\/?s={search_term_string}"},"query-input":{"@type":"PropertyValueSpecification","valueRequired":true,"valueName":"search_term_string"}}],"inLanguage":"fr-FR"},{"@type":"Organization","@id":"https:\/\/www.sentinelle-nature-alsace.fr\/fr\/#organization","name":"Sentinelle Nature Alsace","url":"https:\/\/www.sentinelle-nature-alsace.fr\/fr\/","logo":{"@type":"ImageObject","inLanguage":"fr-FR","@id":"https:\/\/www.sentinelle-nature-alsace.fr\/fr\/#\/schema\/logo\/image\/","url":"http:\/\/www.sentinelle-nature-alsace.fr\/fr\/wp-content\/uploads\/2024\/04\/logo-sna.jpg","contentUrl":"http:\/\/www.sentinelle-nature-alsace.fr\/fr\/wp-content\/uploads\/2024\/04\/logo-sna.jpg","width":200,"height":200,"caption":"Sentinelle Nature Alsace"},"image":{"@id":"https:\/\/www.sentinelle-nature-alsace.fr\/fr\/#\/schema\/logo\/image\/"},"sameAs":["https:\/\/www.facebook.com\/SentinelleNatureAlsace\/about\/","https:\/\/www.instagram.com\/sentinellenaturealsace\/"]},{"@type":"Person","@id":"https:\/\/www.sentinelle-nature-alsace.fr\/fr\/#\/schema\/person\/d5da7db0b7108726deb66dbe1719d04c","name":"sna","image":{"@type":"ImageObject","inLanguage":"fr-FR","@id":"https:\/\/secure.gravatar.com\/avatar\/bd795a97ce40ba06e9b8d2cffddd01b49c09b3d0dd0b0cc3fc98981f023a2e08?s=96&d=mm&r=g","url":"https:\/\/secure.gravatar.com\/avatar\/bd795a97ce40ba06e9b8d2cffddd01b49c09b3d0dd0b0cc3fc98981f023a2e08?s=96&d=mm&r=g","contentUrl":"https:\/\/secure.gravatar.com\/avatar\/bd795a97ce40ba06e9b8d2cffddd01b49c09b3d0dd0b0cc3fc98981f023a2e08?s=96&d=mm&r=g","caption":"sna"},"url":"http:\/\/www.sentinelle-nature-alsace.fr\/fr\/author\/sna\/"}]}},"_links":{"self":[{"href":"http:\/\/www.sentinelle-nature-alsace.fr\/fr\/wp-json\/wp\/v2\/posts\/7450","targetHints":{"allow":["GET"]}}],"collection":[{"href":"http:\/\/www.sentinelle-nature-alsace.fr\/fr\/wp-json\/wp\/v2\/posts"}],"about":[{"href":"http:\/\/www.sentinelle-nature-alsace.fr\/fr\/wp-json\/wp\/v2\/types\/post"}],"author":[{"embeddable":true,"href":"http:\/\/www.sentinelle-nature-alsace.fr\/fr\/wp-json\/wp\/v2\/users\/2"}],"replies":[{"embeddable":true,"href":"http:\/\/www.sentinelle-nature-alsace.fr\/fr\/wp-json\/wp\/v2\/comments?post=7450"}],"version-history":[{"count":25,"href":"http:\/\/www.sentinelle-nature-alsace.fr\/fr\/wp-json\/wp\/v2\/posts\/7450\/revisions"}],"predecessor-version":[{"id":8058,"href":"http:\/\/www.sentinelle-nature-alsace.fr\/fr\/wp-json\/wp\/v2\/posts\/7450\/revisions\/8058"}],"wp:featuredmedia":[{"embeddable":true,"href":"http:\/\/www.sentinelle-nature-alsace.fr\/fr\/wp-json\/wp\/v2\/media\/8035"}],"wp:attachment":[{"href":"http:\/\/www.sentinelle-nature-alsace.fr\/fr\/wp-json\/wp\/v2\/media?parent=7450"}],"wp:term":[{"taxonomy":"category","embeddable":true,"href":"http:\/\/www.sentinelle-nature-alsace.fr\/fr\/wp-json\/wp\/v2\/categories?post=7450"},{"taxonomy":"post_tag","embeddable":true,"href":"http:\/\/www.sentinelle-nature-alsace.fr\/fr\/wp-json\/wp\/v2\/tags?post=7450"}],"curies":[{"name":"wp","href":"https:\/\/api.w.org\/{rel}","templated":true}]}}