{"id":7276,"date":"2015-10-20T22:42:07","date_gmt":"2015-10-20T21:42:07","guid":{"rendered":"http:\/\/www.sentinelle-nature-alsace.fr\/fr\/?p=7276"},"modified":"2015-10-20T22:46:31","modified_gmt":"2015-10-20T21:46:31","slug":"accueils-semaine-42-2015","status":"publish","type":"post","link":"http:\/\/www.sentinelle-nature-alsace.fr\/fr\/accueils-semaine-42-2015\/","title":{"rendered":"Accueils Semaine 42"},"content":{"rendered":"<p>Le Centre Relais retrouve peu \u00e0 peu un rythme automnal avec seulement 6 accueils pour cette semaine : 1 Grive musicienne,\u00a01 Geai des ch\u00eanes,\u00a01 H\u00e9risson d&#8217;Europe,\u00a01 Rougegorge familier,\u00a0<br \/> 1 Pigeon et\u00a01 Merle noir.<\/p>\n<p>&nbsp;<\/p>\n<p><strong>Le Geai des Ch\u00eanes, bruyante sentinelle de la\u00a0for\u00eat aux yeux bleus !<\/strong><\/p>\n<p>Si comme\u00a0la plupart des oiseaux, le geai manque d&#8217;odorat, en revanche, sa vue est excellente et son ou\u00efe, tr\u00e8s fine. Il n&#8217;a pas son pareil pour d\u00e9tecter la pr\u00e9sence d&#8217;un intrus et alerter ses partenaires par ses criaillements v\u00e9h\u00e9ments. Nombre d&#8217;autres esp\u00e8ces ont d&#8217;ailleurs appris \u00e0 se dissimuler en l&#8217;entendant.\u00a0<\/p>\n<p>Toujours sur le qui-vive, en v\u00e9ritables sentinelles de la for\u00eat, les vocalisations du Geai consistent surtout en cris rauques, tra\u00een\u00e9s, enrou\u00e9s, chuintants, voire souffl\u00e9s, et il est aussi capable de pots-pourris vari\u00e9s, surtout lors des rassemblements printaniers. La femelle \u00e9met alors des sons rythmiques et cliquetants, qui rappellent les castagnettes. Dans le secteur du nid, l&#8217;oiseau fredonne un babil tr\u00e8s doux, riche en sons modul\u00e9s. Comme d&#8217;autres corvid\u00e9s, le geai est dou\u00e9 pour les imitations. Il reproduit les cris de quantit\u00e9 d&#8217;autres oiseaux, et certains bruits de machines et de klaxons de voiture figurent m\u00eame \u00e0 son r\u00e9pertoire.\u00a0<\/p>\n<p>&nbsp;<\/p>\n<p><strong>Ecoutez le cri du geai !<\/strong><\/p>\n<p><object id=\"dewplayer\" data=\"http:\/\/www.c-danslair.com\/cdslr2\/plugins\/content\/josdewplayer\/dewplayer.swf\" type=\"application\/x-shockwave-flash\" name=\"dewplayer\" width=\"200\" height=\"20\"><param name=\"wmode\" value=\"transparent\" \/><param name=\"movie\" value=\"http:\/\/www.c-danslair.com\/cdslr2\/plugins\/content\/josdewplayer\/dewplayer.swf\" \/><param name=\"flashvars\" value=\"mp3=http:\/\/www.c-danslair.com\/cdslr2\/\/images\/stories\/audio\/geai-chenes.mp3&amp;autostart=0&amp;autoreplay=0&amp;showtime=1\" \/><\/object><\/p>\n","protected":false},"excerpt":{"rendered":"<p>Le Centre Relais retrouve peu \u00e0 peu un rythme automnal avec seulement 6 accueils pour cette semaine : 1 Grive musicienne,\u00a01 Geai des ch\u00eanes,\u00a01 H\u00e9risson d&#8217;Europe,\u00a01 Rougegorge familier,\u00a0 1 Pigeon et\u00a01 Merle noir. &nbsp;&#46;&#46;&#46;<\/p>\n","protected":false},"author":2,"featured_media":7277,"comment_status":"open","ping_status":"open","sticky":false,"template":"","format":"image","meta":{"_s2mail":"yes","footnotes":""},"categories":[2],"tags":[103,360,298,155,202,230],"class_list":["post-7276","post","type-post","status-publish","format-image","has-post-thumbnail","hentry","category-animaux-detresse","tag-geai-des-chenes","tag-grive-musicienne","tag-herisson-deurope","tag-merle-noir","tag-pigeon","tag-rouge-gorge","post_format-post-format-image"],"yoast_head":"<!-- This site is optimized with the Yoast SEO plugin v27.2 - https:\/\/yoast.com\/product\/yoast-seo-wordpress\/ -->\n<title>Accueils Semaine 42 -<\/title>\n<meta name=\"robots\" content=\"index, follow, max-snippet:-1, max-image-preview:large, max-video-preview:-1\" \/>\n<link rel=\"canonical\" href=\"https:\/\/www.sentinelle-nature-alsace.fr\/fr\/accueils-semaine-42-2015\/\" \/>\n<meta property=\"og:locale\" content=\"fr_FR\" \/>\n<meta property=\"og:type\" content=\"article\" \/>\n<meta property=\"og:title\" content=\"Accueils Semaine 42 -\" \/>\n<meta property=\"og:description\" content=\"Le Centre Relais retrouve peu \u00e0 peu un rythme automnal avec seulement 6 accueils pour cette semaine : 1 Grive musicienne,\u00a01 Geai des ch\u00eanes,\u00a01 H\u00e9risson d&#8217;Europe,\u00a01 Rougegorge familier,\u00a0 1 Pigeon et\u00a01 Merle noir. &nbsp;&#046;&#046;&#046;\" \/>\n<meta property=\"og:url\" content=\"https:\/\/www.sentinelle-nature-alsace.fr\/fr\/accueils-semaine-42-2015\/\" \/>\n<meta property=\"article:publisher\" content=\"https:\/\/www.facebook.com\/SentinelleNatureAlsace\/about\/\" \/>\n<meta property=\"article:published_time\" content=\"2015-10-20T21:42:07+00:00\" \/>\n<meta property=\"article:modified_time\" content=\"2015-10-20T21:46:31+00:00\" \/>\n<meta property=\"og:image\" content=\"https:\/\/www.sentinelle-nature-alsace.fr\/fr\/wp-content\/uploads\/2015\/10\/geai-e1445376865124.jpg\" \/>\n\t<meta property=\"og:image:width\" content=\"789\" \/>\n\t<meta property=\"og:image:height\" content=\"512\" \/>\n\t<meta property=\"og:image:type\" content=\"image\/jpeg\" \/>\n<meta name=\"author\" content=\"sna\" \/>\n<meta name=\"twitter:card\" content=\"summary_large_image\" \/>\n<meta name=\"twitter:label1\" content=\"\u00c9crit par\" \/>\n\t<meta name=\"twitter:data1\" content=\"sna\" \/>\n\t<meta name=\"twitter:label2\" content=\"Dur\u00e9e de lecture estim\u00e9e\" \/>\n\t<meta name=\"twitter:data2\" content=\"1 minute\" \/>\n<script type=\"application\/ld+json\" class=\"yoast-schema-graph\">{\"@context\":\"https:\/\/schema.org\",\"@graph\":[{\"@type\":\"Article\",\"@id\":\"https:\/\/www.sentinelle-nature-alsace.fr\/fr\/accueils-semaine-42-2015\/#article\",\"isPartOf\":{\"@id\":\"https:\/\/www.sentinelle-nature-alsace.fr\/fr\/accueils-semaine-42-2015\/\"},\"author\":{\"name\":\"sna\",\"@id\":\"https:\/\/www.sentinelle-nature-alsace.fr\/fr\/#\/schema\/person\/d5da7db0b7108726deb66dbe1719d04c\"},\"headline\":\"Accueils Semaine 42\",\"datePublished\":\"2015-10-20T21:42:07+00:00\",\"dateModified\":\"2015-10-20T21:46:31+00:00\",\"mainEntityOfPage\":{\"@id\":\"https:\/\/www.sentinelle-nature-alsace.fr\/fr\/accueils-semaine-42-2015\/\"},\"wordCount\":219,\"commentCount\":0,\"publisher\":{\"@id\":\"https:\/\/www.sentinelle-nature-alsace.fr\/fr\/#organization\"},\"image\":{\"@id\":\"https:\/\/www.sentinelle-nature-alsace.fr\/fr\/accueils-semaine-42-2015\/#primaryimage\"},\"thumbnailUrl\":\"http:\/\/www.sentinelle-nature-alsace.fr\/fr\/wp-content\/uploads\/2015\/10\/geai-e1445376865124.jpg\",\"keywords\":[\"geai des ch\u00eanes\",\"grive musicienne\",\"H\u00e9risson d'Europe\",\"merle noir\",\"pigeon\",\"rouge-gorge\"],\"articleSection\":[\"Accueil Animaux\"],\"inLanguage\":\"fr-FR\",\"potentialAction\":[{\"@type\":\"CommentAction\",\"name\":\"Comment\",\"target\":[\"https:\/\/www.sentinelle-nature-alsace.fr\/fr\/accueils-semaine-42-2015\/#respond\"]}]},{\"@type\":\"WebPage\",\"@id\":\"https:\/\/www.sentinelle-nature-alsace.fr\/fr\/accueils-semaine-42-2015\/\",\"url\":\"https:\/\/www.sentinelle-nature-alsace.fr\/fr\/accueils-semaine-42-2015\/\",\"name\":\"Accueils Semaine 42 -\",\"isPartOf\":{\"@id\":\"https:\/\/www.sentinelle-nature-alsace.fr\/fr\/#website\"},\"primaryImageOfPage\":{\"@id\":\"https:\/\/www.sentinelle-nature-alsace.fr\/fr\/accueils-semaine-42-2015\/#primaryimage\"},\"image\":{\"@id\":\"https:\/\/www.sentinelle-nature-alsace.fr\/fr\/accueils-semaine-42-2015\/#primaryimage\"},\"thumbnailUrl\":\"http:\/\/www.sentinelle-nature-alsace.fr\/fr\/wp-content\/uploads\/2015\/10\/geai-e1445376865124.jpg\",\"datePublished\":\"2015-10-20T21:42:07+00:00\",\"dateModified\":\"2015-10-20T21:46:31+00:00\",\"breadcrumb\":{\"@id\":\"https:\/\/www.sentinelle-nature-alsace.fr\/fr\/accueils-semaine-42-2015\/#breadcrumb\"},\"inLanguage\":\"fr-FR\",\"potentialAction\":[{\"@type\":\"ReadAction\",\"target\":[\"https:\/\/www.sentinelle-nature-alsace.fr\/fr\/accueils-semaine-42-2015\/\"]}]},{\"@type\":\"ImageObject\",\"inLanguage\":\"fr-FR\",\"@id\":\"https:\/\/www.sentinelle-nature-alsace.fr\/fr\/accueils-semaine-42-2015\/#primaryimage\",\"url\":\"http:\/\/www.sentinelle-nature-alsace.fr\/fr\/wp-content\/uploads\/2015\/10\/geai-e1445376865124.jpg\",\"contentUrl\":\"http:\/\/www.sentinelle-nature-alsace.fr\/fr\/wp-content\/uploads\/2015\/10\/geai-e1445376865124.jpg\",\"width\":789,\"height\":512},{\"@type\":\"BreadcrumbList\",\"@id\":\"https:\/\/www.sentinelle-nature-alsace.fr\/fr\/accueils-semaine-42-2015\/#breadcrumb\",\"itemListElement\":[{\"@type\":\"ListItem\",\"position\":1,\"name\":\"Accueil\",\"item\":\"https:\/\/www.sentinelle-nature-alsace.fr\/fr\/\"},{\"@type\":\"ListItem\",\"position\":2,\"name\":\"Accueils Semaine 42\"}]},{\"@type\":\"WebSite\",\"@id\":\"https:\/\/www.sentinelle-nature-alsace.fr\/fr\/#website\",\"url\":\"https:\/\/www.sentinelle-nature-alsace.fr\/fr\/\",\"name\":\"www.sentinelle-nature-alsace.fr\",\"description\":\"\",\"publisher\":{\"@id\":\"https:\/\/www.sentinelle-nature-alsace.fr\/fr\/#organization\"},\"potentialAction\":[{\"@type\":\"SearchAction\",\"target\":{\"@type\":\"EntryPoint\",\"urlTemplate\":\"https:\/\/www.sentinelle-nature-alsace.fr\/fr\/?s={search_term_string}\"},\"query-input\":{\"@type\":\"PropertyValueSpecification\",\"valueRequired\":true,\"valueName\":\"search_term_string\"}}],\"inLanguage\":\"fr-FR\"},{\"@type\":\"Organization\",\"@id\":\"https:\/\/www.sentinelle-nature-alsace.fr\/fr\/#organization\",\"name\":\"Sentinelle Nature Alsace\",\"url\":\"https:\/\/www.sentinelle-nature-alsace.fr\/fr\/\",\"logo\":{\"@type\":\"ImageObject\",\"inLanguage\":\"fr-FR\",\"@id\":\"https:\/\/www.sentinelle-nature-alsace.fr\/fr\/#\/schema\/logo\/image\/\",\"url\":\"http:\/\/www.sentinelle-nature-alsace.fr\/fr\/wp-content\/uploads\/2024\/04\/logo-sna.jpg\",\"contentUrl\":\"http:\/\/www.sentinelle-nature-alsace.fr\/fr\/wp-content\/uploads\/2024\/04\/logo-sna.jpg\",\"width\":200,\"height\":200,\"caption\":\"Sentinelle Nature Alsace\"},\"image\":{\"@id\":\"https:\/\/www.sentinelle-nature-alsace.fr\/fr\/#\/schema\/logo\/image\/\"},\"sameAs\":[\"https:\/\/www.facebook.com\/SentinelleNatureAlsace\/about\/\",\"https:\/\/www.instagram.com\/sentinellenaturealsace\/\"]},{\"@type\":\"Person\",\"@id\":\"https:\/\/www.sentinelle-nature-alsace.fr\/fr\/#\/schema\/person\/d5da7db0b7108726deb66dbe1719d04c\",\"name\":\"sna\",\"image\":{\"@type\":\"ImageObject\",\"inLanguage\":\"fr-FR\",\"@id\":\"https:\/\/secure.gravatar.com\/avatar\/bd795a97ce40ba06e9b8d2cffddd01b49c09b3d0dd0b0cc3fc98981f023a2e08?s=96&d=mm&r=g\",\"url\":\"https:\/\/secure.gravatar.com\/avatar\/bd795a97ce40ba06e9b8d2cffddd01b49c09b3d0dd0b0cc3fc98981f023a2e08?s=96&d=mm&r=g\",\"contentUrl\":\"https:\/\/secure.gravatar.com\/avatar\/bd795a97ce40ba06e9b8d2cffddd01b49c09b3d0dd0b0cc3fc98981f023a2e08?s=96&d=mm&r=g\",\"caption\":\"sna\"},\"url\":\"http:\/\/www.sentinelle-nature-alsace.fr\/fr\/author\/sna\/\"}]}<\/script>\n<!-- \/ Yoast SEO plugin. -->","yoast_head_json":{"title":"Accueils Semaine 42 -","robots":{"index":"index","follow":"follow","max-snippet":"max-snippet:-1","max-image-preview":"max-image-preview:large","max-video-preview":"max-video-preview:-1"},"canonical":"https:\/\/www.sentinelle-nature-alsace.fr\/fr\/accueils-semaine-42-2015\/","og_locale":"fr_FR","og_type":"article","og_title":"Accueils Semaine 42 -","og_description":"Le Centre Relais retrouve peu \u00e0 peu un rythme automnal avec seulement 6 accueils pour cette semaine : 1 Grive musicienne,\u00a01 Geai des ch\u00eanes,\u00a01 H\u00e9risson d&#8217;Europe,\u00a01 Rougegorge familier,\u00a0 1 Pigeon et\u00a01 Merle noir. &nbsp;&#46;&#46;&#46;","og_url":"https:\/\/www.sentinelle-nature-alsace.fr\/fr\/accueils-semaine-42-2015\/","article_publisher":"https:\/\/www.facebook.com\/SentinelleNatureAlsace\/about\/","article_published_time":"2015-10-20T21:42:07+00:00","article_modified_time":"2015-10-20T21:46:31+00:00","og_image":[{"width":789,"height":512,"url":"https:\/\/www.sentinelle-nature-alsace.fr\/fr\/wp-content\/uploads\/2015\/10\/geai-e1445376865124.jpg","type":"image\/jpeg"}],"author":"sna","twitter_card":"summary_large_image","twitter_misc":{"\u00c9crit par":"sna","Dur\u00e9e de lecture estim\u00e9e":"1 minute"},"schema":{"@context":"https:\/\/schema.org","@graph":[{"@type":"Article","@id":"https:\/\/www.sentinelle-nature-alsace.fr\/fr\/accueils-semaine-42-2015\/#article","isPartOf":{"@id":"https:\/\/www.sentinelle-nature-alsace.fr\/fr\/accueils-semaine-42-2015\/"},"author":{"name":"sna","@id":"https:\/\/www.sentinelle-nature-alsace.fr\/fr\/#\/schema\/person\/d5da7db0b7108726deb66dbe1719d04c"},"headline":"Accueils Semaine 42","datePublished":"2015-10-20T21:42:07+00:00","dateModified":"2015-10-20T21:46:31+00:00","mainEntityOfPage":{"@id":"https:\/\/www.sentinelle-nature-alsace.fr\/fr\/accueils-semaine-42-2015\/"},"wordCount":219,"commentCount":0,"publisher":{"@id":"https:\/\/www.sentinelle-nature-alsace.fr\/fr\/#organization"},"image":{"@id":"https:\/\/www.sentinelle-nature-alsace.fr\/fr\/accueils-semaine-42-2015\/#primaryimage"},"thumbnailUrl":"http:\/\/www.sentinelle-nature-alsace.fr\/fr\/wp-content\/uploads\/2015\/10\/geai-e1445376865124.jpg","keywords":["geai des ch\u00eanes","grive musicienne","H\u00e9risson d'Europe","merle noir","pigeon","rouge-gorge"],"articleSection":["Accueil Animaux"],"inLanguage":"fr-FR","potentialAction":[{"@type":"CommentAction","name":"Comment","target":["https:\/\/www.sentinelle-nature-alsace.fr\/fr\/accueils-semaine-42-2015\/#respond"]}]},{"@type":"WebPage","@id":"https:\/\/www.sentinelle-nature-alsace.fr\/fr\/accueils-semaine-42-2015\/","url":"https:\/\/www.sentinelle-nature-alsace.fr\/fr\/accueils-semaine-42-2015\/","name":"Accueils Semaine 42 -","isPartOf":{"@id":"https:\/\/www.sentinelle-nature-alsace.fr\/fr\/#website"},"primaryImageOfPage":{"@id":"https:\/\/www.sentinelle-nature-alsace.fr\/fr\/accueils-semaine-42-2015\/#primaryimage"},"image":{"@id":"https:\/\/www.sentinelle-nature-alsace.fr\/fr\/accueils-semaine-42-2015\/#primaryimage"},"thumbnailUrl":"http:\/\/www.sentinelle-nature-alsace.fr\/fr\/wp-content\/uploads\/2015\/10\/geai-e1445376865124.jpg","datePublished":"2015-10-20T21:42:07+00:00","dateModified":"2015-10-20T21:46:31+00:00","breadcrumb":{"@id":"https:\/\/www.sentinelle-nature-alsace.fr\/fr\/accueils-semaine-42-2015\/#breadcrumb"},"inLanguage":"fr-FR","potentialAction":[{"@type":"ReadAction","target":["https:\/\/www.sentinelle-nature-alsace.fr\/fr\/accueils-semaine-42-2015\/"]}]},{"@type":"ImageObject","inLanguage":"fr-FR","@id":"https:\/\/www.sentinelle-nature-alsace.fr\/fr\/accueils-semaine-42-2015\/#primaryimage","url":"http:\/\/www.sentinelle-nature-alsace.fr\/fr\/wp-content\/uploads\/2015\/10\/geai-e1445376865124.jpg","contentUrl":"http:\/\/www.sentinelle-nature-alsace.fr\/fr\/wp-content\/uploads\/2015\/10\/geai-e1445376865124.jpg","width":789,"height":512},{"@type":"BreadcrumbList","@id":"https:\/\/www.sentinelle-nature-alsace.fr\/fr\/accueils-semaine-42-2015\/#breadcrumb","itemListElement":[{"@type":"ListItem","position":1,"name":"Accueil","item":"https:\/\/www.sentinelle-nature-alsace.fr\/fr\/"},{"@type":"ListItem","position":2,"name":"Accueils Semaine 42"}]},{"@type":"WebSite","@id":"https:\/\/www.sentinelle-nature-alsace.fr\/fr\/#website","url":"https:\/\/www.sentinelle-nature-alsace.fr\/fr\/","name":"www.sentinelle-nature-alsace.fr","description":"","publisher":{"@id":"https:\/\/www.sentinelle-nature-alsace.fr\/fr\/#organization"},"potentialAction":[{"@type":"SearchAction","target":{"@type":"EntryPoint","urlTemplate":"https:\/\/www.sentinelle-nature-alsace.fr\/fr\/?s={search_term_string}"},"query-input":{"@type":"PropertyValueSpecification","valueRequired":true,"valueName":"search_term_string"}}],"inLanguage":"fr-FR"},{"@type":"Organization","@id":"https:\/\/www.sentinelle-nature-alsace.fr\/fr\/#organization","name":"Sentinelle Nature Alsace","url":"https:\/\/www.sentinelle-nature-alsace.fr\/fr\/","logo":{"@type":"ImageObject","inLanguage":"fr-FR","@id":"https:\/\/www.sentinelle-nature-alsace.fr\/fr\/#\/schema\/logo\/image\/","url":"http:\/\/www.sentinelle-nature-alsace.fr\/fr\/wp-content\/uploads\/2024\/04\/logo-sna.jpg","contentUrl":"http:\/\/www.sentinelle-nature-alsace.fr\/fr\/wp-content\/uploads\/2024\/04\/logo-sna.jpg","width":200,"height":200,"caption":"Sentinelle Nature Alsace"},"image":{"@id":"https:\/\/www.sentinelle-nature-alsace.fr\/fr\/#\/schema\/logo\/image\/"},"sameAs":["https:\/\/www.facebook.com\/SentinelleNatureAlsace\/about\/","https:\/\/www.instagram.com\/sentinellenaturealsace\/"]},{"@type":"Person","@id":"https:\/\/www.sentinelle-nature-alsace.fr\/fr\/#\/schema\/person\/d5da7db0b7108726deb66dbe1719d04c","name":"sna","image":{"@type":"ImageObject","inLanguage":"fr-FR","@id":"https:\/\/secure.gravatar.com\/avatar\/bd795a97ce40ba06e9b8d2cffddd01b49c09b3d0dd0b0cc3fc98981f023a2e08?s=96&d=mm&r=g","url":"https:\/\/secure.gravatar.com\/avatar\/bd795a97ce40ba06e9b8d2cffddd01b49c09b3d0dd0b0cc3fc98981f023a2e08?s=96&d=mm&r=g","contentUrl":"https:\/\/secure.gravatar.com\/avatar\/bd795a97ce40ba06e9b8d2cffddd01b49c09b3d0dd0b0cc3fc98981f023a2e08?s=96&d=mm&r=g","caption":"sna"},"url":"http:\/\/www.sentinelle-nature-alsace.fr\/fr\/author\/sna\/"}]}},"_links":{"self":[{"href":"http:\/\/www.sentinelle-nature-alsace.fr\/fr\/wp-json\/wp\/v2\/posts\/7276","targetHints":{"allow":["GET"]}}],"collection":[{"href":"http:\/\/www.sentinelle-nature-alsace.fr\/fr\/wp-json\/wp\/v2\/posts"}],"about":[{"href":"http:\/\/www.sentinelle-nature-alsace.fr\/fr\/wp-json\/wp\/v2\/types\/post"}],"author":[{"embeddable":true,"href":"http:\/\/www.sentinelle-nature-alsace.fr\/fr\/wp-json\/wp\/v2\/users\/2"}],"replies":[{"embeddable":true,"href":"http:\/\/www.sentinelle-nature-alsace.fr\/fr\/wp-json\/wp\/v2\/comments?post=7276"}],"version-history":[{"count":4,"href":"http:\/\/www.sentinelle-nature-alsace.fr\/fr\/wp-json\/wp\/v2\/posts\/7276\/revisions"}],"predecessor-version":[{"id":7281,"href":"http:\/\/www.sentinelle-nature-alsace.fr\/fr\/wp-json\/wp\/v2\/posts\/7276\/revisions\/7281"}],"wp:featuredmedia":[{"embeddable":true,"href":"http:\/\/www.sentinelle-nature-alsace.fr\/fr\/wp-json\/wp\/v2\/media\/7277"}],"wp:attachment":[{"href":"http:\/\/www.sentinelle-nature-alsace.fr\/fr\/wp-json\/wp\/v2\/media?parent=7276"}],"wp:term":[{"taxonomy":"category","embeddable":true,"href":"http:\/\/www.sentinelle-nature-alsace.fr\/fr\/wp-json\/wp\/v2\/categories?post=7276"},{"taxonomy":"post_tag","embeddable":true,"href":"http:\/\/www.sentinelle-nature-alsace.fr\/fr\/wp-json\/wp\/v2\/tags?post=7276"}],"curies":[{"name":"wp","href":"https:\/\/api.w.org\/{rel}","templated":true}]}}