{"id":6592,"date":"2015-03-25T20:48:16","date_gmt":"2015-03-25T19:48:16","guid":{"rendered":"http:\/\/www.sentinelle-nature-alsace.fr\/fr\/?p=6592"},"modified":"2015-04-02T10:20:02","modified_gmt":"2015-04-02T09:20:02","slug":"nouveau-local-sna-etape-6-isolation-du-plafond","status":"publish","type":"post","link":"http:\/\/www.sentinelle-nature-alsace.fr\/fr\/nouveau-local-sna-etape-6-isolation-du-plafond\/","title":{"rendered":"Nouveau local SNA \u2013 \u00e9tape 6 : isolation du plafond et des murs !"},"content":{"rendered":"<p>On ne les arr\u00eate plus !!! Dans leur \u00e9lan, les <a class=\"profileLink\" href=\"https:\/\/www.facebook.com\/charpente.uhl\" data-gt=\"{&quot;entity_id&quot;:&quot;563047670491671&quot;,&quot;entity_path&quot;:&quot;\\\/pagelet\\\/pageletserver.php:PagePostsPagelet&quot;}\" data-hovercard=\"\/ajax\/hovercard\/page.php?id=563047670491671\">Charpentes Nicolas UHL<\/a> se sont aussi occup\u00e9s de l&#8217;isolation du plafon det des murs : \u00a0lambourdes traversantes, isolation en fibre de bois de 10 cm et pare-vapeur ! Les animaux seront\u00a0bien chauds !!!<\/p>\n<p>&nbsp;<\/p>\n\n\t\t<style type=\"text\/css\">\n\t\t\t#gallery-1 {\n\t\t\t\tmargin: auto;\n\t\t\t}\n\t\t\t#gallery-1 .gallery-item {\n\t\t\t\tfloat: left;\n\t\t\t\tmargin-top: 10px;\n\t\t\t\ttext-align: center;\n\t\t\t\twidth: 50%;\n\t\t\t}\n\t\t\t#gallery-1 img {\n\t\t\t\tborder: 2px solid #cfcfcf;\n\t\t\t}\n\t\t\t#gallery-1 .gallery-caption {\n\t\t\t\tmargin-left: 0;\n\t\t\t}\n\t\t\t\/* see gallery_shortcode() in wp-includes\/media.php *\/\n\t\t<\/style>\n\t\t<div id='gallery-1' class='gallery galleryid-6592 gallery-columns-2 gallery-size-thumbnail'><dl class='gallery-item'>\n\t\t\t<dt class='gallery-icon landscape'>\n\t\t\t\t<a href='http:\/\/www.sentinelle-nature-alsace.fr\/fr\/wp-content\/uploads\/2015\/03\/11081235_945095375514421_6568684848314704625_n.jpg'><img loading=\"lazy\" decoding=\"async\" width=\"150\" height=\"150\" src=\"http:\/\/www.sentinelle-nature-alsace.fr\/fr\/wp-content\/uploads\/2015\/03\/11081235_945095375514421_6568684848314704625_n-150x150.jpg\" class=\"attachment-thumbnail size-thumbnail no-lazy\" alt=\"\" aria-describedby=\"gallery-1-6603\" srcset=\"http:\/\/www.sentinelle-nature-alsace.fr\/fr\/wp-content\/uploads\/2015\/03\/11081235_945095375514421_6568684848314704625_n-150x150.jpg 150w, http:\/\/www.sentinelle-nature-alsace.fr\/fr\/wp-content\/uploads\/2015\/03\/11081235_945095375514421_6568684848314704625_n-160x160.jpg 160w\" sizes=\"auto, (max-width: 150px) 100vw, 150px\" \/><\/a>\n\t\t\t<\/dt>\n\t\t\t\t<dd class='wp-caption-text gallery-caption' id='gallery-1-6603'>\n\t\t\t\tPose des lambourdes du plafond\n\t\t\t\t<\/dd><\/dl><dl class='gallery-item'>\n\t\t\t<dt class='gallery-icon landscape'>\n\t\t\t\t<a href='http:\/\/www.sentinelle-nature-alsace.fr\/fr\/wp-content\/uploads\/2015\/03\/DSC_0626-1.jpg'><img loading=\"lazy\" decoding=\"async\" width=\"150\" height=\"150\" src=\"http:\/\/www.sentinelle-nature-alsace.fr\/fr\/wp-content\/uploads\/2015\/03\/DSC_0626-1-150x150.jpg\" class=\"attachment-thumbnail size-thumbnail no-lazy\" alt=\"\" aria-describedby=\"gallery-1-6600\" srcset=\"http:\/\/www.sentinelle-nature-alsace.fr\/fr\/wp-content\/uploads\/2015\/03\/DSC_0626-1-150x150.jpg 150w, http:\/\/www.sentinelle-nature-alsace.fr\/fr\/wp-content\/uploads\/2015\/03\/DSC_0626-1-160x160.jpg 160w\" sizes=\"auto, (max-width: 150px) 100vw, 150px\" \/><\/a>\n\t\t\t<\/dt>\n\t\t\t\t<dd class='wp-caption-text gallery-caption' id='gallery-1-6600'>\n\t\t\t\tIsolation du plafond et pose des tasseaux sur les murs\n\t\t\t\t<\/dd><\/dl><br style=\"clear: both\" \/><dl class='gallery-item'>\n\t\t\t<dt class='gallery-icon landscape'>\n\t\t\t\t<a href='http:\/\/www.sentinelle-nature-alsace.fr\/fr\/wp-content\/uploads\/2015\/03\/DSC_0628-1.jpg'><img loading=\"lazy\" decoding=\"async\" width=\"150\" height=\"150\" src=\"http:\/\/www.sentinelle-nature-alsace.fr\/fr\/wp-content\/uploads\/2015\/03\/DSC_0628-1-150x150.jpg\" class=\"attachment-thumbnail size-thumbnail no-lazy\" alt=\"\" aria-describedby=\"gallery-1-6601\" srcset=\"http:\/\/www.sentinelle-nature-alsace.fr\/fr\/wp-content\/uploads\/2015\/03\/DSC_0628-1-150x150.jpg 150w, http:\/\/www.sentinelle-nature-alsace.fr\/fr\/wp-content\/uploads\/2015\/03\/DSC_0628-1-160x160.jpg 160w\" sizes=\"auto, (max-width: 150px) 100vw, 150px\" \/><\/a>\n\t\t\t<\/dt>\n\t\t\t\t<dd class='wp-caption-text gallery-caption' id='gallery-1-6601'>\n\t\t\t\tIsolation termin\u00e9e c\u00f4t\u00e9 bureau&#8230;\n\t\t\t\t<\/dd><\/dl><dl class='gallery-item'>\n\t\t\t<dt class='gallery-icon landscape'>\n\t\t\t\t<a href='http:\/\/www.sentinelle-nature-alsace.fr\/fr\/wp-content\/uploads\/2015\/03\/DSC_0627-1.jpg'><img loading=\"lazy\" decoding=\"async\" width=\"150\" height=\"150\" src=\"http:\/\/www.sentinelle-nature-alsace.fr\/fr\/wp-content\/uploads\/2015\/03\/DSC_0627-1-150x150.jpg\" class=\"attachment-thumbnail size-thumbnail no-lazy\" alt=\"\" aria-describedby=\"gallery-1-6602\" srcset=\"http:\/\/www.sentinelle-nature-alsace.fr\/fr\/wp-content\/uploads\/2015\/03\/DSC_0627-1-150x150.jpg 150w, http:\/\/www.sentinelle-nature-alsace.fr\/fr\/wp-content\/uploads\/2015\/03\/DSC_0627-1-160x160.jpg 160w\" sizes=\"auto, (max-width: 150px) 100vw, 150px\" \/><\/a>\n\t\t\t<\/dt>\n\t\t\t\t<dd class='wp-caption-text gallery-caption' id='gallery-1-6602'>\n\t\t\t\t&#8230;et c\u00f4t\u00e9 salle de soins !\n\t\t\t\t<\/dd><\/dl><br style=\"clear: both\" \/>\n\t\t<\/div>\n\n<p>&nbsp;<\/p>\n<p>&nbsp;<\/p>\n","protected":false},"excerpt":{"rendered":"<p>On ne les arr\u00eate plus !!! Dans leur \u00e9lan, les Charpentes Nicolas UHL se sont aussi occup\u00e9s de l&#8217;isolation du plafon det des murs : \u00a0lambourdes traversantes, isolation en fibre de bois de 10&#46;&#46;&#46;<\/p>\n","protected":false},"author":2,"featured_media":6601,"comment_status":"open","ping_status":"open","sticky":false,"template":"","format":"standard","meta":{"_s2mail":"yes","footnotes":""},"categories":[9],"tags":[337,333],"class_list":["post-6592","post","type-post","status-publish","format-standard","has-post-thumbnail","hentry","category-vie-associative","tag-isolation","tag-nouveau-local"],"yoast_head":"<!-- This site is optimized with the Yoast SEO plugin v27.2 - https:\/\/yoast.com\/product\/yoast-seo-wordpress\/ -->\n<title>Nouveau local SNA \u2013 \u00e9tape 6 : isolation du plafond et des murs ! -<\/title>\n<meta name=\"robots\" content=\"index, follow, max-snippet:-1, max-image-preview:large, max-video-preview:-1\" \/>\n<link rel=\"canonical\" href=\"https:\/\/www.sentinelle-nature-alsace.fr\/fr\/nouveau-local-sna-etape-6-isolation-du-plafond\/\" \/>\n<meta property=\"og:locale\" content=\"fr_FR\" \/>\n<meta property=\"og:type\" content=\"article\" \/>\n<meta property=\"og:title\" content=\"Nouveau local SNA \u2013 \u00e9tape 6 : isolation du plafond et des murs ! -\" \/>\n<meta property=\"og:description\" content=\"On ne les arr\u00eate plus !!! Dans leur \u00e9lan, les Charpentes Nicolas UHL se sont aussi occup\u00e9s de l&#8217;isolation du plafon det des murs : \u00a0lambourdes traversantes, isolation en fibre de bois de 10&#046;&#046;&#046;\" \/>\n<meta property=\"og:url\" content=\"https:\/\/www.sentinelle-nature-alsace.fr\/fr\/nouveau-local-sna-etape-6-isolation-du-plafond\/\" \/>\n<meta property=\"article:publisher\" content=\"https:\/\/www.facebook.com\/SentinelleNatureAlsace\/about\/\" \/>\n<meta property=\"article:published_time\" content=\"2015-03-25T19:48:16+00:00\" \/>\n<meta property=\"article:modified_time\" content=\"2015-04-02T09:20:02+00:00\" \/>\n<meta property=\"og:image\" content=\"https:\/\/www.sentinelle-nature-alsace.fr\/fr\/wp-content\/uploads\/2015\/03\/DSC_0628-1.jpg\" \/>\n\t<meta property=\"og:image:width\" content=\"2560\" \/>\n\t<meta property=\"og:image:height\" content=\"1440\" \/>\n\t<meta property=\"og:image:type\" content=\"image\/jpeg\" \/>\n<meta name=\"author\" content=\"sna\" \/>\n<meta name=\"twitter:card\" content=\"summary_large_image\" \/>\n<meta name=\"twitter:label1\" content=\"\u00c9crit par\" \/>\n\t<meta name=\"twitter:data1\" content=\"sna\" \/>\n<script type=\"application\/ld+json\" class=\"yoast-schema-graph\">{\"@context\":\"https:\/\/schema.org\",\"@graph\":[{\"@type\":\"Article\",\"@id\":\"https:\/\/www.sentinelle-nature-alsace.fr\/fr\/nouveau-local-sna-etape-6-isolation-du-plafond\/#article\",\"isPartOf\":{\"@id\":\"https:\/\/www.sentinelle-nature-alsace.fr\/fr\/nouveau-local-sna-etape-6-isolation-du-plafond\/\"},\"author\":{\"name\":\"sna\",\"@id\":\"https:\/\/www.sentinelle-nature-alsace.fr\/fr\/#\/schema\/person\/d5da7db0b7108726deb66dbe1719d04c\"},\"headline\":\"Nouveau local SNA \u2013 \u00e9tape 6 : isolation du plafond et des murs !\",\"datePublished\":\"2015-03-25T19:48:16+00:00\",\"dateModified\":\"2015-04-02T09:20:02+00:00\",\"mainEntityOfPage\":{\"@id\":\"https:\/\/www.sentinelle-nature-alsace.fr\/fr\/nouveau-local-sna-etape-6-isolation-du-plafond\/\"},\"wordCount\":59,\"commentCount\":0,\"publisher\":{\"@id\":\"https:\/\/www.sentinelle-nature-alsace.fr\/fr\/#organization\"},\"image\":{\"@id\":\"https:\/\/www.sentinelle-nature-alsace.fr\/fr\/nouveau-local-sna-etape-6-isolation-du-plafond\/#primaryimage\"},\"thumbnailUrl\":\"http:\/\/www.sentinelle-nature-alsace.fr\/fr\/wp-content\/uploads\/2015\/03\/DSC_0628-1.jpg\",\"keywords\":[\"isolation\",\"nouveau local\"],\"articleSection\":[\"Vie associative\"],\"inLanguage\":\"fr-FR\",\"potentialAction\":[{\"@type\":\"CommentAction\",\"name\":\"Comment\",\"target\":[\"https:\/\/www.sentinelle-nature-alsace.fr\/fr\/nouveau-local-sna-etape-6-isolation-du-plafond\/#respond\"]}]},{\"@type\":\"WebPage\",\"@id\":\"https:\/\/www.sentinelle-nature-alsace.fr\/fr\/nouveau-local-sna-etape-6-isolation-du-plafond\/\",\"url\":\"https:\/\/www.sentinelle-nature-alsace.fr\/fr\/nouveau-local-sna-etape-6-isolation-du-plafond\/\",\"name\":\"Nouveau local SNA \u2013 \u00e9tape 6 : isolation du plafond et des murs ! -\",\"isPartOf\":{\"@id\":\"https:\/\/www.sentinelle-nature-alsace.fr\/fr\/#website\"},\"primaryImageOfPage\":{\"@id\":\"https:\/\/www.sentinelle-nature-alsace.fr\/fr\/nouveau-local-sna-etape-6-isolation-du-plafond\/#primaryimage\"},\"image\":{\"@id\":\"https:\/\/www.sentinelle-nature-alsace.fr\/fr\/nouveau-local-sna-etape-6-isolation-du-plafond\/#primaryimage\"},\"thumbnailUrl\":\"http:\/\/www.sentinelle-nature-alsace.fr\/fr\/wp-content\/uploads\/2015\/03\/DSC_0628-1.jpg\",\"datePublished\":\"2015-03-25T19:48:16+00:00\",\"dateModified\":\"2015-04-02T09:20:02+00:00\",\"breadcrumb\":{\"@id\":\"https:\/\/www.sentinelle-nature-alsace.fr\/fr\/nouveau-local-sna-etape-6-isolation-du-plafond\/#breadcrumb\"},\"inLanguage\":\"fr-FR\",\"potentialAction\":[{\"@type\":\"ReadAction\",\"target\":[\"https:\/\/www.sentinelle-nature-alsace.fr\/fr\/nouveau-local-sna-etape-6-isolation-du-plafond\/\"]}]},{\"@type\":\"ImageObject\",\"inLanguage\":\"fr-FR\",\"@id\":\"https:\/\/www.sentinelle-nature-alsace.fr\/fr\/nouveau-local-sna-etape-6-isolation-du-plafond\/#primaryimage\",\"url\":\"http:\/\/www.sentinelle-nature-alsace.fr\/fr\/wp-content\/uploads\/2015\/03\/DSC_0628-1.jpg\",\"contentUrl\":\"http:\/\/www.sentinelle-nature-alsace.fr\/fr\/wp-content\/uploads\/2015\/03\/DSC_0628-1.jpg\",\"width\":2560,\"height\":1440,\"caption\":\"Isolation termin\u00e9e c\u00f4t\u00e9 bureau...\"},{\"@type\":\"BreadcrumbList\",\"@id\":\"https:\/\/www.sentinelle-nature-alsace.fr\/fr\/nouveau-local-sna-etape-6-isolation-du-plafond\/#breadcrumb\",\"itemListElement\":[{\"@type\":\"ListItem\",\"position\":1,\"name\":\"Accueil\",\"item\":\"https:\/\/www.sentinelle-nature-alsace.fr\/fr\/\"},{\"@type\":\"ListItem\",\"position\":2,\"name\":\"Nouveau local SNA \u2013 \u00e9tape 6 : isolation du plafond et des murs !\"}]},{\"@type\":\"WebSite\",\"@id\":\"https:\/\/www.sentinelle-nature-alsace.fr\/fr\/#website\",\"url\":\"https:\/\/www.sentinelle-nature-alsace.fr\/fr\/\",\"name\":\"www.sentinelle-nature-alsace.fr\",\"description\":\"\",\"publisher\":{\"@id\":\"https:\/\/www.sentinelle-nature-alsace.fr\/fr\/#organization\"},\"potentialAction\":[{\"@type\":\"SearchAction\",\"target\":{\"@type\":\"EntryPoint\",\"urlTemplate\":\"https:\/\/www.sentinelle-nature-alsace.fr\/fr\/?s={search_term_string}\"},\"query-input\":{\"@type\":\"PropertyValueSpecification\",\"valueRequired\":true,\"valueName\":\"search_term_string\"}}],\"inLanguage\":\"fr-FR\"},{\"@type\":\"Organization\",\"@id\":\"https:\/\/www.sentinelle-nature-alsace.fr\/fr\/#organization\",\"name\":\"Sentinelle Nature Alsace\",\"url\":\"https:\/\/www.sentinelle-nature-alsace.fr\/fr\/\",\"logo\":{\"@type\":\"ImageObject\",\"inLanguage\":\"fr-FR\",\"@id\":\"https:\/\/www.sentinelle-nature-alsace.fr\/fr\/#\/schema\/logo\/image\/\",\"url\":\"http:\/\/www.sentinelle-nature-alsace.fr\/fr\/wp-content\/uploads\/2024\/04\/logo-sna.jpg\",\"contentUrl\":\"http:\/\/www.sentinelle-nature-alsace.fr\/fr\/wp-content\/uploads\/2024\/04\/logo-sna.jpg\",\"width\":200,\"height\":200,\"caption\":\"Sentinelle Nature Alsace\"},\"image\":{\"@id\":\"https:\/\/www.sentinelle-nature-alsace.fr\/fr\/#\/schema\/logo\/image\/\"},\"sameAs\":[\"https:\/\/www.facebook.com\/SentinelleNatureAlsace\/about\/\",\"https:\/\/www.instagram.com\/sentinellenaturealsace\/\"]},{\"@type\":\"Person\",\"@id\":\"https:\/\/www.sentinelle-nature-alsace.fr\/fr\/#\/schema\/person\/d5da7db0b7108726deb66dbe1719d04c\",\"name\":\"sna\",\"image\":{\"@type\":\"ImageObject\",\"inLanguage\":\"fr-FR\",\"@id\":\"https:\/\/secure.gravatar.com\/avatar\/bd795a97ce40ba06e9b8d2cffddd01b49c09b3d0dd0b0cc3fc98981f023a2e08?s=96&d=mm&r=g\",\"url\":\"https:\/\/secure.gravatar.com\/avatar\/bd795a97ce40ba06e9b8d2cffddd01b49c09b3d0dd0b0cc3fc98981f023a2e08?s=96&d=mm&r=g\",\"contentUrl\":\"https:\/\/secure.gravatar.com\/avatar\/bd795a97ce40ba06e9b8d2cffddd01b49c09b3d0dd0b0cc3fc98981f023a2e08?s=96&d=mm&r=g\",\"caption\":\"sna\"},\"url\":\"http:\/\/www.sentinelle-nature-alsace.fr\/fr\/author\/sna\/\"}]}<\/script>\n<!-- \/ Yoast SEO plugin. -->","yoast_head_json":{"title":"Nouveau local SNA \u2013 \u00e9tape 6 : isolation du plafond et des murs ! -","robots":{"index":"index","follow":"follow","max-snippet":"max-snippet:-1","max-image-preview":"max-image-preview:large","max-video-preview":"max-video-preview:-1"},"canonical":"https:\/\/www.sentinelle-nature-alsace.fr\/fr\/nouveau-local-sna-etape-6-isolation-du-plafond\/","og_locale":"fr_FR","og_type":"article","og_title":"Nouveau local SNA \u2013 \u00e9tape 6 : isolation du plafond et des murs ! -","og_description":"On ne les arr\u00eate plus !!! Dans leur \u00e9lan, les Charpentes Nicolas UHL se sont aussi occup\u00e9s de l&#8217;isolation du plafon det des murs : \u00a0lambourdes traversantes, isolation en fibre de bois de 10&#46;&#46;&#46;","og_url":"https:\/\/www.sentinelle-nature-alsace.fr\/fr\/nouveau-local-sna-etape-6-isolation-du-plafond\/","article_publisher":"https:\/\/www.facebook.com\/SentinelleNatureAlsace\/about\/","article_published_time":"2015-03-25T19:48:16+00:00","article_modified_time":"2015-04-02T09:20:02+00:00","og_image":[{"width":2560,"height":1440,"url":"https:\/\/www.sentinelle-nature-alsace.fr\/fr\/wp-content\/uploads\/2015\/03\/DSC_0628-1.jpg","type":"image\/jpeg"}],"author":"sna","twitter_card":"summary_large_image","twitter_misc":{"\u00c9crit par":"sna"},"schema":{"@context":"https:\/\/schema.org","@graph":[{"@type":"Article","@id":"https:\/\/www.sentinelle-nature-alsace.fr\/fr\/nouveau-local-sna-etape-6-isolation-du-plafond\/#article","isPartOf":{"@id":"https:\/\/www.sentinelle-nature-alsace.fr\/fr\/nouveau-local-sna-etape-6-isolation-du-plafond\/"},"author":{"name":"sna","@id":"https:\/\/www.sentinelle-nature-alsace.fr\/fr\/#\/schema\/person\/d5da7db0b7108726deb66dbe1719d04c"},"headline":"Nouveau local SNA \u2013 \u00e9tape 6 : isolation du plafond et des murs !","datePublished":"2015-03-25T19:48:16+00:00","dateModified":"2015-04-02T09:20:02+00:00","mainEntityOfPage":{"@id":"https:\/\/www.sentinelle-nature-alsace.fr\/fr\/nouveau-local-sna-etape-6-isolation-du-plafond\/"},"wordCount":59,"commentCount":0,"publisher":{"@id":"https:\/\/www.sentinelle-nature-alsace.fr\/fr\/#organization"},"image":{"@id":"https:\/\/www.sentinelle-nature-alsace.fr\/fr\/nouveau-local-sna-etape-6-isolation-du-plafond\/#primaryimage"},"thumbnailUrl":"http:\/\/www.sentinelle-nature-alsace.fr\/fr\/wp-content\/uploads\/2015\/03\/DSC_0628-1.jpg","keywords":["isolation","nouveau local"],"articleSection":["Vie associative"],"inLanguage":"fr-FR","potentialAction":[{"@type":"CommentAction","name":"Comment","target":["https:\/\/www.sentinelle-nature-alsace.fr\/fr\/nouveau-local-sna-etape-6-isolation-du-plafond\/#respond"]}]},{"@type":"WebPage","@id":"https:\/\/www.sentinelle-nature-alsace.fr\/fr\/nouveau-local-sna-etape-6-isolation-du-plafond\/","url":"https:\/\/www.sentinelle-nature-alsace.fr\/fr\/nouveau-local-sna-etape-6-isolation-du-plafond\/","name":"Nouveau local SNA \u2013 \u00e9tape 6 : isolation du plafond et des murs ! -","isPartOf":{"@id":"https:\/\/www.sentinelle-nature-alsace.fr\/fr\/#website"},"primaryImageOfPage":{"@id":"https:\/\/www.sentinelle-nature-alsace.fr\/fr\/nouveau-local-sna-etape-6-isolation-du-plafond\/#primaryimage"},"image":{"@id":"https:\/\/www.sentinelle-nature-alsace.fr\/fr\/nouveau-local-sna-etape-6-isolation-du-plafond\/#primaryimage"},"thumbnailUrl":"http:\/\/www.sentinelle-nature-alsace.fr\/fr\/wp-content\/uploads\/2015\/03\/DSC_0628-1.jpg","datePublished":"2015-03-25T19:48:16+00:00","dateModified":"2015-04-02T09:20:02+00:00","breadcrumb":{"@id":"https:\/\/www.sentinelle-nature-alsace.fr\/fr\/nouveau-local-sna-etape-6-isolation-du-plafond\/#breadcrumb"},"inLanguage":"fr-FR","potentialAction":[{"@type":"ReadAction","target":["https:\/\/www.sentinelle-nature-alsace.fr\/fr\/nouveau-local-sna-etape-6-isolation-du-plafond\/"]}]},{"@type":"ImageObject","inLanguage":"fr-FR","@id":"https:\/\/www.sentinelle-nature-alsace.fr\/fr\/nouveau-local-sna-etape-6-isolation-du-plafond\/#primaryimage","url":"http:\/\/www.sentinelle-nature-alsace.fr\/fr\/wp-content\/uploads\/2015\/03\/DSC_0628-1.jpg","contentUrl":"http:\/\/www.sentinelle-nature-alsace.fr\/fr\/wp-content\/uploads\/2015\/03\/DSC_0628-1.jpg","width":2560,"height":1440,"caption":"Isolation termin\u00e9e c\u00f4t\u00e9 bureau..."},{"@type":"BreadcrumbList","@id":"https:\/\/www.sentinelle-nature-alsace.fr\/fr\/nouveau-local-sna-etape-6-isolation-du-plafond\/#breadcrumb","itemListElement":[{"@type":"ListItem","position":1,"name":"Accueil","item":"https:\/\/www.sentinelle-nature-alsace.fr\/fr\/"},{"@type":"ListItem","position":2,"name":"Nouveau local SNA \u2013 \u00e9tape 6 : isolation du plafond et des murs !"}]},{"@type":"WebSite","@id":"https:\/\/www.sentinelle-nature-alsace.fr\/fr\/#website","url":"https:\/\/www.sentinelle-nature-alsace.fr\/fr\/","name":"www.sentinelle-nature-alsace.fr","description":"","publisher":{"@id":"https:\/\/www.sentinelle-nature-alsace.fr\/fr\/#organization"},"potentialAction":[{"@type":"SearchAction","target":{"@type":"EntryPoint","urlTemplate":"https:\/\/www.sentinelle-nature-alsace.fr\/fr\/?s={search_term_string}"},"query-input":{"@type":"PropertyValueSpecification","valueRequired":true,"valueName":"search_term_string"}}],"inLanguage":"fr-FR"},{"@type":"Organization","@id":"https:\/\/www.sentinelle-nature-alsace.fr\/fr\/#organization","name":"Sentinelle Nature Alsace","url":"https:\/\/www.sentinelle-nature-alsace.fr\/fr\/","logo":{"@type":"ImageObject","inLanguage":"fr-FR","@id":"https:\/\/www.sentinelle-nature-alsace.fr\/fr\/#\/schema\/logo\/image\/","url":"http:\/\/www.sentinelle-nature-alsace.fr\/fr\/wp-content\/uploads\/2024\/04\/logo-sna.jpg","contentUrl":"http:\/\/www.sentinelle-nature-alsace.fr\/fr\/wp-content\/uploads\/2024\/04\/logo-sna.jpg","width":200,"height":200,"caption":"Sentinelle Nature Alsace"},"image":{"@id":"https:\/\/www.sentinelle-nature-alsace.fr\/fr\/#\/schema\/logo\/image\/"},"sameAs":["https:\/\/www.facebook.com\/SentinelleNatureAlsace\/about\/","https:\/\/www.instagram.com\/sentinellenaturealsace\/"]},{"@type":"Person","@id":"https:\/\/www.sentinelle-nature-alsace.fr\/fr\/#\/schema\/person\/d5da7db0b7108726deb66dbe1719d04c","name":"sna","image":{"@type":"ImageObject","inLanguage":"fr-FR","@id":"https:\/\/secure.gravatar.com\/avatar\/bd795a97ce40ba06e9b8d2cffddd01b49c09b3d0dd0b0cc3fc98981f023a2e08?s=96&d=mm&r=g","url":"https:\/\/secure.gravatar.com\/avatar\/bd795a97ce40ba06e9b8d2cffddd01b49c09b3d0dd0b0cc3fc98981f023a2e08?s=96&d=mm&r=g","contentUrl":"https:\/\/secure.gravatar.com\/avatar\/bd795a97ce40ba06e9b8d2cffddd01b49c09b3d0dd0b0cc3fc98981f023a2e08?s=96&d=mm&r=g","caption":"sna"},"url":"http:\/\/www.sentinelle-nature-alsace.fr\/fr\/author\/sna\/"}]}},"_links":{"self":[{"href":"http:\/\/www.sentinelle-nature-alsace.fr\/fr\/wp-json\/wp\/v2\/posts\/6592","targetHints":{"allow":["GET"]}}],"collection":[{"href":"http:\/\/www.sentinelle-nature-alsace.fr\/fr\/wp-json\/wp\/v2\/posts"}],"about":[{"href":"http:\/\/www.sentinelle-nature-alsace.fr\/fr\/wp-json\/wp\/v2\/types\/post"}],"author":[{"embeddable":true,"href":"http:\/\/www.sentinelle-nature-alsace.fr\/fr\/wp-json\/wp\/v2\/users\/2"}],"replies":[{"embeddable":true,"href":"http:\/\/www.sentinelle-nature-alsace.fr\/fr\/wp-json\/wp\/v2\/comments?post=6592"}],"version-history":[{"count":7,"href":"http:\/\/www.sentinelle-nature-alsace.fr\/fr\/wp-json\/wp\/v2\/posts\/6592\/revisions"}],"predecessor-version":[{"id":6609,"href":"http:\/\/www.sentinelle-nature-alsace.fr\/fr\/wp-json\/wp\/v2\/posts\/6592\/revisions\/6609"}],"wp:featuredmedia":[{"embeddable":true,"href":"http:\/\/www.sentinelle-nature-alsace.fr\/fr\/wp-json\/wp\/v2\/media\/6601"}],"wp:attachment":[{"href":"http:\/\/www.sentinelle-nature-alsace.fr\/fr\/wp-json\/wp\/v2\/media?parent=6592"}],"wp:term":[{"taxonomy":"category","embeddable":true,"href":"http:\/\/www.sentinelle-nature-alsace.fr\/fr\/wp-json\/wp\/v2\/categories?post=6592"},{"taxonomy":"post_tag","embeddable":true,"href":"http:\/\/www.sentinelle-nature-alsace.fr\/fr\/wp-json\/wp\/v2\/tags?post=6592"}],"curies":[{"name":"wp","href":"https:\/\/api.w.org\/{rel}","templated":true}]}}