{"id":6538,"date":"2015-03-19T21:03:27","date_gmt":"2015-03-19T20:03:27","guid":{"rendered":"http:\/\/www.sentinelle-nature-alsace.fr\/fr\/?p=6538"},"modified":"2015-04-02T10:20:25","modified_gmt":"2015-04-02T09:20:25","slug":"nouveau-local-sna-etape-3-camion-charge","status":"publish","type":"post","link":"http:\/\/www.sentinelle-nature-alsace.fr\/fr\/nouveau-local-sna-etape-3-camion-charge\/","title":{"rendered":"Nouveau local SNA &#8211; \u00e9tape  3 : camion charg\u00e9 !"},"content":{"rendered":"<p>Youhou ! Si \u00e7a c&#8217;est pas du rapide&#8230;. Livraison et montage des murs du futur local SNA pr\u00e9vus pour demain matin !!!<\/p>\n<p>N&#8217;h\u00e9sitez pas \u00e0 liker la page facebook des <a class=\"profileLink\" href=\"https:\/\/www.facebook.com\/charpente.uhl\" data-gt=\"{&quot;entity_id&quot;:&quot;563047670491671&quot;,&quot;entity_path&quot;:&quot;\\\/pagelet\\\/pageletserver.php:LitestandMainStreamPagelet:topnews&quot;}\" data-hovercard=\"\/ajax\/hovercard\/page.php?id=563047670491671\">Charpentes Nicolas UHL<\/a> pour les remercier !!!<\/p>\n<p>(la suite demain&#8230;!)<\/p>\n<p>&nbsp;<\/p>\n<p><a href=\"http:\/\/www.sentinelle-nature-alsace.fr\/fr\/wp-content\/uploads\/2015\/03\/1743576_649861611810276_2587067498223672128_n.jpg\"><img loading=\"lazy\" decoding=\"async\" class=\"size-full wp-image-6539 aligncenter\" src=\"http:\/\/www.sentinelle-nature-alsace.fr\/fr\/wp-content\/uploads\/2015\/03\/1743576_649861611810276_2587067498223672128_n.jpg\" alt=\"1743576_649861611810276_2587067498223672128_n\" width=\"960\" height=\"720\" srcset=\"http:\/\/www.sentinelle-nature-alsace.fr\/fr\/wp-content\/uploads\/2015\/03\/1743576_649861611810276_2587067498223672128_n.jpg 960w, http:\/\/www.sentinelle-nature-alsace.fr\/fr\/wp-content\/uploads\/2015\/03\/1743576_649861611810276_2587067498223672128_n-300x225.jpg 300w\" sizes=\"auto, (max-width: 960px) 100vw, 960px\" \/><\/a><\/p>\n<p>&nbsp;<\/p>\n<p><a href=\"http:\/\/www.sentinelle-nature-alsace.fr\/fr\/wp-content\/uploads\/2015\/03\/11060328_649861591810278_1116488447066247405_n.jpg\"><img loading=\"lazy\" decoding=\"async\" class=\"wp-image-6540 size-full aligncenter\" src=\"http:\/\/www.sentinelle-nature-alsace.fr\/fr\/wp-content\/uploads\/2015\/03\/11060328_649861591810278_1116488447066247405_n.jpg\" alt=\"11060328_649861591810278_1116488447066247405_n\" width=\"960\" height=\"720\" srcset=\"http:\/\/www.sentinelle-nature-alsace.fr\/fr\/wp-content\/uploads\/2015\/03\/11060328_649861591810278_1116488447066247405_n.jpg 960w, http:\/\/www.sentinelle-nature-alsace.fr\/fr\/wp-content\/uploads\/2015\/03\/11060328_649861591810278_1116488447066247405_n-300x225.jpg 300w\" sizes=\"auto, (max-width: 960px) 100vw, 960px\" \/><\/a><\/p>\n","protected":false},"excerpt":{"rendered":"<p>Youhou ! Si \u00e7a c&#8217;est pas du rapide&#8230;. Livraison et montage des murs du futur local SNA pr\u00e9vus pour demain matin !!! N&#8217;h\u00e9sitez pas \u00e0 liker la page facebook des Charpentes Nicolas UHL pour&#46;&#46;&#46;<\/p>\n","protected":false},"author":2,"featured_media":6539,"comment_status":"open","ping_status":"open","sticky":false,"template":"","format":"standard","meta":{"_s2mail":"yes","footnotes":""},"categories":[9],"tags":[47,334],"class_list":["post-6538","post","type-post","status-publish","format-standard","has-post-thumbnail","hentry","category-vie-associative","tag-centre-relais","tag-charpentes-nicolas-uhl"],"yoast_head":"<!-- This site is optimized with the Yoast SEO plugin v27.2 - https:\/\/yoast.com\/product\/yoast-seo-wordpress\/ -->\n<title>Nouveau local SNA - \u00e9tape 3 : camion charg\u00e9 ! -<\/title>\n<meta name=\"robots\" content=\"index, follow, max-snippet:-1, max-image-preview:large, max-video-preview:-1\" \/>\n<link rel=\"canonical\" href=\"https:\/\/www.sentinelle-nature-alsace.fr\/fr\/nouveau-local-sna-etape-3-camion-charge\/\" \/>\n<meta property=\"og:locale\" content=\"fr_FR\" \/>\n<meta property=\"og:type\" content=\"article\" \/>\n<meta property=\"og:title\" content=\"Nouveau local SNA - \u00e9tape 3 : camion charg\u00e9 ! -\" \/>\n<meta property=\"og:description\" content=\"Youhou ! Si \u00e7a c&#8217;est pas du rapide&#8230;. Livraison et montage des murs du futur local SNA pr\u00e9vus pour demain matin !!! N&#8217;h\u00e9sitez pas \u00e0 liker la page facebook des Charpentes Nicolas UHL pour&#046;&#046;&#046;\" \/>\n<meta property=\"og:url\" content=\"https:\/\/www.sentinelle-nature-alsace.fr\/fr\/nouveau-local-sna-etape-3-camion-charge\/\" \/>\n<meta property=\"article:publisher\" content=\"https:\/\/www.facebook.com\/SentinelleNatureAlsace\/about\/\" \/>\n<meta property=\"article:published_time\" content=\"2015-03-19T20:03:27+00:00\" \/>\n<meta property=\"article:modified_time\" content=\"2015-04-02T09:20:25+00:00\" \/>\n<meta property=\"og:image\" content=\"https:\/\/www.sentinelle-nature-alsace.fr\/fr\/wp-content\/uploads\/2015\/03\/1743576_649861611810276_2587067498223672128_n.jpg\" \/>\n\t<meta property=\"og:image:width\" content=\"960\" \/>\n\t<meta property=\"og:image:height\" content=\"720\" \/>\n\t<meta property=\"og:image:type\" content=\"image\/jpeg\" \/>\n<meta name=\"author\" content=\"sna\" \/>\n<meta name=\"twitter:card\" content=\"summary_large_image\" \/>\n<meta name=\"twitter:label1\" content=\"\u00c9crit par\" \/>\n\t<meta name=\"twitter:data1\" content=\"sna\" \/>\n<script type=\"application\/ld+json\" class=\"yoast-schema-graph\">{\"@context\":\"https:\/\/schema.org\",\"@graph\":[{\"@type\":\"Article\",\"@id\":\"https:\/\/www.sentinelle-nature-alsace.fr\/fr\/nouveau-local-sna-etape-3-camion-charge\/#article\",\"isPartOf\":{\"@id\":\"https:\/\/www.sentinelle-nature-alsace.fr\/fr\/nouveau-local-sna-etape-3-camion-charge\/\"},\"author\":{\"name\":\"sna\",\"@id\":\"https:\/\/www.sentinelle-nature-alsace.fr\/fr\/#\/schema\/person\/d5da7db0b7108726deb66dbe1719d04c\"},\"headline\":\"Nouveau local SNA &#8211; \u00e9tape 3 : camion charg\u00e9 !\",\"datePublished\":\"2015-03-19T20:03:27+00:00\",\"dateModified\":\"2015-04-02T09:20:25+00:00\",\"mainEntityOfPage\":{\"@id\":\"https:\/\/www.sentinelle-nature-alsace.fr\/fr\/nouveau-local-sna-etape-3-camion-charge\/\"},\"wordCount\":47,\"commentCount\":0,\"publisher\":{\"@id\":\"https:\/\/www.sentinelle-nature-alsace.fr\/fr\/#organization\"},\"image\":{\"@id\":\"https:\/\/www.sentinelle-nature-alsace.fr\/fr\/nouveau-local-sna-etape-3-camion-charge\/#primaryimage\"},\"thumbnailUrl\":\"http:\/\/www.sentinelle-nature-alsace.fr\/fr\/wp-content\/uploads\/2015\/03\/1743576_649861611810276_2587067498223672128_n.jpg\",\"keywords\":[\"centre relais\",\"charpentes nicolas uhl\"],\"articleSection\":[\"Vie associative\"],\"inLanguage\":\"fr-FR\",\"potentialAction\":[{\"@type\":\"CommentAction\",\"name\":\"Comment\",\"target\":[\"https:\/\/www.sentinelle-nature-alsace.fr\/fr\/nouveau-local-sna-etape-3-camion-charge\/#respond\"]}]},{\"@type\":\"WebPage\",\"@id\":\"https:\/\/www.sentinelle-nature-alsace.fr\/fr\/nouveau-local-sna-etape-3-camion-charge\/\",\"url\":\"https:\/\/www.sentinelle-nature-alsace.fr\/fr\/nouveau-local-sna-etape-3-camion-charge\/\",\"name\":\"Nouveau local SNA - \u00e9tape 3 : camion charg\u00e9 ! -\",\"isPartOf\":{\"@id\":\"https:\/\/www.sentinelle-nature-alsace.fr\/fr\/#website\"},\"primaryImageOfPage\":{\"@id\":\"https:\/\/www.sentinelle-nature-alsace.fr\/fr\/nouveau-local-sna-etape-3-camion-charge\/#primaryimage\"},\"image\":{\"@id\":\"https:\/\/www.sentinelle-nature-alsace.fr\/fr\/nouveau-local-sna-etape-3-camion-charge\/#primaryimage\"},\"thumbnailUrl\":\"http:\/\/www.sentinelle-nature-alsace.fr\/fr\/wp-content\/uploads\/2015\/03\/1743576_649861611810276_2587067498223672128_n.jpg\",\"datePublished\":\"2015-03-19T20:03:27+00:00\",\"dateModified\":\"2015-04-02T09:20:25+00:00\",\"breadcrumb\":{\"@id\":\"https:\/\/www.sentinelle-nature-alsace.fr\/fr\/nouveau-local-sna-etape-3-camion-charge\/#breadcrumb\"},\"inLanguage\":\"fr-FR\",\"potentialAction\":[{\"@type\":\"ReadAction\",\"target\":[\"https:\/\/www.sentinelle-nature-alsace.fr\/fr\/nouveau-local-sna-etape-3-camion-charge\/\"]}]},{\"@type\":\"ImageObject\",\"inLanguage\":\"fr-FR\",\"@id\":\"https:\/\/www.sentinelle-nature-alsace.fr\/fr\/nouveau-local-sna-etape-3-camion-charge\/#primaryimage\",\"url\":\"http:\/\/www.sentinelle-nature-alsace.fr\/fr\/wp-content\/uploads\/2015\/03\/1743576_649861611810276_2587067498223672128_n.jpg\",\"contentUrl\":\"http:\/\/www.sentinelle-nature-alsace.fr\/fr\/wp-content\/uploads\/2015\/03\/1743576_649861611810276_2587067498223672128_n.jpg\",\"width\":960,\"height\":720,\"caption\":\"...charg\u00e9s dans le camion grue\"},{\"@type\":\"BreadcrumbList\",\"@id\":\"https:\/\/www.sentinelle-nature-alsace.fr\/fr\/nouveau-local-sna-etape-3-camion-charge\/#breadcrumb\",\"itemListElement\":[{\"@type\":\"ListItem\",\"position\":1,\"name\":\"Accueil\",\"item\":\"https:\/\/www.sentinelle-nature-alsace.fr\/fr\/\"},{\"@type\":\"ListItem\",\"position\":2,\"name\":\"Nouveau local SNA &#8211; \u00e9tape 3 : camion charg\u00e9 !\"}]},{\"@type\":\"WebSite\",\"@id\":\"https:\/\/www.sentinelle-nature-alsace.fr\/fr\/#website\",\"url\":\"https:\/\/www.sentinelle-nature-alsace.fr\/fr\/\",\"name\":\"www.sentinelle-nature-alsace.fr\",\"description\":\"\",\"publisher\":{\"@id\":\"https:\/\/www.sentinelle-nature-alsace.fr\/fr\/#organization\"},\"potentialAction\":[{\"@type\":\"SearchAction\",\"target\":{\"@type\":\"EntryPoint\",\"urlTemplate\":\"https:\/\/www.sentinelle-nature-alsace.fr\/fr\/?s={search_term_string}\"},\"query-input\":{\"@type\":\"PropertyValueSpecification\",\"valueRequired\":true,\"valueName\":\"search_term_string\"}}],\"inLanguage\":\"fr-FR\"},{\"@type\":\"Organization\",\"@id\":\"https:\/\/www.sentinelle-nature-alsace.fr\/fr\/#organization\",\"name\":\"Sentinelle Nature Alsace\",\"url\":\"https:\/\/www.sentinelle-nature-alsace.fr\/fr\/\",\"logo\":{\"@type\":\"ImageObject\",\"inLanguage\":\"fr-FR\",\"@id\":\"https:\/\/www.sentinelle-nature-alsace.fr\/fr\/#\/schema\/logo\/image\/\",\"url\":\"http:\/\/www.sentinelle-nature-alsace.fr\/fr\/wp-content\/uploads\/2024\/04\/logo-sna.jpg\",\"contentUrl\":\"http:\/\/www.sentinelle-nature-alsace.fr\/fr\/wp-content\/uploads\/2024\/04\/logo-sna.jpg\",\"width\":200,\"height\":200,\"caption\":\"Sentinelle Nature Alsace\"},\"image\":{\"@id\":\"https:\/\/www.sentinelle-nature-alsace.fr\/fr\/#\/schema\/logo\/image\/\"},\"sameAs\":[\"https:\/\/www.facebook.com\/SentinelleNatureAlsace\/about\/\",\"https:\/\/www.instagram.com\/sentinellenaturealsace\/\"]},{\"@type\":\"Person\",\"@id\":\"https:\/\/www.sentinelle-nature-alsace.fr\/fr\/#\/schema\/person\/d5da7db0b7108726deb66dbe1719d04c\",\"name\":\"sna\",\"image\":{\"@type\":\"ImageObject\",\"inLanguage\":\"fr-FR\",\"@id\":\"https:\/\/secure.gravatar.com\/avatar\/bd795a97ce40ba06e9b8d2cffddd01b49c09b3d0dd0b0cc3fc98981f023a2e08?s=96&d=mm&r=g\",\"url\":\"https:\/\/secure.gravatar.com\/avatar\/bd795a97ce40ba06e9b8d2cffddd01b49c09b3d0dd0b0cc3fc98981f023a2e08?s=96&d=mm&r=g\",\"contentUrl\":\"https:\/\/secure.gravatar.com\/avatar\/bd795a97ce40ba06e9b8d2cffddd01b49c09b3d0dd0b0cc3fc98981f023a2e08?s=96&d=mm&r=g\",\"caption\":\"sna\"},\"url\":\"http:\/\/www.sentinelle-nature-alsace.fr\/fr\/author\/sna\/\"}]}<\/script>\n<!-- \/ Yoast SEO plugin. -->","yoast_head_json":{"title":"Nouveau local SNA - \u00e9tape 3 : camion charg\u00e9 ! -","robots":{"index":"index","follow":"follow","max-snippet":"max-snippet:-1","max-image-preview":"max-image-preview:large","max-video-preview":"max-video-preview:-1"},"canonical":"https:\/\/www.sentinelle-nature-alsace.fr\/fr\/nouveau-local-sna-etape-3-camion-charge\/","og_locale":"fr_FR","og_type":"article","og_title":"Nouveau local SNA - \u00e9tape 3 : camion charg\u00e9 ! -","og_description":"Youhou ! Si \u00e7a c&#8217;est pas du rapide&#8230;. Livraison et montage des murs du futur local SNA pr\u00e9vus pour demain matin !!! N&#8217;h\u00e9sitez pas \u00e0 liker la page facebook des Charpentes Nicolas UHL pour&#46;&#46;&#46;","og_url":"https:\/\/www.sentinelle-nature-alsace.fr\/fr\/nouveau-local-sna-etape-3-camion-charge\/","article_publisher":"https:\/\/www.facebook.com\/SentinelleNatureAlsace\/about\/","article_published_time":"2015-03-19T20:03:27+00:00","article_modified_time":"2015-04-02T09:20:25+00:00","og_image":[{"width":960,"height":720,"url":"https:\/\/www.sentinelle-nature-alsace.fr\/fr\/wp-content\/uploads\/2015\/03\/1743576_649861611810276_2587067498223672128_n.jpg","type":"image\/jpeg"}],"author":"sna","twitter_card":"summary_large_image","twitter_misc":{"\u00c9crit par":"sna"},"schema":{"@context":"https:\/\/schema.org","@graph":[{"@type":"Article","@id":"https:\/\/www.sentinelle-nature-alsace.fr\/fr\/nouveau-local-sna-etape-3-camion-charge\/#article","isPartOf":{"@id":"https:\/\/www.sentinelle-nature-alsace.fr\/fr\/nouveau-local-sna-etape-3-camion-charge\/"},"author":{"name":"sna","@id":"https:\/\/www.sentinelle-nature-alsace.fr\/fr\/#\/schema\/person\/d5da7db0b7108726deb66dbe1719d04c"},"headline":"Nouveau local SNA &#8211; \u00e9tape 3 : camion charg\u00e9 !","datePublished":"2015-03-19T20:03:27+00:00","dateModified":"2015-04-02T09:20:25+00:00","mainEntityOfPage":{"@id":"https:\/\/www.sentinelle-nature-alsace.fr\/fr\/nouveau-local-sna-etape-3-camion-charge\/"},"wordCount":47,"commentCount":0,"publisher":{"@id":"https:\/\/www.sentinelle-nature-alsace.fr\/fr\/#organization"},"image":{"@id":"https:\/\/www.sentinelle-nature-alsace.fr\/fr\/nouveau-local-sna-etape-3-camion-charge\/#primaryimage"},"thumbnailUrl":"http:\/\/www.sentinelle-nature-alsace.fr\/fr\/wp-content\/uploads\/2015\/03\/1743576_649861611810276_2587067498223672128_n.jpg","keywords":["centre relais","charpentes nicolas uhl"],"articleSection":["Vie associative"],"inLanguage":"fr-FR","potentialAction":[{"@type":"CommentAction","name":"Comment","target":["https:\/\/www.sentinelle-nature-alsace.fr\/fr\/nouveau-local-sna-etape-3-camion-charge\/#respond"]}]},{"@type":"WebPage","@id":"https:\/\/www.sentinelle-nature-alsace.fr\/fr\/nouveau-local-sna-etape-3-camion-charge\/","url":"https:\/\/www.sentinelle-nature-alsace.fr\/fr\/nouveau-local-sna-etape-3-camion-charge\/","name":"Nouveau local SNA - \u00e9tape 3 : camion charg\u00e9 ! -","isPartOf":{"@id":"https:\/\/www.sentinelle-nature-alsace.fr\/fr\/#website"},"primaryImageOfPage":{"@id":"https:\/\/www.sentinelle-nature-alsace.fr\/fr\/nouveau-local-sna-etape-3-camion-charge\/#primaryimage"},"image":{"@id":"https:\/\/www.sentinelle-nature-alsace.fr\/fr\/nouveau-local-sna-etape-3-camion-charge\/#primaryimage"},"thumbnailUrl":"http:\/\/www.sentinelle-nature-alsace.fr\/fr\/wp-content\/uploads\/2015\/03\/1743576_649861611810276_2587067498223672128_n.jpg","datePublished":"2015-03-19T20:03:27+00:00","dateModified":"2015-04-02T09:20:25+00:00","breadcrumb":{"@id":"https:\/\/www.sentinelle-nature-alsace.fr\/fr\/nouveau-local-sna-etape-3-camion-charge\/#breadcrumb"},"inLanguage":"fr-FR","potentialAction":[{"@type":"ReadAction","target":["https:\/\/www.sentinelle-nature-alsace.fr\/fr\/nouveau-local-sna-etape-3-camion-charge\/"]}]},{"@type":"ImageObject","inLanguage":"fr-FR","@id":"https:\/\/www.sentinelle-nature-alsace.fr\/fr\/nouveau-local-sna-etape-3-camion-charge\/#primaryimage","url":"http:\/\/www.sentinelle-nature-alsace.fr\/fr\/wp-content\/uploads\/2015\/03\/1743576_649861611810276_2587067498223672128_n.jpg","contentUrl":"http:\/\/www.sentinelle-nature-alsace.fr\/fr\/wp-content\/uploads\/2015\/03\/1743576_649861611810276_2587067498223672128_n.jpg","width":960,"height":720,"caption":"...charg\u00e9s dans le camion grue"},{"@type":"BreadcrumbList","@id":"https:\/\/www.sentinelle-nature-alsace.fr\/fr\/nouveau-local-sna-etape-3-camion-charge\/#breadcrumb","itemListElement":[{"@type":"ListItem","position":1,"name":"Accueil","item":"https:\/\/www.sentinelle-nature-alsace.fr\/fr\/"},{"@type":"ListItem","position":2,"name":"Nouveau local SNA &#8211; \u00e9tape 3 : camion charg\u00e9 !"}]},{"@type":"WebSite","@id":"https:\/\/www.sentinelle-nature-alsace.fr\/fr\/#website","url":"https:\/\/www.sentinelle-nature-alsace.fr\/fr\/","name":"www.sentinelle-nature-alsace.fr","description":"","publisher":{"@id":"https:\/\/www.sentinelle-nature-alsace.fr\/fr\/#organization"},"potentialAction":[{"@type":"SearchAction","target":{"@type":"EntryPoint","urlTemplate":"https:\/\/www.sentinelle-nature-alsace.fr\/fr\/?s={search_term_string}"},"query-input":{"@type":"PropertyValueSpecification","valueRequired":true,"valueName":"search_term_string"}}],"inLanguage":"fr-FR"},{"@type":"Organization","@id":"https:\/\/www.sentinelle-nature-alsace.fr\/fr\/#organization","name":"Sentinelle Nature Alsace","url":"https:\/\/www.sentinelle-nature-alsace.fr\/fr\/","logo":{"@type":"ImageObject","inLanguage":"fr-FR","@id":"https:\/\/www.sentinelle-nature-alsace.fr\/fr\/#\/schema\/logo\/image\/","url":"http:\/\/www.sentinelle-nature-alsace.fr\/fr\/wp-content\/uploads\/2024\/04\/logo-sna.jpg","contentUrl":"http:\/\/www.sentinelle-nature-alsace.fr\/fr\/wp-content\/uploads\/2024\/04\/logo-sna.jpg","width":200,"height":200,"caption":"Sentinelle Nature Alsace"},"image":{"@id":"https:\/\/www.sentinelle-nature-alsace.fr\/fr\/#\/schema\/logo\/image\/"},"sameAs":["https:\/\/www.facebook.com\/SentinelleNatureAlsace\/about\/","https:\/\/www.instagram.com\/sentinellenaturealsace\/"]},{"@type":"Person","@id":"https:\/\/www.sentinelle-nature-alsace.fr\/fr\/#\/schema\/person\/d5da7db0b7108726deb66dbe1719d04c","name":"sna","image":{"@type":"ImageObject","inLanguage":"fr-FR","@id":"https:\/\/secure.gravatar.com\/avatar\/bd795a97ce40ba06e9b8d2cffddd01b49c09b3d0dd0b0cc3fc98981f023a2e08?s=96&d=mm&r=g","url":"https:\/\/secure.gravatar.com\/avatar\/bd795a97ce40ba06e9b8d2cffddd01b49c09b3d0dd0b0cc3fc98981f023a2e08?s=96&d=mm&r=g","contentUrl":"https:\/\/secure.gravatar.com\/avatar\/bd795a97ce40ba06e9b8d2cffddd01b49c09b3d0dd0b0cc3fc98981f023a2e08?s=96&d=mm&r=g","caption":"sna"},"url":"http:\/\/www.sentinelle-nature-alsace.fr\/fr\/author\/sna\/"}]}},"_links":{"self":[{"href":"http:\/\/www.sentinelle-nature-alsace.fr\/fr\/wp-json\/wp\/v2\/posts\/6538","targetHints":{"allow":["GET"]}}],"collection":[{"href":"http:\/\/www.sentinelle-nature-alsace.fr\/fr\/wp-json\/wp\/v2\/posts"}],"about":[{"href":"http:\/\/www.sentinelle-nature-alsace.fr\/fr\/wp-json\/wp\/v2\/types\/post"}],"author":[{"embeddable":true,"href":"http:\/\/www.sentinelle-nature-alsace.fr\/fr\/wp-json\/wp\/v2\/users\/2"}],"replies":[{"embeddable":true,"href":"http:\/\/www.sentinelle-nature-alsace.fr\/fr\/wp-json\/wp\/v2\/comments?post=6538"}],"version-history":[{"count":2,"href":"http:\/\/www.sentinelle-nature-alsace.fr\/fr\/wp-json\/wp\/v2\/posts\/6538\/revisions"}],"predecessor-version":[{"id":6542,"href":"http:\/\/www.sentinelle-nature-alsace.fr\/fr\/wp-json\/wp\/v2\/posts\/6538\/revisions\/6542"}],"wp:featuredmedia":[{"embeddable":true,"href":"http:\/\/www.sentinelle-nature-alsace.fr\/fr\/wp-json\/wp\/v2\/media\/6539"}],"wp:attachment":[{"href":"http:\/\/www.sentinelle-nature-alsace.fr\/fr\/wp-json\/wp\/v2\/media?parent=6538"}],"wp:term":[{"taxonomy":"category","embeddable":true,"href":"http:\/\/www.sentinelle-nature-alsace.fr\/fr\/wp-json\/wp\/v2\/categories?post=6538"},{"taxonomy":"post_tag","embeddable":true,"href":"http:\/\/www.sentinelle-nature-alsace.fr\/fr\/wp-json\/wp\/v2\/tags?post=6538"}],"curies":[{"name":"wp","href":"https:\/\/api.w.org\/{rel}","templated":true}]}}