{"id":6504,"date":"2015-03-18T22:31:45","date_gmt":"2015-03-18T21:31:45","guid":{"rendered":"http:\/\/www.sentinelle-nature-alsace.fr\/fr\/?p=6504"},"modified":"2015-04-02T10:20:32","modified_gmt":"2015-04-02T09:20:32","slug":"nouveau-local-sna-etape-2-les-murs","status":"publish","type":"post","link":"http:\/\/www.sentinelle-nature-alsace.fr\/fr\/nouveau-local-sna-etape-2-les-murs\/","title":{"rendered":"Nouveau local SNA &#8211; \u00e9tape 2 : les murs !"},"content":{"rendered":"<p>Les murs du futur local SNA prennent forme gr\u00e2ce \u00e0 notre g\u00e9n\u00e9reux partenaire, les <a href=\"http:\/\/www.charpentes-uhl.fr\/\" target=\"_blank\">Charpentes Nicolas UHL<\/a><\/p>\n<p>Les diff\u00e9rents murs \u00e0 ossature bois\u00a0sont assembl\u00e9s\u00a0et isol\u00e9s directement \u00e0 l&#8217;atelier ; une fois ces structures termin\u00e9es, elles seront achemin\u00e9es gr\u00e2ce \u00e0 un camion grue et mises en place sur la structure existante. Cela repr\u00e9sentera quand m\u00eame un \u00e9norme convoi puisque les fa\u00e7ades sud et nord mesurent quand m\u00eame quasi 9m de long !<\/p>\n<h4><span style=\"color: #008080;\"><strong>Un ENORME \u00e0 Nicolas et \u00e0 toute l&#8217;\u00e9quipe !!!\u00a0<\/strong><\/span><\/h4>\n<p>Prochaine \u00e9tape : livraison des murs !!! Vite vite vite !!! \ud83d\ude42 <br \/>On se r\u00e9jouit tous et nous ne manquerons pas de vous faire partager en images l&#8217;arriv\u00e9e sur place de ces murs !\u00a0<\/p>\n<p style=\"text-align: center;\">\u00a0<\/p>\n<p style=\"text-align: center;\">Le mur de la fa\u00e7ade nord, avec l&#8217;acc\u00e8s arri\u00e8re \u00e0 une voli\u00e8re&#8230;<\/p>\n<p><a href=\"http:\/\/www.sentinelle-nature-alsace.fr\/fr\/wp-content\/uploads\/2015\/03\/facade-nord.jpg\"><img loading=\"lazy\" decoding=\"async\" class=\"aligncenter wp-image-6506 size-full\" src=\"http:\/\/www.sentinelle-nature-alsace.fr\/fr\/wp-content\/uploads\/2015\/03\/facade-nord.jpg\" alt=\"facade-nord\" width=\"720\" height=\"960\" srcset=\"http:\/\/www.sentinelle-nature-alsace.fr\/fr\/wp-content\/uploads\/2015\/03\/facade-nord.jpg 720w, http:\/\/www.sentinelle-nature-alsace.fr\/fr\/wp-content\/uploads\/2015\/03\/facade-nord-225x300.jpg 225w\" sizes=\"auto, (max-width: 720px) 100vw, 720px\" \/><\/a><\/p>\n<p style=\"text-align: center;\">\u00a0<\/p>\n<p style=\"text-align: center;\">\u00a0Le mur de la fa\u00e7ade sud, avec l&#8217;entr\u00e9e du Centre Relais et les 2 fen\u00eatres situ\u00e9es au dessus du plan de travail r\u00e9serv\u00e9s aux soins&#8230;<\/p>\n<p style=\"text-align: center;\"><a href=\"http:\/\/www.sentinelle-nature-alsace.fr\/fr\/wp-content\/uploads\/2015\/03\/facade-sud.jpg\"><img loading=\"lazy\" decoding=\"async\" class=\"aligncenter wp-image-6507 size-full\" src=\"http:\/\/www.sentinelle-nature-alsace.fr\/fr\/wp-content\/uploads\/2015\/03\/facade-sud.jpg\" alt=\"facade-sud\" width=\"720\" height=\"960\" srcset=\"http:\/\/www.sentinelle-nature-alsace.fr\/fr\/wp-content\/uploads\/2015\/03\/facade-sud.jpg 720w, http:\/\/www.sentinelle-nature-alsace.fr\/fr\/wp-content\/uploads\/2015\/03\/facade-sud-225x300.jpg 225w\" sizes=\"auto, (max-width: 720px) 100vw, 720px\" \/><\/a><\/p>\n<p style=\"text-align: center;\">\u00a0<\/p>\n<p style=\"text-align: left;\">\u00a0<\/p>\n<p style=\"text-align: left;\">\u00a0<\/p>\n","protected":false},"excerpt":{"rendered":"<p>Les murs du futur local SNA prennent forme gr\u00e2ce \u00e0 notre g\u00e9n\u00e9reux partenaire, les Charpentes Nicolas UHL Les diff\u00e9rents murs \u00e0 ossature bois\u00a0sont assembl\u00e9s\u00a0et isol\u00e9s directement \u00e0 l&#8217;atelier ; une fois ces structures termin\u00e9es,&#46;&#46;&#46;<\/p>\n","protected":false},"author":2,"featured_media":6507,"comment_status":"open","ping_status":"open","sticky":false,"template":"","format":"standard","meta":{"_s2mail":"yes","footnotes":""},"categories":[9],"tags":[47,334,333],"class_list":["post-6504","post","type-post","status-publish","format-standard","has-post-thumbnail","hentry","category-vie-associative","tag-centre-relais","tag-charpentes-nicolas-uhl","tag-nouveau-local"],"yoast_head":"<!-- This site is optimized with the Yoast SEO plugin v27.2 - https:\/\/yoast.com\/product\/yoast-seo-wordpress\/ -->\n<title>Nouveau local SNA - \u00e9tape 2 : les murs ! -<\/title>\n<meta name=\"robots\" content=\"index, follow, max-snippet:-1, max-image-preview:large, max-video-preview:-1\" \/>\n<link rel=\"canonical\" href=\"http:\/\/www.sentinelle-nature-alsace.fr\/fr\/nouveau-local-sna-etape-2-les-murs\/\" \/>\n<meta property=\"og:locale\" content=\"fr_FR\" \/>\n<meta property=\"og:type\" content=\"article\" \/>\n<meta property=\"og:title\" content=\"Nouveau local SNA - \u00e9tape 2 : les murs ! -\" \/>\n<meta property=\"og:description\" content=\"Les murs du futur local SNA prennent forme gr\u00e2ce \u00e0 notre g\u00e9n\u00e9reux partenaire, les Charpentes Nicolas UHL Les diff\u00e9rents murs \u00e0 ossature bois\u00a0sont assembl\u00e9s\u00a0et isol\u00e9s directement \u00e0 l&#8217;atelier ; une fois ces structures termin\u00e9es,&#046;&#046;&#046;\" \/>\n<meta property=\"og:url\" content=\"http:\/\/www.sentinelle-nature-alsace.fr\/fr\/nouveau-local-sna-etape-2-les-murs\/\" \/>\n<meta property=\"article:publisher\" content=\"https:\/\/www.facebook.com\/SentinelleNatureAlsace\/about\/\" \/>\n<meta property=\"article:published_time\" content=\"2015-03-18T21:31:45+00:00\" \/>\n<meta property=\"article:modified_time\" content=\"2015-04-02T09:20:32+00:00\" \/>\n<meta property=\"og:image\" content=\"http:\/\/www.sentinelle-nature-alsace.fr\/fr\/wp-content\/uploads\/2015\/03\/facade-sud.jpg\" \/>\n\t<meta property=\"og:image:width\" content=\"720\" \/>\n\t<meta property=\"og:image:height\" content=\"960\" \/>\n\t<meta property=\"og:image:type\" content=\"image\/jpeg\" \/>\n<meta name=\"author\" content=\"sna\" \/>\n<meta name=\"twitter:card\" content=\"summary_large_image\" \/>\n<meta name=\"twitter:label1\" content=\"\u00c9crit par\" \/>\n\t<meta name=\"twitter:data1\" content=\"sna\" \/>\n\t<meta name=\"twitter:label2\" content=\"Dur\u00e9e de lecture estim\u00e9e\" \/>\n\t<meta name=\"twitter:data2\" content=\"1 minute\" \/>\n<script type=\"application\/ld+json\" class=\"yoast-schema-graph\">{\"@context\":\"https:\/\/schema.org\",\"@graph\":[{\"@type\":\"Article\",\"@id\":\"http:\/\/www.sentinelle-nature-alsace.fr\/fr\/nouveau-local-sna-etape-2-les-murs\/#article\",\"isPartOf\":{\"@id\":\"http:\/\/www.sentinelle-nature-alsace.fr\/fr\/nouveau-local-sna-etape-2-les-murs\/\"},\"author\":{\"name\":\"sna\",\"@id\":\"https:\/\/www.sentinelle-nature-alsace.fr\/fr\/#\/schema\/person\/d5da7db0b7108726deb66dbe1719d04c\"},\"headline\":\"Nouveau local SNA &#8211; \u00e9tape 2 : les murs !\",\"datePublished\":\"2015-03-18T21:31:45+00:00\",\"dateModified\":\"2015-04-02T09:20:32+00:00\",\"mainEntityOfPage\":{\"@id\":\"http:\/\/www.sentinelle-nature-alsace.fr\/fr\/nouveau-local-sna-etape-2-les-murs\/\"},\"wordCount\":171,\"commentCount\":0,\"publisher\":{\"@id\":\"https:\/\/www.sentinelle-nature-alsace.fr\/fr\/#organization\"},\"image\":{\"@id\":\"http:\/\/www.sentinelle-nature-alsace.fr\/fr\/nouveau-local-sna-etape-2-les-murs\/#primaryimage\"},\"thumbnailUrl\":\"http:\/\/www.sentinelle-nature-alsace.fr\/fr\/wp-content\/uploads\/2015\/03\/facade-sud.jpg\",\"keywords\":[\"centre relais\",\"charpentes nicolas uhl\",\"nouveau local\"],\"articleSection\":[\"Vie associative\"],\"inLanguage\":\"fr-FR\",\"potentialAction\":[{\"@type\":\"CommentAction\",\"name\":\"Comment\",\"target\":[\"http:\/\/www.sentinelle-nature-alsace.fr\/fr\/nouveau-local-sna-etape-2-les-murs\/#respond\"]}]},{\"@type\":\"WebPage\",\"@id\":\"http:\/\/www.sentinelle-nature-alsace.fr\/fr\/nouveau-local-sna-etape-2-les-murs\/\",\"url\":\"http:\/\/www.sentinelle-nature-alsace.fr\/fr\/nouveau-local-sna-etape-2-les-murs\/\",\"name\":\"Nouveau local SNA - \u00e9tape 2 : les murs ! -\",\"isPartOf\":{\"@id\":\"https:\/\/www.sentinelle-nature-alsace.fr\/fr\/#website\"},\"primaryImageOfPage\":{\"@id\":\"http:\/\/www.sentinelle-nature-alsace.fr\/fr\/nouveau-local-sna-etape-2-les-murs\/#primaryimage\"},\"image\":{\"@id\":\"http:\/\/www.sentinelle-nature-alsace.fr\/fr\/nouveau-local-sna-etape-2-les-murs\/#primaryimage\"},\"thumbnailUrl\":\"http:\/\/www.sentinelle-nature-alsace.fr\/fr\/wp-content\/uploads\/2015\/03\/facade-sud.jpg\",\"datePublished\":\"2015-03-18T21:31:45+00:00\",\"dateModified\":\"2015-04-02T09:20:32+00:00\",\"breadcrumb\":{\"@id\":\"http:\/\/www.sentinelle-nature-alsace.fr\/fr\/nouveau-local-sna-etape-2-les-murs\/#breadcrumb\"},\"inLanguage\":\"fr-FR\",\"potentialAction\":[{\"@type\":\"ReadAction\",\"target\":[\"http:\/\/www.sentinelle-nature-alsace.fr\/fr\/nouveau-local-sna-etape-2-les-murs\/\"]}]},{\"@type\":\"ImageObject\",\"inLanguage\":\"fr-FR\",\"@id\":\"http:\/\/www.sentinelle-nature-alsace.fr\/fr\/nouveau-local-sna-etape-2-les-murs\/#primaryimage\",\"url\":\"http:\/\/www.sentinelle-nature-alsace.fr\/fr\/wp-content\/uploads\/2015\/03\/facade-sud.jpg\",\"contentUrl\":\"http:\/\/www.sentinelle-nature-alsace.fr\/fr\/wp-content\/uploads\/2015\/03\/facade-sud.jpg\",\"width\":720,\"height\":960,\"caption\":\"Fa\u00e7ade sud\"},{\"@type\":\"BreadcrumbList\",\"@id\":\"http:\/\/www.sentinelle-nature-alsace.fr\/fr\/nouveau-local-sna-etape-2-les-murs\/#breadcrumb\",\"itemListElement\":[{\"@type\":\"ListItem\",\"position\":1,\"name\":\"Accueil\",\"item\":\"https:\/\/www.sentinelle-nature-alsace.fr\/fr\/\"},{\"@type\":\"ListItem\",\"position\":2,\"name\":\"Nouveau local SNA &#8211; \u00e9tape 2 : les murs !\"}]},{\"@type\":\"WebSite\",\"@id\":\"https:\/\/www.sentinelle-nature-alsace.fr\/fr\/#website\",\"url\":\"https:\/\/www.sentinelle-nature-alsace.fr\/fr\/\",\"name\":\"www.sentinelle-nature-alsace.fr\",\"description\":\"\",\"publisher\":{\"@id\":\"https:\/\/www.sentinelle-nature-alsace.fr\/fr\/#organization\"},\"potentialAction\":[{\"@type\":\"SearchAction\",\"target\":{\"@type\":\"EntryPoint\",\"urlTemplate\":\"https:\/\/www.sentinelle-nature-alsace.fr\/fr\/?s={search_term_string}\"},\"query-input\":{\"@type\":\"PropertyValueSpecification\",\"valueRequired\":true,\"valueName\":\"search_term_string\"}}],\"inLanguage\":\"fr-FR\"},{\"@type\":\"Organization\",\"@id\":\"https:\/\/www.sentinelle-nature-alsace.fr\/fr\/#organization\",\"name\":\"Sentinelle Nature Alsace\",\"url\":\"https:\/\/www.sentinelle-nature-alsace.fr\/fr\/\",\"logo\":{\"@type\":\"ImageObject\",\"inLanguage\":\"fr-FR\",\"@id\":\"https:\/\/www.sentinelle-nature-alsace.fr\/fr\/#\/schema\/logo\/image\/\",\"url\":\"http:\/\/www.sentinelle-nature-alsace.fr\/fr\/wp-content\/uploads\/2024\/04\/logo-sna.jpg\",\"contentUrl\":\"http:\/\/www.sentinelle-nature-alsace.fr\/fr\/wp-content\/uploads\/2024\/04\/logo-sna.jpg\",\"width\":200,\"height\":200,\"caption\":\"Sentinelle Nature Alsace\"},\"image\":{\"@id\":\"https:\/\/www.sentinelle-nature-alsace.fr\/fr\/#\/schema\/logo\/image\/\"},\"sameAs\":[\"https:\/\/www.facebook.com\/SentinelleNatureAlsace\/about\/\",\"https:\/\/www.instagram.com\/sentinellenaturealsace\/\"]},{\"@type\":\"Person\",\"@id\":\"https:\/\/www.sentinelle-nature-alsace.fr\/fr\/#\/schema\/person\/d5da7db0b7108726deb66dbe1719d04c\",\"name\":\"sna\",\"image\":{\"@type\":\"ImageObject\",\"inLanguage\":\"fr-FR\",\"@id\":\"https:\/\/secure.gravatar.com\/avatar\/bd795a97ce40ba06e9b8d2cffddd01b49c09b3d0dd0b0cc3fc98981f023a2e08?s=96&d=mm&r=g\",\"url\":\"https:\/\/secure.gravatar.com\/avatar\/bd795a97ce40ba06e9b8d2cffddd01b49c09b3d0dd0b0cc3fc98981f023a2e08?s=96&d=mm&r=g\",\"contentUrl\":\"https:\/\/secure.gravatar.com\/avatar\/bd795a97ce40ba06e9b8d2cffddd01b49c09b3d0dd0b0cc3fc98981f023a2e08?s=96&d=mm&r=g\",\"caption\":\"sna\"},\"url\":\"http:\/\/www.sentinelle-nature-alsace.fr\/fr\/author\/sna\/\"}]}<\/script>\n<!-- \/ Yoast SEO plugin. -->","yoast_head_json":{"title":"Nouveau local SNA - \u00e9tape 2 : les murs ! -","robots":{"index":"index","follow":"follow","max-snippet":"max-snippet:-1","max-image-preview":"max-image-preview:large","max-video-preview":"max-video-preview:-1"},"canonical":"http:\/\/www.sentinelle-nature-alsace.fr\/fr\/nouveau-local-sna-etape-2-les-murs\/","og_locale":"fr_FR","og_type":"article","og_title":"Nouveau local SNA - \u00e9tape 2 : les murs ! -","og_description":"Les murs du futur local SNA prennent forme gr\u00e2ce \u00e0 notre g\u00e9n\u00e9reux partenaire, les Charpentes Nicolas UHL Les diff\u00e9rents murs \u00e0 ossature bois\u00a0sont assembl\u00e9s\u00a0et isol\u00e9s directement \u00e0 l&#8217;atelier ; une fois ces structures termin\u00e9es,&#46;&#46;&#46;","og_url":"http:\/\/www.sentinelle-nature-alsace.fr\/fr\/nouveau-local-sna-etape-2-les-murs\/","article_publisher":"https:\/\/www.facebook.com\/SentinelleNatureAlsace\/about\/","article_published_time":"2015-03-18T21:31:45+00:00","article_modified_time":"2015-04-02T09:20:32+00:00","og_image":[{"width":720,"height":960,"url":"http:\/\/www.sentinelle-nature-alsace.fr\/fr\/wp-content\/uploads\/2015\/03\/facade-sud.jpg","type":"image\/jpeg"}],"author":"sna","twitter_card":"summary_large_image","twitter_misc":{"\u00c9crit par":"sna","Dur\u00e9e de lecture estim\u00e9e":"1 minute"},"schema":{"@context":"https:\/\/schema.org","@graph":[{"@type":"Article","@id":"http:\/\/www.sentinelle-nature-alsace.fr\/fr\/nouveau-local-sna-etape-2-les-murs\/#article","isPartOf":{"@id":"http:\/\/www.sentinelle-nature-alsace.fr\/fr\/nouveau-local-sna-etape-2-les-murs\/"},"author":{"name":"sna","@id":"https:\/\/www.sentinelle-nature-alsace.fr\/fr\/#\/schema\/person\/d5da7db0b7108726deb66dbe1719d04c"},"headline":"Nouveau local SNA &#8211; \u00e9tape 2 : les murs !","datePublished":"2015-03-18T21:31:45+00:00","dateModified":"2015-04-02T09:20:32+00:00","mainEntityOfPage":{"@id":"http:\/\/www.sentinelle-nature-alsace.fr\/fr\/nouveau-local-sna-etape-2-les-murs\/"},"wordCount":171,"commentCount":0,"publisher":{"@id":"https:\/\/www.sentinelle-nature-alsace.fr\/fr\/#organization"},"image":{"@id":"http:\/\/www.sentinelle-nature-alsace.fr\/fr\/nouveau-local-sna-etape-2-les-murs\/#primaryimage"},"thumbnailUrl":"http:\/\/www.sentinelle-nature-alsace.fr\/fr\/wp-content\/uploads\/2015\/03\/facade-sud.jpg","keywords":["centre relais","charpentes nicolas uhl","nouveau local"],"articleSection":["Vie associative"],"inLanguage":"fr-FR","potentialAction":[{"@type":"CommentAction","name":"Comment","target":["http:\/\/www.sentinelle-nature-alsace.fr\/fr\/nouveau-local-sna-etape-2-les-murs\/#respond"]}]},{"@type":"WebPage","@id":"http:\/\/www.sentinelle-nature-alsace.fr\/fr\/nouveau-local-sna-etape-2-les-murs\/","url":"http:\/\/www.sentinelle-nature-alsace.fr\/fr\/nouveau-local-sna-etape-2-les-murs\/","name":"Nouveau local SNA - \u00e9tape 2 : les murs ! -","isPartOf":{"@id":"https:\/\/www.sentinelle-nature-alsace.fr\/fr\/#website"},"primaryImageOfPage":{"@id":"http:\/\/www.sentinelle-nature-alsace.fr\/fr\/nouveau-local-sna-etape-2-les-murs\/#primaryimage"},"image":{"@id":"http:\/\/www.sentinelle-nature-alsace.fr\/fr\/nouveau-local-sna-etape-2-les-murs\/#primaryimage"},"thumbnailUrl":"http:\/\/www.sentinelle-nature-alsace.fr\/fr\/wp-content\/uploads\/2015\/03\/facade-sud.jpg","datePublished":"2015-03-18T21:31:45+00:00","dateModified":"2015-04-02T09:20:32+00:00","breadcrumb":{"@id":"http:\/\/www.sentinelle-nature-alsace.fr\/fr\/nouveau-local-sna-etape-2-les-murs\/#breadcrumb"},"inLanguage":"fr-FR","potentialAction":[{"@type":"ReadAction","target":["http:\/\/www.sentinelle-nature-alsace.fr\/fr\/nouveau-local-sna-etape-2-les-murs\/"]}]},{"@type":"ImageObject","inLanguage":"fr-FR","@id":"http:\/\/www.sentinelle-nature-alsace.fr\/fr\/nouveau-local-sna-etape-2-les-murs\/#primaryimage","url":"http:\/\/www.sentinelle-nature-alsace.fr\/fr\/wp-content\/uploads\/2015\/03\/facade-sud.jpg","contentUrl":"http:\/\/www.sentinelle-nature-alsace.fr\/fr\/wp-content\/uploads\/2015\/03\/facade-sud.jpg","width":720,"height":960,"caption":"Fa\u00e7ade sud"},{"@type":"BreadcrumbList","@id":"http:\/\/www.sentinelle-nature-alsace.fr\/fr\/nouveau-local-sna-etape-2-les-murs\/#breadcrumb","itemListElement":[{"@type":"ListItem","position":1,"name":"Accueil","item":"https:\/\/www.sentinelle-nature-alsace.fr\/fr\/"},{"@type":"ListItem","position":2,"name":"Nouveau local SNA &#8211; \u00e9tape 2 : les murs !"}]},{"@type":"WebSite","@id":"https:\/\/www.sentinelle-nature-alsace.fr\/fr\/#website","url":"https:\/\/www.sentinelle-nature-alsace.fr\/fr\/","name":"www.sentinelle-nature-alsace.fr","description":"","publisher":{"@id":"https:\/\/www.sentinelle-nature-alsace.fr\/fr\/#organization"},"potentialAction":[{"@type":"SearchAction","target":{"@type":"EntryPoint","urlTemplate":"https:\/\/www.sentinelle-nature-alsace.fr\/fr\/?s={search_term_string}"},"query-input":{"@type":"PropertyValueSpecification","valueRequired":true,"valueName":"search_term_string"}}],"inLanguage":"fr-FR"},{"@type":"Organization","@id":"https:\/\/www.sentinelle-nature-alsace.fr\/fr\/#organization","name":"Sentinelle Nature Alsace","url":"https:\/\/www.sentinelle-nature-alsace.fr\/fr\/","logo":{"@type":"ImageObject","inLanguage":"fr-FR","@id":"https:\/\/www.sentinelle-nature-alsace.fr\/fr\/#\/schema\/logo\/image\/","url":"http:\/\/www.sentinelle-nature-alsace.fr\/fr\/wp-content\/uploads\/2024\/04\/logo-sna.jpg","contentUrl":"http:\/\/www.sentinelle-nature-alsace.fr\/fr\/wp-content\/uploads\/2024\/04\/logo-sna.jpg","width":200,"height":200,"caption":"Sentinelle Nature Alsace"},"image":{"@id":"https:\/\/www.sentinelle-nature-alsace.fr\/fr\/#\/schema\/logo\/image\/"},"sameAs":["https:\/\/www.facebook.com\/SentinelleNatureAlsace\/about\/","https:\/\/www.instagram.com\/sentinellenaturealsace\/"]},{"@type":"Person","@id":"https:\/\/www.sentinelle-nature-alsace.fr\/fr\/#\/schema\/person\/d5da7db0b7108726deb66dbe1719d04c","name":"sna","image":{"@type":"ImageObject","inLanguage":"fr-FR","@id":"https:\/\/secure.gravatar.com\/avatar\/bd795a97ce40ba06e9b8d2cffddd01b49c09b3d0dd0b0cc3fc98981f023a2e08?s=96&d=mm&r=g","url":"https:\/\/secure.gravatar.com\/avatar\/bd795a97ce40ba06e9b8d2cffddd01b49c09b3d0dd0b0cc3fc98981f023a2e08?s=96&d=mm&r=g","contentUrl":"https:\/\/secure.gravatar.com\/avatar\/bd795a97ce40ba06e9b8d2cffddd01b49c09b3d0dd0b0cc3fc98981f023a2e08?s=96&d=mm&r=g","caption":"sna"},"url":"http:\/\/www.sentinelle-nature-alsace.fr\/fr\/author\/sna\/"}]}},"_links":{"self":[{"href":"http:\/\/www.sentinelle-nature-alsace.fr\/fr\/wp-json\/wp\/v2\/posts\/6504","targetHints":{"allow":["GET"]}}],"collection":[{"href":"http:\/\/www.sentinelle-nature-alsace.fr\/fr\/wp-json\/wp\/v2\/posts"}],"about":[{"href":"http:\/\/www.sentinelle-nature-alsace.fr\/fr\/wp-json\/wp\/v2\/types\/post"}],"author":[{"embeddable":true,"href":"http:\/\/www.sentinelle-nature-alsace.fr\/fr\/wp-json\/wp\/v2\/users\/2"}],"replies":[{"embeddable":true,"href":"http:\/\/www.sentinelle-nature-alsace.fr\/fr\/wp-json\/wp\/v2\/comments?post=6504"}],"version-history":[{"count":22,"href":"http:\/\/www.sentinelle-nature-alsace.fr\/fr\/wp-json\/wp\/v2\/posts\/6504\/revisions"}],"predecessor-version":[{"id":6536,"href":"http:\/\/www.sentinelle-nature-alsace.fr\/fr\/wp-json\/wp\/v2\/posts\/6504\/revisions\/6536"}],"wp:featuredmedia":[{"embeddable":true,"href":"http:\/\/www.sentinelle-nature-alsace.fr\/fr\/wp-json\/wp\/v2\/media\/6507"}],"wp:attachment":[{"href":"http:\/\/www.sentinelle-nature-alsace.fr\/fr\/wp-json\/wp\/v2\/media?parent=6504"}],"wp:term":[{"taxonomy":"category","embeddable":true,"href":"http:\/\/www.sentinelle-nature-alsace.fr\/fr\/wp-json\/wp\/v2\/categories?post=6504"},{"taxonomy":"post_tag","embeddable":true,"href":"http:\/\/www.sentinelle-nature-alsace.fr\/fr\/wp-json\/wp\/v2\/tags?post=6504"}],"curies":[{"name":"wp","href":"https:\/\/api.w.org\/{rel}","templated":true}]}}