{"id":6025,"date":"2014-08-29T21:49:13","date_gmt":"2014-08-29T20:49:13","guid":{"rendered":"http:\/\/www.sentinelle-nature-alsace.fr\/fr\/?p=6025"},"modified":"2014-08-29T21:49:13","modified_gmt":"2014-08-29T20:49:13","slug":"latlas-des-mammiferes-dalsace-un-must-have-naturaliste","status":"publish","type":"post","link":"http:\/\/www.sentinelle-nature-alsace.fr\/fr\/latlas-des-mammiferes-dalsace-un-must-have-naturaliste\/","title":{"rendered":"L&#8217;atlas des mammif\u00e8res d&#8217;Alsace, un &#8220;must have&#8221; naturaliste !"},"content":{"rendered":"<p>Cet ouvrage, \u00e0 l&#8217;initiative du GEPMA compte environ 700 pages et dresse un \u00e9tat des lieux de la situation des mammif\u00e8res en Alsace, de 2000 \u00e0 2011, avec des articles complets r\u00e9dig\u00e9s par des sp\u00e9cialistes, dont le Dr Fabrice Capber, v\u00e9t\u00e9rinaire attitr\u00e9 b\u00e9n\u00e9vole de SNA. Une v\u00e9ritable bible mammalogique o\u00f9 l&#8217;on apprend \u00e9norm\u00e9ment sur les esp\u00e8ces pr\u00e9sentes en Alsace !<\/p>\n<h3>Comment obtenir l&#8217;ouvrage ?<\/h3>\n<p>Imprimez, compl\u00e9tez et retournez le <a href=\"http:\/\/gepma.org\/images\/pdf\/commande.pdf\" target=\"_blank\">bon de commande<\/a> au Gepma\u00a0accompagn\u00e9 de votre r\u00e8glement ou achetez le directement\u00a0:<\/p>\n<p>&#8211; STRASBOURG au si\u00e8ge du GEPMA<\/p>\n<p>&#8211; COLMAR au Mus\u00e9e d&#8217;Histoire Naturelle et d&#8217;Ethnographie (11 rue de Turenne) \/ \u00e0 la Librairie HARTMANN (24 Grand Rue)<\/p>\n<p>&#8211; MASEVAUX Maison de la presse SNC Le RANCH (11 rue de \u00a0Meyenberg)<\/p>\n<p>&#8211; MULHOUSE \u00e0 la Librairie Bisey (35 Place de la R\u00e9union) \/ FNAC (54 rue du Sauvage)<\/p>\n<p>&#8211; GUEBWILLER \u00e0 la Librairie Richard (64 rue R\u00e9publique)<\/p>\n<p>&#8211; MUNSTER au Parc Naturel R\u00e9gional du Ballons des Vosges (1 cour de l&#8217;Abbaye)<\/p>\n<p>&#8211; SAVERNE \u00e0 la Librairie Klaeyl\u00e9 (39 Grand&#8217;Rue)<\/p>\n<p>&#8211; ALTKIRCH \u00e0 venir au centre culturel du Leclerc.<\/p>\n","protected":false},"excerpt":{"rendered":"<p>Cet ouvrage, \u00e0 l&#8217;initiative du GEPMA compte environ 700 pages et dresse un \u00e9tat des lieux de la situation des mammif\u00e8res en Alsace, de 2000 \u00e0 2011, avec des articles complets r\u00e9dig\u00e9s par des&#46;&#46;&#46;<\/p>\n","protected":false},"author":2,"featured_media":0,"comment_status":"open","ping_status":"open","sticky":false,"template":"","format":"image","meta":{"_s2mail":"yes","footnotes":""},"categories":[5],"tags":[14,28,104,312],"class_list":["post-6025","post","type-post","status-publish","format-image","hentry","category-bibliographie","tag-alsace","tag-atlas","tag-gepma","tag-mammiferes","post_format-post-format-image"],"yoast_head":"<!-- This site is optimized with the Yoast SEO plugin v27.2 - https:\/\/yoast.com\/product\/yoast-seo-wordpress\/ -->\n<title>L&#039;atlas des mammif\u00e8res d&#039;Alsace, un &quot;must have&quot; naturaliste !  -<\/title>\n<meta name=\"robots\" content=\"index, follow, max-snippet:-1, max-image-preview:large, max-video-preview:-1\" \/>\n<link rel=\"canonical\" href=\"http:\/\/www.sentinelle-nature-alsace.fr\/fr\/latlas-des-mammiferes-dalsace-un-must-have-naturaliste\/\" \/>\n<meta property=\"og:locale\" content=\"fr_FR\" \/>\n<meta property=\"og:type\" content=\"article\" \/>\n<meta property=\"og:title\" content=\"L&#039;atlas des mammif\u00e8res d&#039;Alsace, un &quot;must have&quot; naturaliste !  -\" \/>\n<meta property=\"og:description\" content=\"Cet ouvrage, \u00e0 l&#8217;initiative du GEPMA compte environ 700 pages et dresse un \u00e9tat des lieux de la situation des mammif\u00e8res en Alsace, de 2000 \u00e0 2011, avec des articles complets r\u00e9dig\u00e9s par des&#046;&#046;&#046;\" \/>\n<meta property=\"og:url\" content=\"http:\/\/www.sentinelle-nature-alsace.fr\/fr\/latlas-des-mammiferes-dalsace-un-must-have-naturaliste\/\" \/>\n<meta property=\"article:publisher\" content=\"https:\/\/www.facebook.com\/SentinelleNatureAlsace\/about\/\" \/>\n<meta property=\"article:published_time\" content=\"2014-08-29T20:49:13+00:00\" \/>\n<meta name=\"author\" content=\"sna\" \/>\n<meta name=\"twitter:card\" content=\"summary_large_image\" \/>\n<meta name=\"twitter:label1\" content=\"\u00c9crit par\" \/>\n\t<meta name=\"twitter:data1\" content=\"sna\" \/>\n\t<meta name=\"twitter:label2\" content=\"Dur\u00e9e de lecture estim\u00e9e\" \/>\n\t<meta name=\"twitter:data2\" content=\"1 minute\" \/>\n<script type=\"application\/ld+json\" class=\"yoast-schema-graph\">{\"@context\":\"https:\/\/schema.org\",\"@graph\":[{\"@type\":\"Article\",\"@id\":\"http:\/\/www.sentinelle-nature-alsace.fr\/fr\/latlas-des-mammiferes-dalsace-un-must-have-naturaliste\/#article\",\"isPartOf\":{\"@id\":\"http:\/\/www.sentinelle-nature-alsace.fr\/fr\/latlas-des-mammiferes-dalsace-un-must-have-naturaliste\/\"},\"author\":{\"name\":\"sna\",\"@id\":\"https:\/\/www.sentinelle-nature-alsace.fr\/fr\/#\/schema\/person\/d5da7db0b7108726deb66dbe1719d04c\"},\"headline\":\"L&#8217;atlas des mammif\u00e8res d&#8217;Alsace, un &#8220;must have&#8221; naturaliste !\",\"datePublished\":\"2014-08-29T20:49:13+00:00\",\"mainEntityOfPage\":{\"@id\":\"http:\/\/www.sentinelle-nature-alsace.fr\/fr\/latlas-des-mammiferes-dalsace-un-must-have-naturaliste\/\"},\"wordCount\":184,\"commentCount\":0,\"publisher\":{\"@id\":\"https:\/\/www.sentinelle-nature-alsace.fr\/fr\/#organization\"},\"keywords\":[\"Alsace\",\"atlas\",\"GEPMA\",\"mammif\u00e8res\"],\"articleSection\":[\"Bibliographie\"],\"inLanguage\":\"fr-FR\",\"potentialAction\":[{\"@type\":\"CommentAction\",\"name\":\"Comment\",\"target\":[\"http:\/\/www.sentinelle-nature-alsace.fr\/fr\/latlas-des-mammiferes-dalsace-un-must-have-naturaliste\/#respond\"]}]},{\"@type\":\"WebPage\",\"@id\":\"http:\/\/www.sentinelle-nature-alsace.fr\/fr\/latlas-des-mammiferes-dalsace-un-must-have-naturaliste\/\",\"url\":\"http:\/\/www.sentinelle-nature-alsace.fr\/fr\/latlas-des-mammiferes-dalsace-un-must-have-naturaliste\/\",\"name\":\"L'atlas des mammif\u00e8res d'Alsace, un \\\"must have\\\" naturaliste ! -\",\"isPartOf\":{\"@id\":\"https:\/\/www.sentinelle-nature-alsace.fr\/fr\/#website\"},\"datePublished\":\"2014-08-29T20:49:13+00:00\",\"breadcrumb\":{\"@id\":\"http:\/\/www.sentinelle-nature-alsace.fr\/fr\/latlas-des-mammiferes-dalsace-un-must-have-naturaliste\/#breadcrumb\"},\"inLanguage\":\"fr-FR\",\"potentialAction\":[{\"@type\":\"ReadAction\",\"target\":[\"http:\/\/www.sentinelle-nature-alsace.fr\/fr\/latlas-des-mammiferes-dalsace-un-must-have-naturaliste\/\"]}]},{\"@type\":\"BreadcrumbList\",\"@id\":\"http:\/\/www.sentinelle-nature-alsace.fr\/fr\/latlas-des-mammiferes-dalsace-un-must-have-naturaliste\/#breadcrumb\",\"itemListElement\":[{\"@type\":\"ListItem\",\"position\":1,\"name\":\"Accueil\",\"item\":\"https:\/\/www.sentinelle-nature-alsace.fr\/fr\/\"},{\"@type\":\"ListItem\",\"position\":2,\"name\":\"L&#8217;atlas des mammif\u00e8res d&#8217;Alsace, un &#8220;must have&#8221; naturaliste !\"}]},{\"@type\":\"WebSite\",\"@id\":\"https:\/\/www.sentinelle-nature-alsace.fr\/fr\/#website\",\"url\":\"https:\/\/www.sentinelle-nature-alsace.fr\/fr\/\",\"name\":\"www.sentinelle-nature-alsace.fr\",\"description\":\"\",\"publisher\":{\"@id\":\"https:\/\/www.sentinelle-nature-alsace.fr\/fr\/#organization\"},\"potentialAction\":[{\"@type\":\"SearchAction\",\"target\":{\"@type\":\"EntryPoint\",\"urlTemplate\":\"https:\/\/www.sentinelle-nature-alsace.fr\/fr\/?s={search_term_string}\"},\"query-input\":{\"@type\":\"PropertyValueSpecification\",\"valueRequired\":true,\"valueName\":\"search_term_string\"}}],\"inLanguage\":\"fr-FR\"},{\"@type\":\"Organization\",\"@id\":\"https:\/\/www.sentinelle-nature-alsace.fr\/fr\/#organization\",\"name\":\"Sentinelle Nature Alsace\",\"url\":\"https:\/\/www.sentinelle-nature-alsace.fr\/fr\/\",\"logo\":{\"@type\":\"ImageObject\",\"inLanguage\":\"fr-FR\",\"@id\":\"https:\/\/www.sentinelle-nature-alsace.fr\/fr\/#\/schema\/logo\/image\/\",\"url\":\"http:\/\/www.sentinelle-nature-alsace.fr\/fr\/wp-content\/uploads\/2024\/04\/logo-sna.jpg\",\"contentUrl\":\"http:\/\/www.sentinelle-nature-alsace.fr\/fr\/wp-content\/uploads\/2024\/04\/logo-sna.jpg\",\"width\":200,\"height\":200,\"caption\":\"Sentinelle Nature Alsace\"},\"image\":{\"@id\":\"https:\/\/www.sentinelle-nature-alsace.fr\/fr\/#\/schema\/logo\/image\/\"},\"sameAs\":[\"https:\/\/www.facebook.com\/SentinelleNatureAlsace\/about\/\",\"https:\/\/www.instagram.com\/sentinellenaturealsace\/\"]},{\"@type\":\"Person\",\"@id\":\"https:\/\/www.sentinelle-nature-alsace.fr\/fr\/#\/schema\/person\/d5da7db0b7108726deb66dbe1719d04c\",\"name\":\"sna\",\"image\":{\"@type\":\"ImageObject\",\"inLanguage\":\"fr-FR\",\"@id\":\"https:\/\/secure.gravatar.com\/avatar\/bd795a97ce40ba06e9b8d2cffddd01b49c09b3d0dd0b0cc3fc98981f023a2e08?s=96&d=mm&r=g\",\"url\":\"https:\/\/secure.gravatar.com\/avatar\/bd795a97ce40ba06e9b8d2cffddd01b49c09b3d0dd0b0cc3fc98981f023a2e08?s=96&d=mm&r=g\",\"contentUrl\":\"https:\/\/secure.gravatar.com\/avatar\/bd795a97ce40ba06e9b8d2cffddd01b49c09b3d0dd0b0cc3fc98981f023a2e08?s=96&d=mm&r=g\",\"caption\":\"sna\"},\"url\":\"http:\/\/www.sentinelle-nature-alsace.fr\/fr\/author\/sna\/\"}]}<\/script>\n<!-- \/ Yoast SEO plugin. -->","yoast_head_json":{"title":"L'atlas des mammif\u00e8res d'Alsace, un \"must have\" naturaliste !  -","robots":{"index":"index","follow":"follow","max-snippet":"max-snippet:-1","max-image-preview":"max-image-preview:large","max-video-preview":"max-video-preview:-1"},"canonical":"http:\/\/www.sentinelle-nature-alsace.fr\/fr\/latlas-des-mammiferes-dalsace-un-must-have-naturaliste\/","og_locale":"fr_FR","og_type":"article","og_title":"L'atlas des mammif\u00e8res d'Alsace, un \"must have\" naturaliste !  -","og_description":"Cet ouvrage, \u00e0 l&#8217;initiative du GEPMA compte environ 700 pages et dresse un \u00e9tat des lieux de la situation des mammif\u00e8res en Alsace, de 2000 \u00e0 2011, avec des articles complets r\u00e9dig\u00e9s par des&#46;&#46;&#46;","og_url":"http:\/\/www.sentinelle-nature-alsace.fr\/fr\/latlas-des-mammiferes-dalsace-un-must-have-naturaliste\/","article_publisher":"https:\/\/www.facebook.com\/SentinelleNatureAlsace\/about\/","article_published_time":"2014-08-29T20:49:13+00:00","author":"sna","twitter_card":"summary_large_image","twitter_misc":{"\u00c9crit par":"sna","Dur\u00e9e de lecture estim\u00e9e":"1 minute"},"schema":{"@context":"https:\/\/schema.org","@graph":[{"@type":"Article","@id":"http:\/\/www.sentinelle-nature-alsace.fr\/fr\/latlas-des-mammiferes-dalsace-un-must-have-naturaliste\/#article","isPartOf":{"@id":"http:\/\/www.sentinelle-nature-alsace.fr\/fr\/latlas-des-mammiferes-dalsace-un-must-have-naturaliste\/"},"author":{"name":"sna","@id":"https:\/\/www.sentinelle-nature-alsace.fr\/fr\/#\/schema\/person\/d5da7db0b7108726deb66dbe1719d04c"},"headline":"L&#8217;atlas des mammif\u00e8res d&#8217;Alsace, un &#8220;must have&#8221; naturaliste !","datePublished":"2014-08-29T20:49:13+00:00","mainEntityOfPage":{"@id":"http:\/\/www.sentinelle-nature-alsace.fr\/fr\/latlas-des-mammiferes-dalsace-un-must-have-naturaliste\/"},"wordCount":184,"commentCount":0,"publisher":{"@id":"https:\/\/www.sentinelle-nature-alsace.fr\/fr\/#organization"},"keywords":["Alsace","atlas","GEPMA","mammif\u00e8res"],"articleSection":["Bibliographie"],"inLanguage":"fr-FR","potentialAction":[{"@type":"CommentAction","name":"Comment","target":["http:\/\/www.sentinelle-nature-alsace.fr\/fr\/latlas-des-mammiferes-dalsace-un-must-have-naturaliste\/#respond"]}]},{"@type":"WebPage","@id":"http:\/\/www.sentinelle-nature-alsace.fr\/fr\/latlas-des-mammiferes-dalsace-un-must-have-naturaliste\/","url":"http:\/\/www.sentinelle-nature-alsace.fr\/fr\/latlas-des-mammiferes-dalsace-un-must-have-naturaliste\/","name":"L'atlas des mammif\u00e8res d'Alsace, un \"must have\" naturaliste ! -","isPartOf":{"@id":"https:\/\/www.sentinelle-nature-alsace.fr\/fr\/#website"},"datePublished":"2014-08-29T20:49:13+00:00","breadcrumb":{"@id":"http:\/\/www.sentinelle-nature-alsace.fr\/fr\/latlas-des-mammiferes-dalsace-un-must-have-naturaliste\/#breadcrumb"},"inLanguage":"fr-FR","potentialAction":[{"@type":"ReadAction","target":["http:\/\/www.sentinelle-nature-alsace.fr\/fr\/latlas-des-mammiferes-dalsace-un-must-have-naturaliste\/"]}]},{"@type":"BreadcrumbList","@id":"http:\/\/www.sentinelle-nature-alsace.fr\/fr\/latlas-des-mammiferes-dalsace-un-must-have-naturaliste\/#breadcrumb","itemListElement":[{"@type":"ListItem","position":1,"name":"Accueil","item":"https:\/\/www.sentinelle-nature-alsace.fr\/fr\/"},{"@type":"ListItem","position":2,"name":"L&#8217;atlas des mammif\u00e8res d&#8217;Alsace, un &#8220;must have&#8221; naturaliste !"}]},{"@type":"WebSite","@id":"https:\/\/www.sentinelle-nature-alsace.fr\/fr\/#website","url":"https:\/\/www.sentinelle-nature-alsace.fr\/fr\/","name":"www.sentinelle-nature-alsace.fr","description":"","publisher":{"@id":"https:\/\/www.sentinelle-nature-alsace.fr\/fr\/#organization"},"potentialAction":[{"@type":"SearchAction","target":{"@type":"EntryPoint","urlTemplate":"https:\/\/www.sentinelle-nature-alsace.fr\/fr\/?s={search_term_string}"},"query-input":{"@type":"PropertyValueSpecification","valueRequired":true,"valueName":"search_term_string"}}],"inLanguage":"fr-FR"},{"@type":"Organization","@id":"https:\/\/www.sentinelle-nature-alsace.fr\/fr\/#organization","name":"Sentinelle Nature Alsace","url":"https:\/\/www.sentinelle-nature-alsace.fr\/fr\/","logo":{"@type":"ImageObject","inLanguage":"fr-FR","@id":"https:\/\/www.sentinelle-nature-alsace.fr\/fr\/#\/schema\/logo\/image\/","url":"http:\/\/www.sentinelle-nature-alsace.fr\/fr\/wp-content\/uploads\/2024\/04\/logo-sna.jpg","contentUrl":"http:\/\/www.sentinelle-nature-alsace.fr\/fr\/wp-content\/uploads\/2024\/04\/logo-sna.jpg","width":200,"height":200,"caption":"Sentinelle Nature Alsace"},"image":{"@id":"https:\/\/www.sentinelle-nature-alsace.fr\/fr\/#\/schema\/logo\/image\/"},"sameAs":["https:\/\/www.facebook.com\/SentinelleNatureAlsace\/about\/","https:\/\/www.instagram.com\/sentinellenaturealsace\/"]},{"@type":"Person","@id":"https:\/\/www.sentinelle-nature-alsace.fr\/fr\/#\/schema\/person\/d5da7db0b7108726deb66dbe1719d04c","name":"sna","image":{"@type":"ImageObject","inLanguage":"fr-FR","@id":"https:\/\/secure.gravatar.com\/avatar\/bd795a97ce40ba06e9b8d2cffddd01b49c09b3d0dd0b0cc3fc98981f023a2e08?s=96&d=mm&r=g","url":"https:\/\/secure.gravatar.com\/avatar\/bd795a97ce40ba06e9b8d2cffddd01b49c09b3d0dd0b0cc3fc98981f023a2e08?s=96&d=mm&r=g","contentUrl":"https:\/\/secure.gravatar.com\/avatar\/bd795a97ce40ba06e9b8d2cffddd01b49c09b3d0dd0b0cc3fc98981f023a2e08?s=96&d=mm&r=g","caption":"sna"},"url":"http:\/\/www.sentinelle-nature-alsace.fr\/fr\/author\/sna\/"}]}},"_links":{"self":[{"href":"http:\/\/www.sentinelle-nature-alsace.fr\/fr\/wp-json\/wp\/v2\/posts\/6025","targetHints":{"allow":["GET"]}}],"collection":[{"href":"http:\/\/www.sentinelle-nature-alsace.fr\/fr\/wp-json\/wp\/v2\/posts"}],"about":[{"href":"http:\/\/www.sentinelle-nature-alsace.fr\/fr\/wp-json\/wp\/v2\/types\/post"}],"author":[{"embeddable":true,"href":"http:\/\/www.sentinelle-nature-alsace.fr\/fr\/wp-json\/wp\/v2\/users\/2"}],"replies":[{"embeddable":true,"href":"http:\/\/www.sentinelle-nature-alsace.fr\/fr\/wp-json\/wp\/v2\/comments?post=6025"}],"version-history":[{"count":5,"href":"http:\/\/www.sentinelle-nature-alsace.fr\/fr\/wp-json\/wp\/v2\/posts\/6025\/revisions"}],"predecessor-version":[{"id":6050,"href":"http:\/\/www.sentinelle-nature-alsace.fr\/fr\/wp-json\/wp\/v2\/posts\/6025\/revisions\/6050"}],"wp:attachment":[{"href":"http:\/\/www.sentinelle-nature-alsace.fr\/fr\/wp-json\/wp\/v2\/media?parent=6025"}],"wp:term":[{"taxonomy":"category","embeddable":true,"href":"http:\/\/www.sentinelle-nature-alsace.fr\/fr\/wp-json\/wp\/v2\/categories?post=6025"},{"taxonomy":"post_tag","embeddable":true,"href":"http:\/\/www.sentinelle-nature-alsace.fr\/fr\/wp-json\/wp\/v2\/tags?post=6025"}],"curies":[{"name":"wp","href":"https:\/\/api.w.org\/{rel}","templated":true}]}}