{"id":3966,"date":"2013-09-23T08:10:01","date_gmt":"2013-09-23T08:10:01","guid":{"rendered":"http:\/\/www.sentinelle-nature-alsace.fr\/fr\/?p=3966"},"modified":"2014-07-23T20:53:35","modified_gmt":"2014-07-23T19:53:35","slug":"le-n-300-un-hote-de-marque","status":"publish","type":"post","link":"http:\/\/www.sentinelle-nature-alsace.fr\/fr\/le-n-300-un-hote-de-marque\/","title":{"rendered":"Le N\u00b0 300 : un h\u00f4te de marque !"},"content":{"rendered":"<p>Le N\u00b0 300 de nos accueils cette ann\u00e9e s&#8217;av\u00e8re \u00eatre un animal relativement rare et particulier&#8230; Il s&#8217;agit d&#8217;un jeune busard des roseaux ! Cet oiseau, d\u00e9couvert \u00e0 Horbourg-Wihr, proche d&#8217;un \u00e9tang de p\u00eache, nous a \u00e9t\u00e9 rapport\u00e9 par les Brigades Vertes avec une fracture \u00e0 l&#8217;aile (au niveau des m\u00e9tacarpes).<\/p>\n<p>Il a imm\u00e9diatement \u00e9t\u00e9 transport\u00e9 chez le v\u00e9t\u00e9rinaire, le Dr Capber \u00e0 Colmar, pour y \u00eatre op\u00e9r\u00e9&#8230; Apr\u00e8s une radio, l&#8217;oiseau a \u00e9t\u00e9 broch\u00e9, puis rapport\u00e9 au local SNA&#8230;<\/p>\n<p><a href=\"http:\/\/www.sentinelle-nature-alsace.fr\/fr\/wp-content\/uploads\/2013\/10\/SNA-BUSARD-DES-ROSEAUX-00010101-CR-du-01-10-2013-S0-I0-e1380790971502.jpg\"><img loading=\"lazy\" decoding=\"async\" class=\"alignleft wp-image-3992 size-thumbnail\" src=\"http:\/\/www.sentinelle-nature-alsace.fr\/fr\/wp-content\/uploads\/2013\/10\/SNA-BUSARD-DES-ROSEAUX-00010101-CR-du-01-10-2013-S0-I0-e1380790971502-150x150.jpg\" alt=\"SNA- BUSARD DES ROSEAUX- 00010101- CR du 01-10-2013 S0 I0\" width=\"150\" height=\"150\" srcset=\"http:\/\/www.sentinelle-nature-alsace.fr\/fr\/wp-content\/uploads\/2013\/10\/SNA-BUSARD-DES-ROSEAUX-00010101-CR-du-01-10-2013-S0-I0-e1380790971502-150x150.jpg 150w, http:\/\/www.sentinelle-nature-alsace.fr\/fr\/wp-content\/uploads\/2013\/10\/SNA-BUSARD-DES-ROSEAUX-00010101-CR-du-01-10-2013-S0-I0-e1380790971502-160x160.jpg 160w\" sizes=\"auto, (max-width: 150px) 100vw, 150px\" \/><\/a><\/p>\n<p><a href=\"http:\/\/www.sentinelle-nature-alsace.fr\/fr\/wp-content\/uploads\/2013\/10\/sna-Inconnu-00010101-CR-du-30-09-2013-S0-I0-e1380790989103.jpg\"><img loading=\"lazy\" decoding=\"async\" class=\"alignleft wp-image-3993 size-thumbnail\" src=\"http:\/\/www.sentinelle-nature-alsace.fr\/fr\/wp-content\/uploads\/2013\/10\/sna-Inconnu-00010101-CR-du-30-09-2013-S0-I0-e1380790989103-150x150.jpg\" alt=\"sna- Inconnu - 00010101- CR du 30-09-2013 S0 I0\" width=\"150\" height=\"150\" srcset=\"http:\/\/www.sentinelle-nature-alsace.fr\/fr\/wp-content\/uploads\/2013\/10\/sna-Inconnu-00010101-CR-du-30-09-2013-S0-I0-e1380790989103-150x150.jpg 150w, http:\/\/www.sentinelle-nature-alsace.fr\/fr\/wp-content\/uploads\/2013\/10\/sna-Inconnu-00010101-CR-du-30-09-2013-S0-I0-e1380790989103-160x160.jpg 160w\" sizes=\"auto, (max-width: 150px) 100vw, 150px\" \/><\/a><\/p>\n<p>&nbsp;<\/p>\n<p>&nbsp;<\/p>\n<p>&nbsp;<\/p>\n<p>(Ci-contre : \u00e0 gauche, radio de l&#8217;aile avec les fractures visibles, \u00e0 droite l&#8217;aile avec la broche pos\u00e9e)<\/p>\n<p>&nbsp;<\/p>\n<p>Une fois son \u00e9tat stabilis\u00e9, il fut transf\u00e9r\u00e9 \u00e0 la LPO, o\u00f9 il restera le temps n\u00e9cessaire \u00e0 sa gu\u00e9rison et \u00e0 son entrainement au vol en voli\u00e8re.<\/p>\n<p>Ce jeune busard (s\u00fbrement une femelle de 2 ans en plumage juv\u00e9nile) devra cependant attendre le prochain printemps avant d&#8217;\u00eatre rel\u00e2ch\u00e9. En effet, le busard des roseaux est une esp\u00e8ce migratrice, et durant l&#8217;hiver il part en Afrique du Nord, pour revenir en avril-mai.<\/p>\n<p>Le busard des roseaux vit essentiellement dans les plaines mar\u00e9cageuses aux abords des \u00e9tangs, lacs et rivi\u00e8res entour\u00e9s de roseli\u00e8res. Son habitat disparaissant, il est en train de s&#8217;adapter \u00e0 des zones plus s\u00e8ches&#8230;.<\/p>\n<p>Cet oiseau, tr\u00e8s en danger, est vraiment \u00e0 prot\u00e9ger&#8230; \u00a0Et nous sommes ravis d&#8217;avoir pu contribuer \u00e0 remettre un potentiel futur reproducteur dans la nature !<\/p>\n\n\t\t<style type=\"text\/css\">\n\t\t\t#gallery-1 {\n\t\t\t\tmargin: auto;\n\t\t\t}\n\t\t\t#gallery-1 .gallery-item {\n\t\t\t\tfloat: left;\n\t\t\t\tmargin-top: 10px;\n\t\t\t\ttext-align: center;\n\t\t\t\twidth: 33%;\n\t\t\t}\n\t\t\t#gallery-1 img {\n\t\t\t\tborder: 2px solid #cfcfcf;\n\t\t\t}\n\t\t\t#gallery-1 .gallery-caption {\n\t\t\t\tmargin-left: 0;\n\t\t\t}\n\t\t\t\/* see gallery_shortcode() in wp-includes\/media.php *\/\n\t\t<\/style>\n\t\t<div id='gallery-1' class='gallery galleryid-3966 gallery-columns-3 gallery-size-thumbnail'><dl class='gallery-item'>\n\t\t\t<dt class='gallery-icon landscape'>\n\t\t\t\t<a href='http:\/\/www.sentinelle-nature-alsace.fr\/fr\/le-n-300-un-hote-de-marque\/dsc03015\/'><img loading=\"lazy\" decoding=\"async\" width=\"150\" height=\"150\" src=\"http:\/\/www.sentinelle-nature-alsace.fr\/fr\/wp-content\/uploads\/2013\/09\/DSC03015-e1381086614259-150x150.jpg\" class=\"attachment-thumbnail size-thumbnail no-lazy\" alt=\"\" srcset=\"http:\/\/www.sentinelle-nature-alsace.fr\/fr\/wp-content\/uploads\/2013\/09\/DSC03015-e1381086614259-150x150.jpg 150w, http:\/\/www.sentinelle-nature-alsace.fr\/fr\/wp-content\/uploads\/2013\/09\/DSC03015-e1381086614259-160x160.jpg 160w\" sizes=\"auto, (max-width: 150px) 100vw, 150px\" \/><\/a>\n\t\t\t<\/dt><\/dl><dl class='gallery-item'>\n\t\t\t<dt class='gallery-icon portrait'>\n\t\t\t\t<a href='http:\/\/www.sentinelle-nature-alsace.fr\/fr\/le-n-300-un-hote-de-marque\/dsc03020\/'><img loading=\"lazy\" decoding=\"async\" width=\"150\" height=\"150\" src=\"http:\/\/www.sentinelle-nature-alsace.fr\/fr\/wp-content\/uploads\/2013\/09\/DSC03020-e1381086738108-150x150.jpg\" class=\"attachment-thumbnail size-thumbnail no-lazy\" alt=\"\" srcset=\"http:\/\/www.sentinelle-nature-alsace.fr\/fr\/wp-content\/uploads\/2013\/09\/DSC03020-e1381086738108-150x150.jpg 150w, http:\/\/www.sentinelle-nature-alsace.fr\/fr\/wp-content\/uploads\/2013\/09\/DSC03020-e1381086738108-160x160.jpg 160w\" sizes=\"auto, (max-width: 150px) 100vw, 150px\" \/><\/a>\n\t\t\t<\/dt><\/dl><dl class='gallery-item'>\n\t\t\t<dt class='gallery-icon landscape'>\n\t\t\t\t<a href='http:\/\/www.sentinelle-nature-alsace.fr\/fr\/le-n-300-un-hote-de-marque\/dsc03023-2\/'><img loading=\"lazy\" decoding=\"async\" width=\"150\" height=\"150\" src=\"http:\/\/www.sentinelle-nature-alsace.fr\/fr\/wp-content\/uploads\/2013\/09\/DSC030231-e1381086855656-150x150.jpg\" class=\"attachment-thumbnail size-thumbnail no-lazy\" alt=\"\" srcset=\"http:\/\/www.sentinelle-nature-alsace.fr\/fr\/wp-content\/uploads\/2013\/09\/DSC030231-e1381086855656-150x150.jpg 150w, http:\/\/www.sentinelle-nature-alsace.fr\/fr\/wp-content\/uploads\/2013\/09\/DSC030231-e1381086855656-160x160.jpg 160w\" sizes=\"auto, (max-width: 150px) 100vw, 150px\" \/><\/a>\n\t\t\t<\/dt><\/dl><br style=\"clear: both\" \/>\n\t\t<\/div>\n\n","protected":false},"excerpt":{"rendered":"<p>Le N\u00b0 300 de nos accueils cette ann\u00e9e s&#8217;av\u00e8re \u00eatre un animal relativement rare et particulier&#8230; Il s&#8217;agit d&#8217;un jeune busard des roseaux ! Cet oiseau, d\u00e9couvert \u00e0 Horbourg-Wihr, proche d&#8217;un \u00e9tang de p\u00eache,&#46;&#46;&#46;<\/p>\n","protected":false},"author":2,"featured_media":4006,"comment_status":"open","ping_status":"closed","sticky":false,"template":"","format":"image","meta":{"_s2mail":"yes","footnotes":""},"categories":[2],"tags":[40],"class_list":["post-3966","post","type-post","status-publish","format-image","has-post-thumbnail","hentry","category-animaux-detresse","tag-busard","post_format-post-format-image"],"yoast_head":"<!-- This site is optimized with the Yoast SEO plugin v27.2 - https:\/\/yoast.com\/product\/yoast-seo-wordpress\/ -->\n<title>Le N\u00b0 300 : un h\u00f4te de marque ! -<\/title>\n<meta name=\"robots\" content=\"index, follow, max-snippet:-1, max-image-preview:large, max-video-preview:-1\" \/>\n<link rel=\"canonical\" href=\"http:\/\/www.sentinelle-nature-alsace.fr\/fr\/le-n-300-un-hote-de-marque\/\" \/>\n<meta property=\"og:locale\" content=\"fr_FR\" \/>\n<meta property=\"og:type\" content=\"article\" \/>\n<meta property=\"og:title\" content=\"Le N\u00b0 300 : un h\u00f4te de marque ! -\" \/>\n<meta property=\"og:description\" content=\"Le N\u00b0 300 de nos accueils cette ann\u00e9e s&#8217;av\u00e8re \u00eatre un animal relativement rare et particulier&#8230; Il s&#8217;agit d&#8217;un jeune busard des roseaux ! Cet oiseau, d\u00e9couvert \u00e0 Horbourg-Wihr, proche d&#8217;un \u00e9tang de p\u00eache,&#046;&#046;&#046;\" \/>\n<meta property=\"og:url\" content=\"http:\/\/www.sentinelle-nature-alsace.fr\/fr\/le-n-300-un-hote-de-marque\/\" \/>\n<meta property=\"article:publisher\" content=\"https:\/\/www.facebook.com\/SentinelleNatureAlsace\/about\/\" \/>\n<meta property=\"article:published_time\" content=\"2013-09-23T08:10:01+00:00\" \/>\n<meta property=\"article:modified_time\" content=\"2014-07-23T19:53:35+00:00\" \/>\n<meta property=\"og:image\" content=\"http:\/\/www.sentinelle-nature-alsace.fr\/fr\/wp-content\/uploads\/2013\/09\/DSC03044-e1381086948111.jpg\" \/>\n\t<meta property=\"og:image:width\" content=\"1000\" \/>\n\t<meta property=\"og:image:height\" content=\"750\" \/>\n\t<meta property=\"og:image:type\" content=\"image\/jpeg\" \/>\n<meta name=\"author\" content=\"sna\" \/>\n<meta name=\"twitter:card\" content=\"summary_large_image\" \/>\n<meta name=\"twitter:label1\" content=\"\u00c9crit par\" \/>\n\t<meta name=\"twitter:data1\" content=\"sna\" \/>\n\t<meta name=\"twitter:label2\" content=\"Dur\u00e9e de lecture estim\u00e9e\" \/>\n\t<meta name=\"twitter:data2\" content=\"1 minute\" \/>\n<script type=\"application\/ld+json\" class=\"yoast-schema-graph\">{\"@context\":\"https:\/\/schema.org\",\"@graph\":[{\"@type\":\"Article\",\"@id\":\"http:\/\/www.sentinelle-nature-alsace.fr\/fr\/le-n-300-un-hote-de-marque\/#article\",\"isPartOf\":{\"@id\":\"http:\/\/www.sentinelle-nature-alsace.fr\/fr\/le-n-300-un-hote-de-marque\/\"},\"author\":{\"name\":\"sna\",\"@id\":\"https:\/\/www.sentinelle-nature-alsace.fr\/fr\/#\/schema\/person\/d5da7db0b7108726deb66dbe1719d04c\"},\"headline\":\"Le N\u00b0 300 : un h\u00f4te de marque !\",\"datePublished\":\"2013-09-23T08:10:01+00:00\",\"dateModified\":\"2014-07-23T19:53:35+00:00\",\"mainEntityOfPage\":{\"@id\":\"http:\/\/www.sentinelle-nature-alsace.fr\/fr\/le-n-300-un-hote-de-marque\/\"},\"wordCount\":254,\"commentCount\":0,\"publisher\":{\"@id\":\"https:\/\/www.sentinelle-nature-alsace.fr\/fr\/#organization\"},\"image\":{\"@id\":\"http:\/\/www.sentinelle-nature-alsace.fr\/fr\/le-n-300-un-hote-de-marque\/#primaryimage\"},\"thumbnailUrl\":\"http:\/\/www.sentinelle-nature-alsace.fr\/fr\/wp-content\/uploads\/2013\/09\/DSC03044-e1381086948111.jpg\",\"keywords\":[\"busard\"],\"articleSection\":[\"Accueil Animaux\"],\"inLanguage\":\"fr-FR\",\"potentialAction\":[{\"@type\":\"CommentAction\",\"name\":\"Comment\",\"target\":[\"http:\/\/www.sentinelle-nature-alsace.fr\/fr\/le-n-300-un-hote-de-marque\/#respond\"]}]},{\"@type\":\"WebPage\",\"@id\":\"http:\/\/www.sentinelle-nature-alsace.fr\/fr\/le-n-300-un-hote-de-marque\/\",\"url\":\"http:\/\/www.sentinelle-nature-alsace.fr\/fr\/le-n-300-un-hote-de-marque\/\",\"name\":\"Le N\u00b0 300 : un h\u00f4te de marque ! -\",\"isPartOf\":{\"@id\":\"https:\/\/www.sentinelle-nature-alsace.fr\/fr\/#website\"},\"primaryImageOfPage\":{\"@id\":\"http:\/\/www.sentinelle-nature-alsace.fr\/fr\/le-n-300-un-hote-de-marque\/#primaryimage\"},\"image\":{\"@id\":\"http:\/\/www.sentinelle-nature-alsace.fr\/fr\/le-n-300-un-hote-de-marque\/#primaryimage\"},\"thumbnailUrl\":\"http:\/\/www.sentinelle-nature-alsace.fr\/fr\/wp-content\/uploads\/2013\/09\/DSC03044-e1381086948111.jpg\",\"datePublished\":\"2013-09-23T08:10:01+00:00\",\"dateModified\":\"2014-07-23T19:53:35+00:00\",\"breadcrumb\":{\"@id\":\"http:\/\/www.sentinelle-nature-alsace.fr\/fr\/le-n-300-un-hote-de-marque\/#breadcrumb\"},\"inLanguage\":\"fr-FR\",\"potentialAction\":[{\"@type\":\"ReadAction\",\"target\":[\"http:\/\/www.sentinelle-nature-alsace.fr\/fr\/le-n-300-un-hote-de-marque\/\"]}]},{\"@type\":\"ImageObject\",\"inLanguage\":\"fr-FR\",\"@id\":\"http:\/\/www.sentinelle-nature-alsace.fr\/fr\/le-n-300-un-hote-de-marque\/#primaryimage\",\"url\":\"http:\/\/www.sentinelle-nature-alsace.fr\/fr\/wp-content\/uploads\/2013\/09\/DSC03044-e1381086948111.jpg\",\"contentUrl\":\"http:\/\/www.sentinelle-nature-alsace.fr\/fr\/wp-content\/uploads\/2013\/09\/DSC03044-e1381086948111.jpg\",\"width\":1000,\"height\":750},{\"@type\":\"BreadcrumbList\",\"@id\":\"http:\/\/www.sentinelle-nature-alsace.fr\/fr\/le-n-300-un-hote-de-marque\/#breadcrumb\",\"itemListElement\":[{\"@type\":\"ListItem\",\"position\":1,\"name\":\"Accueil\",\"item\":\"https:\/\/www.sentinelle-nature-alsace.fr\/fr\/\"},{\"@type\":\"ListItem\",\"position\":2,\"name\":\"Le N\u00b0 300 : un h\u00f4te de marque !\"}]},{\"@type\":\"WebSite\",\"@id\":\"https:\/\/www.sentinelle-nature-alsace.fr\/fr\/#website\",\"url\":\"https:\/\/www.sentinelle-nature-alsace.fr\/fr\/\",\"name\":\"www.sentinelle-nature-alsace.fr\",\"description\":\"\",\"publisher\":{\"@id\":\"https:\/\/www.sentinelle-nature-alsace.fr\/fr\/#organization\"},\"potentialAction\":[{\"@type\":\"SearchAction\",\"target\":{\"@type\":\"EntryPoint\",\"urlTemplate\":\"https:\/\/www.sentinelle-nature-alsace.fr\/fr\/?s={search_term_string}\"},\"query-input\":{\"@type\":\"PropertyValueSpecification\",\"valueRequired\":true,\"valueName\":\"search_term_string\"}}],\"inLanguage\":\"fr-FR\"},{\"@type\":\"Organization\",\"@id\":\"https:\/\/www.sentinelle-nature-alsace.fr\/fr\/#organization\",\"name\":\"Sentinelle Nature Alsace\",\"url\":\"https:\/\/www.sentinelle-nature-alsace.fr\/fr\/\",\"logo\":{\"@type\":\"ImageObject\",\"inLanguage\":\"fr-FR\",\"@id\":\"https:\/\/www.sentinelle-nature-alsace.fr\/fr\/#\/schema\/logo\/image\/\",\"url\":\"http:\/\/www.sentinelle-nature-alsace.fr\/fr\/wp-content\/uploads\/2024\/04\/logo-sna.jpg\",\"contentUrl\":\"http:\/\/www.sentinelle-nature-alsace.fr\/fr\/wp-content\/uploads\/2024\/04\/logo-sna.jpg\",\"width\":200,\"height\":200,\"caption\":\"Sentinelle Nature Alsace\"},\"image\":{\"@id\":\"https:\/\/www.sentinelle-nature-alsace.fr\/fr\/#\/schema\/logo\/image\/\"},\"sameAs\":[\"https:\/\/www.facebook.com\/SentinelleNatureAlsace\/about\/\",\"https:\/\/www.instagram.com\/sentinellenaturealsace\/\"]},{\"@type\":\"Person\",\"@id\":\"https:\/\/www.sentinelle-nature-alsace.fr\/fr\/#\/schema\/person\/d5da7db0b7108726deb66dbe1719d04c\",\"name\":\"sna\",\"image\":{\"@type\":\"ImageObject\",\"inLanguage\":\"fr-FR\",\"@id\":\"https:\/\/secure.gravatar.com\/avatar\/bd795a97ce40ba06e9b8d2cffddd01b49c09b3d0dd0b0cc3fc98981f023a2e08?s=96&d=mm&r=g\",\"url\":\"https:\/\/secure.gravatar.com\/avatar\/bd795a97ce40ba06e9b8d2cffddd01b49c09b3d0dd0b0cc3fc98981f023a2e08?s=96&d=mm&r=g\",\"contentUrl\":\"https:\/\/secure.gravatar.com\/avatar\/bd795a97ce40ba06e9b8d2cffddd01b49c09b3d0dd0b0cc3fc98981f023a2e08?s=96&d=mm&r=g\",\"caption\":\"sna\"},\"url\":\"http:\/\/www.sentinelle-nature-alsace.fr\/fr\/author\/sna\/\"}]}<\/script>\n<!-- \/ Yoast SEO plugin. -->","yoast_head_json":{"title":"Le N\u00b0 300 : un h\u00f4te de marque ! -","robots":{"index":"index","follow":"follow","max-snippet":"max-snippet:-1","max-image-preview":"max-image-preview:large","max-video-preview":"max-video-preview:-1"},"canonical":"http:\/\/www.sentinelle-nature-alsace.fr\/fr\/le-n-300-un-hote-de-marque\/","og_locale":"fr_FR","og_type":"article","og_title":"Le N\u00b0 300 : un h\u00f4te de marque ! -","og_description":"Le N\u00b0 300 de nos accueils cette ann\u00e9e s&#8217;av\u00e8re \u00eatre un animal relativement rare et particulier&#8230; Il s&#8217;agit d&#8217;un jeune busard des roseaux ! Cet oiseau, d\u00e9couvert \u00e0 Horbourg-Wihr, proche d&#8217;un \u00e9tang de p\u00eache,&#46;&#46;&#46;","og_url":"http:\/\/www.sentinelle-nature-alsace.fr\/fr\/le-n-300-un-hote-de-marque\/","article_publisher":"https:\/\/www.facebook.com\/SentinelleNatureAlsace\/about\/","article_published_time":"2013-09-23T08:10:01+00:00","article_modified_time":"2014-07-23T19:53:35+00:00","og_image":[{"width":1000,"height":750,"url":"http:\/\/www.sentinelle-nature-alsace.fr\/fr\/wp-content\/uploads\/2013\/09\/DSC03044-e1381086948111.jpg","type":"image\/jpeg"}],"author":"sna","twitter_card":"summary_large_image","twitter_misc":{"\u00c9crit par":"sna","Dur\u00e9e de lecture estim\u00e9e":"1 minute"},"schema":{"@context":"https:\/\/schema.org","@graph":[{"@type":"Article","@id":"http:\/\/www.sentinelle-nature-alsace.fr\/fr\/le-n-300-un-hote-de-marque\/#article","isPartOf":{"@id":"http:\/\/www.sentinelle-nature-alsace.fr\/fr\/le-n-300-un-hote-de-marque\/"},"author":{"name":"sna","@id":"https:\/\/www.sentinelle-nature-alsace.fr\/fr\/#\/schema\/person\/d5da7db0b7108726deb66dbe1719d04c"},"headline":"Le N\u00b0 300 : un h\u00f4te de marque !","datePublished":"2013-09-23T08:10:01+00:00","dateModified":"2014-07-23T19:53:35+00:00","mainEntityOfPage":{"@id":"http:\/\/www.sentinelle-nature-alsace.fr\/fr\/le-n-300-un-hote-de-marque\/"},"wordCount":254,"commentCount":0,"publisher":{"@id":"https:\/\/www.sentinelle-nature-alsace.fr\/fr\/#organization"},"image":{"@id":"http:\/\/www.sentinelle-nature-alsace.fr\/fr\/le-n-300-un-hote-de-marque\/#primaryimage"},"thumbnailUrl":"http:\/\/www.sentinelle-nature-alsace.fr\/fr\/wp-content\/uploads\/2013\/09\/DSC03044-e1381086948111.jpg","keywords":["busard"],"articleSection":["Accueil Animaux"],"inLanguage":"fr-FR","potentialAction":[{"@type":"CommentAction","name":"Comment","target":["http:\/\/www.sentinelle-nature-alsace.fr\/fr\/le-n-300-un-hote-de-marque\/#respond"]}]},{"@type":"WebPage","@id":"http:\/\/www.sentinelle-nature-alsace.fr\/fr\/le-n-300-un-hote-de-marque\/","url":"http:\/\/www.sentinelle-nature-alsace.fr\/fr\/le-n-300-un-hote-de-marque\/","name":"Le N\u00b0 300 : un h\u00f4te de marque ! -","isPartOf":{"@id":"https:\/\/www.sentinelle-nature-alsace.fr\/fr\/#website"},"primaryImageOfPage":{"@id":"http:\/\/www.sentinelle-nature-alsace.fr\/fr\/le-n-300-un-hote-de-marque\/#primaryimage"},"image":{"@id":"http:\/\/www.sentinelle-nature-alsace.fr\/fr\/le-n-300-un-hote-de-marque\/#primaryimage"},"thumbnailUrl":"http:\/\/www.sentinelle-nature-alsace.fr\/fr\/wp-content\/uploads\/2013\/09\/DSC03044-e1381086948111.jpg","datePublished":"2013-09-23T08:10:01+00:00","dateModified":"2014-07-23T19:53:35+00:00","breadcrumb":{"@id":"http:\/\/www.sentinelle-nature-alsace.fr\/fr\/le-n-300-un-hote-de-marque\/#breadcrumb"},"inLanguage":"fr-FR","potentialAction":[{"@type":"ReadAction","target":["http:\/\/www.sentinelle-nature-alsace.fr\/fr\/le-n-300-un-hote-de-marque\/"]}]},{"@type":"ImageObject","inLanguage":"fr-FR","@id":"http:\/\/www.sentinelle-nature-alsace.fr\/fr\/le-n-300-un-hote-de-marque\/#primaryimage","url":"http:\/\/www.sentinelle-nature-alsace.fr\/fr\/wp-content\/uploads\/2013\/09\/DSC03044-e1381086948111.jpg","contentUrl":"http:\/\/www.sentinelle-nature-alsace.fr\/fr\/wp-content\/uploads\/2013\/09\/DSC03044-e1381086948111.jpg","width":1000,"height":750},{"@type":"BreadcrumbList","@id":"http:\/\/www.sentinelle-nature-alsace.fr\/fr\/le-n-300-un-hote-de-marque\/#breadcrumb","itemListElement":[{"@type":"ListItem","position":1,"name":"Accueil","item":"https:\/\/www.sentinelle-nature-alsace.fr\/fr\/"},{"@type":"ListItem","position":2,"name":"Le N\u00b0 300 : un h\u00f4te de marque !"}]},{"@type":"WebSite","@id":"https:\/\/www.sentinelle-nature-alsace.fr\/fr\/#website","url":"https:\/\/www.sentinelle-nature-alsace.fr\/fr\/","name":"www.sentinelle-nature-alsace.fr","description":"","publisher":{"@id":"https:\/\/www.sentinelle-nature-alsace.fr\/fr\/#organization"},"potentialAction":[{"@type":"SearchAction","target":{"@type":"EntryPoint","urlTemplate":"https:\/\/www.sentinelle-nature-alsace.fr\/fr\/?s={search_term_string}"},"query-input":{"@type":"PropertyValueSpecification","valueRequired":true,"valueName":"search_term_string"}}],"inLanguage":"fr-FR"},{"@type":"Organization","@id":"https:\/\/www.sentinelle-nature-alsace.fr\/fr\/#organization","name":"Sentinelle Nature Alsace","url":"https:\/\/www.sentinelle-nature-alsace.fr\/fr\/","logo":{"@type":"ImageObject","inLanguage":"fr-FR","@id":"https:\/\/www.sentinelle-nature-alsace.fr\/fr\/#\/schema\/logo\/image\/","url":"http:\/\/www.sentinelle-nature-alsace.fr\/fr\/wp-content\/uploads\/2024\/04\/logo-sna.jpg","contentUrl":"http:\/\/www.sentinelle-nature-alsace.fr\/fr\/wp-content\/uploads\/2024\/04\/logo-sna.jpg","width":200,"height":200,"caption":"Sentinelle Nature Alsace"},"image":{"@id":"https:\/\/www.sentinelle-nature-alsace.fr\/fr\/#\/schema\/logo\/image\/"},"sameAs":["https:\/\/www.facebook.com\/SentinelleNatureAlsace\/about\/","https:\/\/www.instagram.com\/sentinellenaturealsace\/"]},{"@type":"Person","@id":"https:\/\/www.sentinelle-nature-alsace.fr\/fr\/#\/schema\/person\/d5da7db0b7108726deb66dbe1719d04c","name":"sna","image":{"@type":"ImageObject","inLanguage":"fr-FR","@id":"https:\/\/secure.gravatar.com\/avatar\/bd795a97ce40ba06e9b8d2cffddd01b49c09b3d0dd0b0cc3fc98981f023a2e08?s=96&d=mm&r=g","url":"https:\/\/secure.gravatar.com\/avatar\/bd795a97ce40ba06e9b8d2cffddd01b49c09b3d0dd0b0cc3fc98981f023a2e08?s=96&d=mm&r=g","contentUrl":"https:\/\/secure.gravatar.com\/avatar\/bd795a97ce40ba06e9b8d2cffddd01b49c09b3d0dd0b0cc3fc98981f023a2e08?s=96&d=mm&r=g","caption":"sna"},"url":"http:\/\/www.sentinelle-nature-alsace.fr\/fr\/author\/sna\/"}]}},"_links":{"self":[{"href":"http:\/\/www.sentinelle-nature-alsace.fr\/fr\/wp-json\/wp\/v2\/posts\/3966","targetHints":{"allow":["GET"]}}],"collection":[{"href":"http:\/\/www.sentinelle-nature-alsace.fr\/fr\/wp-json\/wp\/v2\/posts"}],"about":[{"href":"http:\/\/www.sentinelle-nature-alsace.fr\/fr\/wp-json\/wp\/v2\/types\/post"}],"author":[{"embeddable":true,"href":"http:\/\/www.sentinelle-nature-alsace.fr\/fr\/wp-json\/wp\/v2\/users\/2"}],"replies":[{"embeddable":true,"href":"http:\/\/www.sentinelle-nature-alsace.fr\/fr\/wp-json\/wp\/v2\/comments?post=3966"}],"version-history":[{"count":8,"href":"http:\/\/www.sentinelle-nature-alsace.fr\/fr\/wp-json\/wp\/v2\/posts\/3966\/revisions"}],"predecessor-version":[{"id":5047,"href":"http:\/\/www.sentinelle-nature-alsace.fr\/fr\/wp-json\/wp\/v2\/posts\/3966\/revisions\/5047"}],"wp:featuredmedia":[{"embeddable":true,"href":"http:\/\/www.sentinelle-nature-alsace.fr\/fr\/wp-json\/wp\/v2\/media\/4006"}],"wp:attachment":[{"href":"http:\/\/www.sentinelle-nature-alsace.fr\/fr\/wp-json\/wp\/v2\/media?parent=3966"}],"wp:term":[{"taxonomy":"category","embeddable":true,"href":"http:\/\/www.sentinelle-nature-alsace.fr\/fr\/wp-json\/wp\/v2\/categories?post=3966"},{"taxonomy":"post_tag","embeddable":true,"href":"http:\/\/www.sentinelle-nature-alsace.fr\/fr\/wp-json\/wp\/v2\/tags?post=3966"}],"curies":[{"name":"wp","href":"https:\/\/api.w.org\/{rel}","templated":true}]}}