{"id":363,"date":"2012-05-27T11:17:02","date_gmt":"2012-05-27T11:17:02","guid":{"rendered":"http:\/\/www.sentinelle-nature-alsace.fr\/fr\/?p=363"},"modified":"2014-07-23T22:03:09","modified_gmt":"2014-07-23T21:03:09","slug":"trois-faons-de-chevreuil-en-quelques-jours","status":"publish","type":"post","link":"http:\/\/www.sentinelle-nature-alsace.fr\/fr\/trois-faons-de-chevreuil-en-quelques-jours\/","title":{"rendered":"Trois faons de chevreuil en quelques jours&#8230;"},"content":{"rendered":"<p>2 faons chevreuils ramass\u00e9s \u00e0 tort par des particuliers ont \u00e9t\u00e9 \u00e9lev\u00e9s au biberon par leur soins. Ces animaux ont donc \u00e9t\u00e9 impr\u00e9gn\u00e9s de l&#8217;homme, et ne pourront \u00eatre rel\u00e2ch\u00e9s, car ils seraient alors dangereux pour l&#8217;homme et leurs cong\u00e9n\u00e8res. Ces 2 faons ont \u00e9t\u00e9 transf\u00e9r\u00e9s dans un centre en Allemagne qui les garde en captivit\u00e9.<\/p>\n<p>Un autre faon \u00e2g\u00e9 de quelques jours (il avait encore le cordon ombilical sec sur le ventre) a \u00e9t\u00e9 ramen\u00e9 \u00e0 l&#8217;association par les Brigades Vertes, car il se trouvait sur un site de trafic de cuivre, perquisitionn\u00e9 plusieurs jours par la police. Ce jeune faon, a pu \u00eatre transf\u00e9r\u00e9 par un b\u00e9n\u00e9vole dans les plus brefs d\u00e9lais \u00e0 un centre de sauvegarde en Normandie, Le Chene, seul centre \u00e0 accepter les jeunes cervid\u00e9s dans la moiti\u00e9 nord de la France. Il pourra ainsi \u00eatre \u00e9lev\u00e9 parmi d&#8217;autres chevreuils et ne pas \u00eatre impr\u00e9gn\u00e9 de l&#8217;homme.<\/p>\n<p><strong style=\"color: #990000;\">&gt;&gt;&gt;\u00a0Comment l&#8217;\u00e9viter ?<\/strong><em><span style=\"color: #990000;\"> Ne ramassez pas les jeunes, si vous les avez touch\u00e9 frottez-le avec de l&#8217;herbe et reposez-le tout de suite ou vous l&#8217;avez trouv\u00e9, ou dans les 20 m\u00e8tres alentours, et \u00e9loignez-vous.<\/span><\/em><\/p>\n","protected":false},"excerpt":{"rendered":"<p>2 faons chevreuils ramass\u00e9s \u00e0 tort par des particuliers ont \u00e9t\u00e9 \u00e9lev\u00e9s au biberon par leur soins. Ces animaux ont donc \u00e9t\u00e9 impr\u00e9gn\u00e9s de l&#8217;homme, et ne pourront \u00eatre rel\u00e2ch\u00e9s, car ils seraient alors&#46;&#46;&#46;<\/p>\n","protected":false},"author":2,"featured_media":816,"comment_status":"open","ping_status":"open","sticky":false,"template":"","format":"image","meta":{"_s2mail":"yes","footnotes":""},"categories":[2],"tags":[53,91,94,143,239],"class_list":["post-363","post","type-post","status-publish","format-image","has-post-thumbnail","hentry","category-animaux-detresse","tag-chevreuil","tag-faon","tag-faune-sauvage","tag-mammifere","tag-soins","post_format-post-format-image"],"yoast_head":"<!-- This site is optimized with the Yoast SEO plugin v27.2 - https:\/\/yoast.com\/product\/yoast-seo-wordpress\/ -->\n<title>Trois faons de chevreuil en quelques jours... -<\/title>\n<meta name=\"robots\" content=\"index, follow, max-snippet:-1, max-image-preview:large, max-video-preview:-1\" \/>\n<link rel=\"canonical\" href=\"http:\/\/www.sentinelle-nature-alsace.fr\/fr\/trois-faons-de-chevreuil-en-quelques-jours\/\" \/>\n<meta property=\"og:locale\" content=\"fr_FR\" \/>\n<meta property=\"og:type\" content=\"article\" \/>\n<meta property=\"og:title\" content=\"Trois faons de chevreuil en quelques jours... -\" \/>\n<meta property=\"og:description\" content=\"2 faons chevreuils ramass\u00e9s \u00e0 tort par des particuliers ont \u00e9t\u00e9 \u00e9lev\u00e9s au biberon par leur soins. Ces animaux ont donc \u00e9t\u00e9 impr\u00e9gn\u00e9s de l&#8217;homme, et ne pourront \u00eatre rel\u00e2ch\u00e9s, car ils seraient alors&#046;&#046;&#046;\" \/>\n<meta property=\"og:url\" content=\"http:\/\/www.sentinelle-nature-alsace.fr\/fr\/trois-faons-de-chevreuil-en-quelques-jours\/\" \/>\n<meta property=\"article:publisher\" content=\"https:\/\/www.facebook.com\/SentinelleNatureAlsace\/about\/\" \/>\n<meta property=\"article:published_time\" content=\"2012-05-27T11:17:02+00:00\" \/>\n<meta property=\"article:modified_time\" content=\"2014-07-23T21:03:09+00:00\" \/>\n<meta property=\"og:image\" content=\"http:\/\/www.sentinelle-nature-alsace.fr\/fr\/wp-content\/uploads\/2012\/05\/IMGP9115.jpg\" \/>\n\t<meta property=\"og:image:width\" content=\"1000\" \/>\n\t<meta property=\"og:image:height\" content=\"669\" \/>\n\t<meta property=\"og:image:type\" content=\"image\/jpeg\" \/>\n<meta name=\"author\" content=\"sna\" \/>\n<meta name=\"twitter:card\" content=\"summary_large_image\" \/>\n<meta name=\"twitter:label1\" content=\"\u00c9crit par\" \/>\n\t<meta name=\"twitter:data1\" content=\"sna\" \/>\n\t<meta name=\"twitter:label2\" content=\"Dur\u00e9e de lecture estim\u00e9e\" \/>\n\t<meta name=\"twitter:data2\" content=\"1 minute\" \/>\n<script type=\"application\/ld+json\" class=\"yoast-schema-graph\">{\"@context\":\"https:\/\/schema.org\",\"@graph\":[{\"@type\":\"Article\",\"@id\":\"http:\/\/www.sentinelle-nature-alsace.fr\/fr\/trois-faons-de-chevreuil-en-quelques-jours\/#article\",\"isPartOf\":{\"@id\":\"http:\/\/www.sentinelle-nature-alsace.fr\/fr\/trois-faons-de-chevreuil-en-quelques-jours\/\"},\"author\":{\"name\":\"sna\",\"@id\":\"https:\/\/www.sentinelle-nature-alsace.fr\/fr\/#\/schema\/person\/d5da7db0b7108726deb66dbe1719d04c\"},\"headline\":\"Trois faons de chevreuil en quelques jours&#8230;\",\"datePublished\":\"2012-05-27T11:17:02+00:00\",\"dateModified\":\"2014-07-23T21:03:09+00:00\",\"mainEntityOfPage\":{\"@id\":\"http:\/\/www.sentinelle-nature-alsace.fr\/fr\/trois-faons-de-chevreuil-en-quelques-jours\/\"},\"wordCount\":206,\"commentCount\":0,\"publisher\":{\"@id\":\"https:\/\/www.sentinelle-nature-alsace.fr\/fr\/#organization\"},\"image\":{\"@id\":\"http:\/\/www.sentinelle-nature-alsace.fr\/fr\/trois-faons-de-chevreuil-en-quelques-jours\/#primaryimage\"},\"thumbnailUrl\":\"http:\/\/www.sentinelle-nature-alsace.fr\/fr\/wp-content\/uploads\/2012\/05\/IMGP9115.jpg\",\"keywords\":[\"chevreuil\",\"faon\",\"faune sauvage\",\"mammif\u00e8re\",\"soins\"],\"articleSection\":[\"Accueil Animaux\"],\"inLanguage\":\"fr-FR\",\"potentialAction\":[{\"@type\":\"CommentAction\",\"name\":\"Comment\",\"target\":[\"http:\/\/www.sentinelle-nature-alsace.fr\/fr\/trois-faons-de-chevreuil-en-quelques-jours\/#respond\"]}]},{\"@type\":\"WebPage\",\"@id\":\"http:\/\/www.sentinelle-nature-alsace.fr\/fr\/trois-faons-de-chevreuil-en-quelques-jours\/\",\"url\":\"http:\/\/www.sentinelle-nature-alsace.fr\/fr\/trois-faons-de-chevreuil-en-quelques-jours\/\",\"name\":\"Trois faons de chevreuil en quelques jours... -\",\"isPartOf\":{\"@id\":\"https:\/\/www.sentinelle-nature-alsace.fr\/fr\/#website\"},\"primaryImageOfPage\":{\"@id\":\"http:\/\/www.sentinelle-nature-alsace.fr\/fr\/trois-faons-de-chevreuil-en-quelques-jours\/#primaryimage\"},\"image\":{\"@id\":\"http:\/\/www.sentinelle-nature-alsace.fr\/fr\/trois-faons-de-chevreuil-en-quelques-jours\/#primaryimage\"},\"thumbnailUrl\":\"http:\/\/www.sentinelle-nature-alsace.fr\/fr\/wp-content\/uploads\/2012\/05\/IMGP9115.jpg\",\"datePublished\":\"2012-05-27T11:17:02+00:00\",\"dateModified\":\"2014-07-23T21:03:09+00:00\",\"breadcrumb\":{\"@id\":\"http:\/\/www.sentinelle-nature-alsace.fr\/fr\/trois-faons-de-chevreuil-en-quelques-jours\/#breadcrumb\"},\"inLanguage\":\"fr-FR\",\"potentialAction\":[{\"@type\":\"ReadAction\",\"target\":[\"http:\/\/www.sentinelle-nature-alsace.fr\/fr\/trois-faons-de-chevreuil-en-quelques-jours\/\"]}]},{\"@type\":\"ImageObject\",\"inLanguage\":\"fr-FR\",\"@id\":\"http:\/\/www.sentinelle-nature-alsace.fr\/fr\/trois-faons-de-chevreuil-en-quelques-jours\/#primaryimage\",\"url\":\"http:\/\/www.sentinelle-nature-alsace.fr\/fr\/wp-content\/uploads\/2012\/05\/IMGP9115.jpg\",\"contentUrl\":\"http:\/\/www.sentinelle-nature-alsace.fr\/fr\/wp-content\/uploads\/2012\/05\/IMGP9115.jpg\",\"width\":1000,\"height\":669},{\"@type\":\"BreadcrumbList\",\"@id\":\"http:\/\/www.sentinelle-nature-alsace.fr\/fr\/trois-faons-de-chevreuil-en-quelques-jours\/#breadcrumb\",\"itemListElement\":[{\"@type\":\"ListItem\",\"position\":1,\"name\":\"Accueil\",\"item\":\"https:\/\/www.sentinelle-nature-alsace.fr\/fr\/\"},{\"@type\":\"ListItem\",\"position\":2,\"name\":\"Trois faons de chevreuil en quelques jours&#8230;\"}]},{\"@type\":\"WebSite\",\"@id\":\"https:\/\/www.sentinelle-nature-alsace.fr\/fr\/#website\",\"url\":\"https:\/\/www.sentinelle-nature-alsace.fr\/fr\/\",\"name\":\"www.sentinelle-nature-alsace.fr\",\"description\":\"\",\"publisher\":{\"@id\":\"https:\/\/www.sentinelle-nature-alsace.fr\/fr\/#organization\"},\"potentialAction\":[{\"@type\":\"SearchAction\",\"target\":{\"@type\":\"EntryPoint\",\"urlTemplate\":\"https:\/\/www.sentinelle-nature-alsace.fr\/fr\/?s={search_term_string}\"},\"query-input\":{\"@type\":\"PropertyValueSpecification\",\"valueRequired\":true,\"valueName\":\"search_term_string\"}}],\"inLanguage\":\"fr-FR\"},{\"@type\":\"Organization\",\"@id\":\"https:\/\/www.sentinelle-nature-alsace.fr\/fr\/#organization\",\"name\":\"Sentinelle Nature Alsace\",\"url\":\"https:\/\/www.sentinelle-nature-alsace.fr\/fr\/\",\"logo\":{\"@type\":\"ImageObject\",\"inLanguage\":\"fr-FR\",\"@id\":\"https:\/\/www.sentinelle-nature-alsace.fr\/fr\/#\/schema\/logo\/image\/\",\"url\":\"http:\/\/www.sentinelle-nature-alsace.fr\/fr\/wp-content\/uploads\/2024\/04\/logo-sna.jpg\",\"contentUrl\":\"http:\/\/www.sentinelle-nature-alsace.fr\/fr\/wp-content\/uploads\/2024\/04\/logo-sna.jpg\",\"width\":200,\"height\":200,\"caption\":\"Sentinelle Nature Alsace\"},\"image\":{\"@id\":\"https:\/\/www.sentinelle-nature-alsace.fr\/fr\/#\/schema\/logo\/image\/\"},\"sameAs\":[\"https:\/\/www.facebook.com\/SentinelleNatureAlsace\/about\/\",\"https:\/\/www.instagram.com\/sentinellenaturealsace\/\"]},{\"@type\":\"Person\",\"@id\":\"https:\/\/www.sentinelle-nature-alsace.fr\/fr\/#\/schema\/person\/d5da7db0b7108726deb66dbe1719d04c\",\"name\":\"sna\",\"image\":{\"@type\":\"ImageObject\",\"inLanguage\":\"fr-FR\",\"@id\":\"https:\/\/secure.gravatar.com\/avatar\/bd795a97ce40ba06e9b8d2cffddd01b49c09b3d0dd0b0cc3fc98981f023a2e08?s=96&d=mm&r=g\",\"url\":\"https:\/\/secure.gravatar.com\/avatar\/bd795a97ce40ba06e9b8d2cffddd01b49c09b3d0dd0b0cc3fc98981f023a2e08?s=96&d=mm&r=g\",\"contentUrl\":\"https:\/\/secure.gravatar.com\/avatar\/bd795a97ce40ba06e9b8d2cffddd01b49c09b3d0dd0b0cc3fc98981f023a2e08?s=96&d=mm&r=g\",\"caption\":\"sna\"},\"url\":\"http:\/\/www.sentinelle-nature-alsace.fr\/fr\/author\/sna\/\"}]}<\/script>\n<!-- \/ Yoast SEO plugin. -->","yoast_head_json":{"title":"Trois faons de chevreuil en quelques jours... -","robots":{"index":"index","follow":"follow","max-snippet":"max-snippet:-1","max-image-preview":"max-image-preview:large","max-video-preview":"max-video-preview:-1"},"canonical":"http:\/\/www.sentinelle-nature-alsace.fr\/fr\/trois-faons-de-chevreuil-en-quelques-jours\/","og_locale":"fr_FR","og_type":"article","og_title":"Trois faons de chevreuil en quelques jours... -","og_description":"2 faons chevreuils ramass\u00e9s \u00e0 tort par des particuliers ont \u00e9t\u00e9 \u00e9lev\u00e9s au biberon par leur soins. Ces animaux ont donc \u00e9t\u00e9 impr\u00e9gn\u00e9s de l&#8217;homme, et ne pourront \u00eatre rel\u00e2ch\u00e9s, car ils seraient alors&#46;&#46;&#46;","og_url":"http:\/\/www.sentinelle-nature-alsace.fr\/fr\/trois-faons-de-chevreuil-en-quelques-jours\/","article_publisher":"https:\/\/www.facebook.com\/SentinelleNatureAlsace\/about\/","article_published_time":"2012-05-27T11:17:02+00:00","article_modified_time":"2014-07-23T21:03:09+00:00","og_image":[{"width":1000,"height":669,"url":"http:\/\/www.sentinelle-nature-alsace.fr\/fr\/wp-content\/uploads\/2012\/05\/IMGP9115.jpg","type":"image\/jpeg"}],"author":"sna","twitter_card":"summary_large_image","twitter_misc":{"\u00c9crit par":"sna","Dur\u00e9e de lecture estim\u00e9e":"1 minute"},"schema":{"@context":"https:\/\/schema.org","@graph":[{"@type":"Article","@id":"http:\/\/www.sentinelle-nature-alsace.fr\/fr\/trois-faons-de-chevreuil-en-quelques-jours\/#article","isPartOf":{"@id":"http:\/\/www.sentinelle-nature-alsace.fr\/fr\/trois-faons-de-chevreuil-en-quelques-jours\/"},"author":{"name":"sna","@id":"https:\/\/www.sentinelle-nature-alsace.fr\/fr\/#\/schema\/person\/d5da7db0b7108726deb66dbe1719d04c"},"headline":"Trois faons de chevreuil en quelques jours&#8230;","datePublished":"2012-05-27T11:17:02+00:00","dateModified":"2014-07-23T21:03:09+00:00","mainEntityOfPage":{"@id":"http:\/\/www.sentinelle-nature-alsace.fr\/fr\/trois-faons-de-chevreuil-en-quelques-jours\/"},"wordCount":206,"commentCount":0,"publisher":{"@id":"https:\/\/www.sentinelle-nature-alsace.fr\/fr\/#organization"},"image":{"@id":"http:\/\/www.sentinelle-nature-alsace.fr\/fr\/trois-faons-de-chevreuil-en-quelques-jours\/#primaryimage"},"thumbnailUrl":"http:\/\/www.sentinelle-nature-alsace.fr\/fr\/wp-content\/uploads\/2012\/05\/IMGP9115.jpg","keywords":["chevreuil","faon","faune sauvage","mammif\u00e8re","soins"],"articleSection":["Accueil Animaux"],"inLanguage":"fr-FR","potentialAction":[{"@type":"CommentAction","name":"Comment","target":["http:\/\/www.sentinelle-nature-alsace.fr\/fr\/trois-faons-de-chevreuil-en-quelques-jours\/#respond"]}]},{"@type":"WebPage","@id":"http:\/\/www.sentinelle-nature-alsace.fr\/fr\/trois-faons-de-chevreuil-en-quelques-jours\/","url":"http:\/\/www.sentinelle-nature-alsace.fr\/fr\/trois-faons-de-chevreuil-en-quelques-jours\/","name":"Trois faons de chevreuil en quelques jours... -","isPartOf":{"@id":"https:\/\/www.sentinelle-nature-alsace.fr\/fr\/#website"},"primaryImageOfPage":{"@id":"http:\/\/www.sentinelle-nature-alsace.fr\/fr\/trois-faons-de-chevreuil-en-quelques-jours\/#primaryimage"},"image":{"@id":"http:\/\/www.sentinelle-nature-alsace.fr\/fr\/trois-faons-de-chevreuil-en-quelques-jours\/#primaryimage"},"thumbnailUrl":"http:\/\/www.sentinelle-nature-alsace.fr\/fr\/wp-content\/uploads\/2012\/05\/IMGP9115.jpg","datePublished":"2012-05-27T11:17:02+00:00","dateModified":"2014-07-23T21:03:09+00:00","breadcrumb":{"@id":"http:\/\/www.sentinelle-nature-alsace.fr\/fr\/trois-faons-de-chevreuil-en-quelques-jours\/#breadcrumb"},"inLanguage":"fr-FR","potentialAction":[{"@type":"ReadAction","target":["http:\/\/www.sentinelle-nature-alsace.fr\/fr\/trois-faons-de-chevreuil-en-quelques-jours\/"]}]},{"@type":"ImageObject","inLanguage":"fr-FR","@id":"http:\/\/www.sentinelle-nature-alsace.fr\/fr\/trois-faons-de-chevreuil-en-quelques-jours\/#primaryimage","url":"http:\/\/www.sentinelle-nature-alsace.fr\/fr\/wp-content\/uploads\/2012\/05\/IMGP9115.jpg","contentUrl":"http:\/\/www.sentinelle-nature-alsace.fr\/fr\/wp-content\/uploads\/2012\/05\/IMGP9115.jpg","width":1000,"height":669},{"@type":"BreadcrumbList","@id":"http:\/\/www.sentinelle-nature-alsace.fr\/fr\/trois-faons-de-chevreuil-en-quelques-jours\/#breadcrumb","itemListElement":[{"@type":"ListItem","position":1,"name":"Accueil","item":"https:\/\/www.sentinelle-nature-alsace.fr\/fr\/"},{"@type":"ListItem","position":2,"name":"Trois faons de chevreuil en quelques jours&#8230;"}]},{"@type":"WebSite","@id":"https:\/\/www.sentinelle-nature-alsace.fr\/fr\/#website","url":"https:\/\/www.sentinelle-nature-alsace.fr\/fr\/","name":"www.sentinelle-nature-alsace.fr","description":"","publisher":{"@id":"https:\/\/www.sentinelle-nature-alsace.fr\/fr\/#organization"},"potentialAction":[{"@type":"SearchAction","target":{"@type":"EntryPoint","urlTemplate":"https:\/\/www.sentinelle-nature-alsace.fr\/fr\/?s={search_term_string}"},"query-input":{"@type":"PropertyValueSpecification","valueRequired":true,"valueName":"search_term_string"}}],"inLanguage":"fr-FR"},{"@type":"Organization","@id":"https:\/\/www.sentinelle-nature-alsace.fr\/fr\/#organization","name":"Sentinelle Nature Alsace","url":"https:\/\/www.sentinelle-nature-alsace.fr\/fr\/","logo":{"@type":"ImageObject","inLanguage":"fr-FR","@id":"https:\/\/www.sentinelle-nature-alsace.fr\/fr\/#\/schema\/logo\/image\/","url":"http:\/\/www.sentinelle-nature-alsace.fr\/fr\/wp-content\/uploads\/2024\/04\/logo-sna.jpg","contentUrl":"http:\/\/www.sentinelle-nature-alsace.fr\/fr\/wp-content\/uploads\/2024\/04\/logo-sna.jpg","width":200,"height":200,"caption":"Sentinelle Nature Alsace"},"image":{"@id":"https:\/\/www.sentinelle-nature-alsace.fr\/fr\/#\/schema\/logo\/image\/"},"sameAs":["https:\/\/www.facebook.com\/SentinelleNatureAlsace\/about\/","https:\/\/www.instagram.com\/sentinellenaturealsace\/"]},{"@type":"Person","@id":"https:\/\/www.sentinelle-nature-alsace.fr\/fr\/#\/schema\/person\/d5da7db0b7108726deb66dbe1719d04c","name":"sna","image":{"@type":"ImageObject","inLanguage":"fr-FR","@id":"https:\/\/secure.gravatar.com\/avatar\/bd795a97ce40ba06e9b8d2cffddd01b49c09b3d0dd0b0cc3fc98981f023a2e08?s=96&d=mm&r=g","url":"https:\/\/secure.gravatar.com\/avatar\/bd795a97ce40ba06e9b8d2cffddd01b49c09b3d0dd0b0cc3fc98981f023a2e08?s=96&d=mm&r=g","contentUrl":"https:\/\/secure.gravatar.com\/avatar\/bd795a97ce40ba06e9b8d2cffddd01b49c09b3d0dd0b0cc3fc98981f023a2e08?s=96&d=mm&r=g","caption":"sna"},"url":"http:\/\/www.sentinelle-nature-alsace.fr\/fr\/author\/sna\/"}]}},"_links":{"self":[{"href":"http:\/\/www.sentinelle-nature-alsace.fr\/fr\/wp-json\/wp\/v2\/posts\/363","targetHints":{"allow":["GET"]}}],"collection":[{"href":"http:\/\/www.sentinelle-nature-alsace.fr\/fr\/wp-json\/wp\/v2\/posts"}],"about":[{"href":"http:\/\/www.sentinelle-nature-alsace.fr\/fr\/wp-json\/wp\/v2\/types\/post"}],"author":[{"embeddable":true,"href":"http:\/\/www.sentinelle-nature-alsace.fr\/fr\/wp-json\/wp\/v2\/users\/2"}],"replies":[{"embeddable":true,"href":"http:\/\/www.sentinelle-nature-alsace.fr\/fr\/wp-json\/wp\/v2\/comments?post=363"}],"version-history":[{"count":1,"href":"http:\/\/www.sentinelle-nature-alsace.fr\/fr\/wp-json\/wp\/v2\/posts\/363\/revisions"}],"predecessor-version":[{"id":5095,"href":"http:\/\/www.sentinelle-nature-alsace.fr\/fr\/wp-json\/wp\/v2\/posts\/363\/revisions\/5095"}],"wp:featuredmedia":[{"embeddable":true,"href":"http:\/\/www.sentinelle-nature-alsace.fr\/fr\/wp-json\/wp\/v2\/media\/816"}],"wp:attachment":[{"href":"http:\/\/www.sentinelle-nature-alsace.fr\/fr\/wp-json\/wp\/v2\/media?parent=363"}],"wp:term":[{"taxonomy":"category","embeddable":true,"href":"http:\/\/www.sentinelle-nature-alsace.fr\/fr\/wp-json\/wp\/v2\/categories?post=363"},{"taxonomy":"post_tag","embeddable":true,"href":"http:\/\/www.sentinelle-nature-alsace.fr\/fr\/wp-json\/wp\/v2\/tags?post=363"}],"curies":[{"name":"wp","href":"https:\/\/api.w.org\/{rel}","templated":true}]}}