{"id":2937,"date":"2013-05-23T20:40:10","date_gmt":"2013-05-23T20:40:10","guid":{"rendered":"http:\/\/www.sentinelle-nature-alsace.fr\/fr\/?p=2937"},"modified":"2014-07-25T17:51:37","modified_gmt":"2014-07-25T16:51:37","slug":"et-8-mesanges-8","status":"publish","type":"post","link":"http:\/\/www.sentinelle-nature-alsace.fr\/fr\/et-8-mesanges-8\/","title":{"rendered":"et 8 m\u00e9sanges ! 8 !"},"content":{"rendered":"<p>Aujourd&#8217;hui sont arriv\u00e9es 8 petites m\u00e9sanges bleues, elles aussi victimes de la taille des haies \u00e0 la mauvaise p\u00e9riode&#8230; Bien qu&#8217;en tr\u00e8s bonne sant\u00e9, elles seront priv\u00e9es de l&#8217;\u00e9ducation de leurs parents avant le tout premier envol&#8230;<\/p>\n<p>En attendant, elles acceptent\u00a0volontiers\u00a0les vers de farine qui leur sont propos\u00e9s.\u00a0App\u00e9tit\u00a0d&#8217;oiseau, mon\u00a0\u0153il\u00a0!<\/p>\n<p>&nbsp;<\/p>\n","protected":false},"excerpt":{"rendered":"<p>Aujourd&#8217;hui sont arriv\u00e9es 8 petites m\u00e9sanges bleues, elles aussi victimes de la taille des haies \u00e0 la mauvaise p\u00e9riode&#8230; Bien qu&#8217;en tr\u00e8s bonne sant\u00e9, elles seront priv\u00e9es de l&#8217;\u00e9ducation de leurs parents avant le&#46;&#46;&#46;<\/p>\n","protected":false},"author":2,"featured_media":2944,"comment_status":"open","ping_status":"closed","sticky":false,"template":"","format":"image","meta":{"_s2mail":"yes","footnotes":""},"categories":[2],"tags":[110,157],"class_list":["post-2937","post","type-post","status-publish","format-image","has-post-thumbnail","hentry","category-animaux-detresse","tag-haie","tag-mesange","post_format-post-format-image"],"yoast_head":"<!-- This site is optimized with the Yoast SEO plugin v27.2 - https:\/\/yoast.com\/product\/yoast-seo-wordpress\/ -->\n<title>et 8 m\u00e9sanges ! 8 ! -<\/title>\n<meta name=\"robots\" content=\"index, follow, max-snippet:-1, max-image-preview:large, max-video-preview:-1\" \/>\n<link rel=\"canonical\" href=\"http:\/\/www.sentinelle-nature-alsace.fr\/fr\/et-8-mesanges-8\/\" \/>\n<meta property=\"og:locale\" content=\"fr_FR\" \/>\n<meta property=\"og:type\" content=\"article\" \/>\n<meta property=\"og:title\" content=\"et 8 m\u00e9sanges ! 8 ! -\" \/>\n<meta property=\"og:description\" content=\"Aujourd&#8217;hui sont arriv\u00e9es 8 petites m\u00e9sanges bleues, elles aussi victimes de la taille des haies \u00e0 la mauvaise p\u00e9riode&#8230; Bien qu&#8217;en tr\u00e8s bonne sant\u00e9, elles seront priv\u00e9es de l&#8217;\u00e9ducation de leurs parents avant le&#046;&#046;&#046;\" \/>\n<meta property=\"og:url\" content=\"http:\/\/www.sentinelle-nature-alsace.fr\/fr\/et-8-mesanges-8\/\" \/>\n<meta property=\"article:publisher\" content=\"https:\/\/www.facebook.com\/SentinelleNatureAlsace\/about\/\" \/>\n<meta property=\"article:published_time\" content=\"2013-05-23T20:40:10+00:00\" \/>\n<meta property=\"article:modified_time\" content=\"2014-07-25T16:51:37+00:00\" \/>\n<meta property=\"og:image\" content=\"http:\/\/www.sentinelle-nature-alsace.fr\/fr\/wp-content\/uploads\/2013\/05\/DSC00974-e1369340394832.jpg\" \/>\n\t<meta property=\"og:image:width\" content=\"1000\" \/>\n\t<meta property=\"og:image:height\" content=\"750\" \/>\n\t<meta property=\"og:image:type\" content=\"image\/jpeg\" \/>\n<meta name=\"author\" content=\"sna\" \/>\n<meta name=\"twitter:card\" content=\"summary_large_image\" \/>\n<meta name=\"twitter:label1\" content=\"\u00c9crit par\" \/>\n\t<meta name=\"twitter:data1\" content=\"sna\" \/>\n<script type=\"application\/ld+json\" class=\"yoast-schema-graph\">{\"@context\":\"https:\/\/schema.org\",\"@graph\":[{\"@type\":\"Article\",\"@id\":\"http:\/\/www.sentinelle-nature-alsace.fr\/fr\/et-8-mesanges-8\/#article\",\"isPartOf\":{\"@id\":\"http:\/\/www.sentinelle-nature-alsace.fr\/fr\/et-8-mesanges-8\/\"},\"author\":{\"name\":\"sna\",\"@id\":\"https:\/\/www.sentinelle-nature-alsace.fr\/fr\/#\/schema\/person\/d5da7db0b7108726deb66dbe1719d04c\"},\"headline\":\"et 8 m\u00e9sanges ! 8 !\",\"datePublished\":\"2013-05-23T20:40:10+00:00\",\"dateModified\":\"2014-07-25T16:51:37+00:00\",\"mainEntityOfPage\":{\"@id\":\"http:\/\/www.sentinelle-nature-alsace.fr\/fr\/et-8-mesanges-8\/\"},\"wordCount\":64,\"commentCount\":0,\"publisher\":{\"@id\":\"https:\/\/www.sentinelle-nature-alsace.fr\/fr\/#organization\"},\"image\":{\"@id\":\"http:\/\/www.sentinelle-nature-alsace.fr\/fr\/et-8-mesanges-8\/#primaryimage\"},\"thumbnailUrl\":\"http:\/\/www.sentinelle-nature-alsace.fr\/fr\/wp-content\/uploads\/2013\/05\/DSC00974-e1369340394832.jpg\",\"keywords\":[\"haie\",\"m\u00e9sange\"],\"articleSection\":[\"Accueil Animaux\"],\"inLanguage\":\"fr-FR\",\"potentialAction\":[{\"@type\":\"CommentAction\",\"name\":\"Comment\",\"target\":[\"http:\/\/www.sentinelle-nature-alsace.fr\/fr\/et-8-mesanges-8\/#respond\"]}]},{\"@type\":\"WebPage\",\"@id\":\"http:\/\/www.sentinelle-nature-alsace.fr\/fr\/et-8-mesanges-8\/\",\"url\":\"http:\/\/www.sentinelle-nature-alsace.fr\/fr\/et-8-mesanges-8\/\",\"name\":\"et 8 m\u00e9sanges ! 8 ! -\",\"isPartOf\":{\"@id\":\"https:\/\/www.sentinelle-nature-alsace.fr\/fr\/#website\"},\"primaryImageOfPage\":{\"@id\":\"http:\/\/www.sentinelle-nature-alsace.fr\/fr\/et-8-mesanges-8\/#primaryimage\"},\"image\":{\"@id\":\"http:\/\/www.sentinelle-nature-alsace.fr\/fr\/et-8-mesanges-8\/#primaryimage\"},\"thumbnailUrl\":\"http:\/\/www.sentinelle-nature-alsace.fr\/fr\/wp-content\/uploads\/2013\/05\/DSC00974-e1369340394832.jpg\",\"datePublished\":\"2013-05-23T20:40:10+00:00\",\"dateModified\":\"2014-07-25T16:51:37+00:00\",\"breadcrumb\":{\"@id\":\"http:\/\/www.sentinelle-nature-alsace.fr\/fr\/et-8-mesanges-8\/#breadcrumb\"},\"inLanguage\":\"fr-FR\",\"potentialAction\":[{\"@type\":\"ReadAction\",\"target\":[\"http:\/\/www.sentinelle-nature-alsace.fr\/fr\/et-8-mesanges-8\/\"]}]},{\"@type\":\"ImageObject\",\"inLanguage\":\"fr-FR\",\"@id\":\"http:\/\/www.sentinelle-nature-alsace.fr\/fr\/et-8-mesanges-8\/#primaryimage\",\"url\":\"http:\/\/www.sentinelle-nature-alsace.fr\/fr\/wp-content\/uploads\/2013\/05\/DSC00974-e1369340394832.jpg\",\"contentUrl\":\"http:\/\/www.sentinelle-nature-alsace.fr\/fr\/wp-content\/uploads\/2013\/05\/DSC00974-e1369340394832.jpg\",\"width\":1000,\"height\":750},{\"@type\":\"BreadcrumbList\",\"@id\":\"http:\/\/www.sentinelle-nature-alsace.fr\/fr\/et-8-mesanges-8\/#breadcrumb\",\"itemListElement\":[{\"@type\":\"ListItem\",\"position\":1,\"name\":\"Accueil\",\"item\":\"https:\/\/www.sentinelle-nature-alsace.fr\/fr\/\"},{\"@type\":\"ListItem\",\"position\":2,\"name\":\"et 8 m\u00e9sanges ! 8 !\"}]},{\"@type\":\"WebSite\",\"@id\":\"https:\/\/www.sentinelle-nature-alsace.fr\/fr\/#website\",\"url\":\"https:\/\/www.sentinelle-nature-alsace.fr\/fr\/\",\"name\":\"www.sentinelle-nature-alsace.fr\",\"description\":\"\",\"publisher\":{\"@id\":\"https:\/\/www.sentinelle-nature-alsace.fr\/fr\/#organization\"},\"potentialAction\":[{\"@type\":\"SearchAction\",\"target\":{\"@type\":\"EntryPoint\",\"urlTemplate\":\"https:\/\/www.sentinelle-nature-alsace.fr\/fr\/?s={search_term_string}\"},\"query-input\":{\"@type\":\"PropertyValueSpecification\",\"valueRequired\":true,\"valueName\":\"search_term_string\"}}],\"inLanguage\":\"fr-FR\"},{\"@type\":\"Organization\",\"@id\":\"https:\/\/www.sentinelle-nature-alsace.fr\/fr\/#organization\",\"name\":\"Sentinelle Nature Alsace\",\"url\":\"https:\/\/www.sentinelle-nature-alsace.fr\/fr\/\",\"logo\":{\"@type\":\"ImageObject\",\"inLanguage\":\"fr-FR\",\"@id\":\"https:\/\/www.sentinelle-nature-alsace.fr\/fr\/#\/schema\/logo\/image\/\",\"url\":\"http:\/\/www.sentinelle-nature-alsace.fr\/fr\/wp-content\/uploads\/2024\/04\/logo-sna.jpg\",\"contentUrl\":\"http:\/\/www.sentinelle-nature-alsace.fr\/fr\/wp-content\/uploads\/2024\/04\/logo-sna.jpg\",\"width\":200,\"height\":200,\"caption\":\"Sentinelle Nature Alsace\"},\"image\":{\"@id\":\"https:\/\/www.sentinelle-nature-alsace.fr\/fr\/#\/schema\/logo\/image\/\"},\"sameAs\":[\"https:\/\/www.facebook.com\/SentinelleNatureAlsace\/about\/\",\"https:\/\/www.instagram.com\/sentinellenaturealsace\/\"]},{\"@type\":\"Person\",\"@id\":\"https:\/\/www.sentinelle-nature-alsace.fr\/fr\/#\/schema\/person\/d5da7db0b7108726deb66dbe1719d04c\",\"name\":\"sna\",\"image\":{\"@type\":\"ImageObject\",\"inLanguage\":\"fr-FR\",\"@id\":\"https:\/\/secure.gravatar.com\/avatar\/bd795a97ce40ba06e9b8d2cffddd01b49c09b3d0dd0b0cc3fc98981f023a2e08?s=96&d=mm&r=g\",\"url\":\"https:\/\/secure.gravatar.com\/avatar\/bd795a97ce40ba06e9b8d2cffddd01b49c09b3d0dd0b0cc3fc98981f023a2e08?s=96&d=mm&r=g\",\"contentUrl\":\"https:\/\/secure.gravatar.com\/avatar\/bd795a97ce40ba06e9b8d2cffddd01b49c09b3d0dd0b0cc3fc98981f023a2e08?s=96&d=mm&r=g\",\"caption\":\"sna\"},\"url\":\"http:\/\/www.sentinelle-nature-alsace.fr\/fr\/author\/sna\/\"}]}<\/script>\n<!-- \/ Yoast SEO plugin. -->","yoast_head_json":{"title":"et 8 m\u00e9sanges ! 8 ! -","robots":{"index":"index","follow":"follow","max-snippet":"max-snippet:-1","max-image-preview":"max-image-preview:large","max-video-preview":"max-video-preview:-1"},"canonical":"http:\/\/www.sentinelle-nature-alsace.fr\/fr\/et-8-mesanges-8\/","og_locale":"fr_FR","og_type":"article","og_title":"et 8 m\u00e9sanges ! 8 ! -","og_description":"Aujourd&#8217;hui sont arriv\u00e9es 8 petites m\u00e9sanges bleues, elles aussi victimes de la taille des haies \u00e0 la mauvaise p\u00e9riode&#8230; Bien qu&#8217;en tr\u00e8s bonne sant\u00e9, elles seront priv\u00e9es de l&#8217;\u00e9ducation de leurs parents avant le&#46;&#46;&#46;","og_url":"http:\/\/www.sentinelle-nature-alsace.fr\/fr\/et-8-mesanges-8\/","article_publisher":"https:\/\/www.facebook.com\/SentinelleNatureAlsace\/about\/","article_published_time":"2013-05-23T20:40:10+00:00","article_modified_time":"2014-07-25T16:51:37+00:00","og_image":[{"width":1000,"height":750,"url":"http:\/\/www.sentinelle-nature-alsace.fr\/fr\/wp-content\/uploads\/2013\/05\/DSC00974-e1369340394832.jpg","type":"image\/jpeg"}],"author":"sna","twitter_card":"summary_large_image","twitter_misc":{"\u00c9crit par":"sna"},"schema":{"@context":"https:\/\/schema.org","@graph":[{"@type":"Article","@id":"http:\/\/www.sentinelle-nature-alsace.fr\/fr\/et-8-mesanges-8\/#article","isPartOf":{"@id":"http:\/\/www.sentinelle-nature-alsace.fr\/fr\/et-8-mesanges-8\/"},"author":{"name":"sna","@id":"https:\/\/www.sentinelle-nature-alsace.fr\/fr\/#\/schema\/person\/d5da7db0b7108726deb66dbe1719d04c"},"headline":"et 8 m\u00e9sanges ! 8 !","datePublished":"2013-05-23T20:40:10+00:00","dateModified":"2014-07-25T16:51:37+00:00","mainEntityOfPage":{"@id":"http:\/\/www.sentinelle-nature-alsace.fr\/fr\/et-8-mesanges-8\/"},"wordCount":64,"commentCount":0,"publisher":{"@id":"https:\/\/www.sentinelle-nature-alsace.fr\/fr\/#organization"},"image":{"@id":"http:\/\/www.sentinelle-nature-alsace.fr\/fr\/et-8-mesanges-8\/#primaryimage"},"thumbnailUrl":"http:\/\/www.sentinelle-nature-alsace.fr\/fr\/wp-content\/uploads\/2013\/05\/DSC00974-e1369340394832.jpg","keywords":["haie","m\u00e9sange"],"articleSection":["Accueil Animaux"],"inLanguage":"fr-FR","potentialAction":[{"@type":"CommentAction","name":"Comment","target":["http:\/\/www.sentinelle-nature-alsace.fr\/fr\/et-8-mesanges-8\/#respond"]}]},{"@type":"WebPage","@id":"http:\/\/www.sentinelle-nature-alsace.fr\/fr\/et-8-mesanges-8\/","url":"http:\/\/www.sentinelle-nature-alsace.fr\/fr\/et-8-mesanges-8\/","name":"et 8 m\u00e9sanges ! 8 ! -","isPartOf":{"@id":"https:\/\/www.sentinelle-nature-alsace.fr\/fr\/#website"},"primaryImageOfPage":{"@id":"http:\/\/www.sentinelle-nature-alsace.fr\/fr\/et-8-mesanges-8\/#primaryimage"},"image":{"@id":"http:\/\/www.sentinelle-nature-alsace.fr\/fr\/et-8-mesanges-8\/#primaryimage"},"thumbnailUrl":"http:\/\/www.sentinelle-nature-alsace.fr\/fr\/wp-content\/uploads\/2013\/05\/DSC00974-e1369340394832.jpg","datePublished":"2013-05-23T20:40:10+00:00","dateModified":"2014-07-25T16:51:37+00:00","breadcrumb":{"@id":"http:\/\/www.sentinelle-nature-alsace.fr\/fr\/et-8-mesanges-8\/#breadcrumb"},"inLanguage":"fr-FR","potentialAction":[{"@type":"ReadAction","target":["http:\/\/www.sentinelle-nature-alsace.fr\/fr\/et-8-mesanges-8\/"]}]},{"@type":"ImageObject","inLanguage":"fr-FR","@id":"http:\/\/www.sentinelle-nature-alsace.fr\/fr\/et-8-mesanges-8\/#primaryimage","url":"http:\/\/www.sentinelle-nature-alsace.fr\/fr\/wp-content\/uploads\/2013\/05\/DSC00974-e1369340394832.jpg","contentUrl":"http:\/\/www.sentinelle-nature-alsace.fr\/fr\/wp-content\/uploads\/2013\/05\/DSC00974-e1369340394832.jpg","width":1000,"height":750},{"@type":"BreadcrumbList","@id":"http:\/\/www.sentinelle-nature-alsace.fr\/fr\/et-8-mesanges-8\/#breadcrumb","itemListElement":[{"@type":"ListItem","position":1,"name":"Accueil","item":"https:\/\/www.sentinelle-nature-alsace.fr\/fr\/"},{"@type":"ListItem","position":2,"name":"et 8 m\u00e9sanges ! 8 !"}]},{"@type":"WebSite","@id":"https:\/\/www.sentinelle-nature-alsace.fr\/fr\/#website","url":"https:\/\/www.sentinelle-nature-alsace.fr\/fr\/","name":"www.sentinelle-nature-alsace.fr","description":"","publisher":{"@id":"https:\/\/www.sentinelle-nature-alsace.fr\/fr\/#organization"},"potentialAction":[{"@type":"SearchAction","target":{"@type":"EntryPoint","urlTemplate":"https:\/\/www.sentinelle-nature-alsace.fr\/fr\/?s={search_term_string}"},"query-input":{"@type":"PropertyValueSpecification","valueRequired":true,"valueName":"search_term_string"}}],"inLanguage":"fr-FR"},{"@type":"Organization","@id":"https:\/\/www.sentinelle-nature-alsace.fr\/fr\/#organization","name":"Sentinelle Nature Alsace","url":"https:\/\/www.sentinelle-nature-alsace.fr\/fr\/","logo":{"@type":"ImageObject","inLanguage":"fr-FR","@id":"https:\/\/www.sentinelle-nature-alsace.fr\/fr\/#\/schema\/logo\/image\/","url":"http:\/\/www.sentinelle-nature-alsace.fr\/fr\/wp-content\/uploads\/2024\/04\/logo-sna.jpg","contentUrl":"http:\/\/www.sentinelle-nature-alsace.fr\/fr\/wp-content\/uploads\/2024\/04\/logo-sna.jpg","width":200,"height":200,"caption":"Sentinelle Nature Alsace"},"image":{"@id":"https:\/\/www.sentinelle-nature-alsace.fr\/fr\/#\/schema\/logo\/image\/"},"sameAs":["https:\/\/www.facebook.com\/SentinelleNatureAlsace\/about\/","https:\/\/www.instagram.com\/sentinellenaturealsace\/"]},{"@type":"Person","@id":"https:\/\/www.sentinelle-nature-alsace.fr\/fr\/#\/schema\/person\/d5da7db0b7108726deb66dbe1719d04c","name":"sna","image":{"@type":"ImageObject","inLanguage":"fr-FR","@id":"https:\/\/secure.gravatar.com\/avatar\/bd795a97ce40ba06e9b8d2cffddd01b49c09b3d0dd0b0cc3fc98981f023a2e08?s=96&d=mm&r=g","url":"https:\/\/secure.gravatar.com\/avatar\/bd795a97ce40ba06e9b8d2cffddd01b49c09b3d0dd0b0cc3fc98981f023a2e08?s=96&d=mm&r=g","contentUrl":"https:\/\/secure.gravatar.com\/avatar\/bd795a97ce40ba06e9b8d2cffddd01b49c09b3d0dd0b0cc3fc98981f023a2e08?s=96&d=mm&r=g","caption":"sna"},"url":"http:\/\/www.sentinelle-nature-alsace.fr\/fr\/author\/sna\/"}]}},"_links":{"self":[{"href":"http:\/\/www.sentinelle-nature-alsace.fr\/fr\/wp-json\/wp\/v2\/posts\/2937","targetHints":{"allow":["GET"]}}],"collection":[{"href":"http:\/\/www.sentinelle-nature-alsace.fr\/fr\/wp-json\/wp\/v2\/posts"}],"about":[{"href":"http:\/\/www.sentinelle-nature-alsace.fr\/fr\/wp-json\/wp\/v2\/types\/post"}],"author":[{"embeddable":true,"href":"http:\/\/www.sentinelle-nature-alsace.fr\/fr\/wp-json\/wp\/v2\/users\/2"}],"replies":[{"embeddable":true,"href":"http:\/\/www.sentinelle-nature-alsace.fr\/fr\/wp-json\/wp\/v2\/comments?post=2937"}],"version-history":[{"count":1,"href":"http:\/\/www.sentinelle-nature-alsace.fr\/fr\/wp-json\/wp\/v2\/posts\/2937\/revisions"}],"predecessor-version":[{"id":5175,"href":"http:\/\/www.sentinelle-nature-alsace.fr\/fr\/wp-json\/wp\/v2\/posts\/2937\/revisions\/5175"}],"wp:featuredmedia":[{"embeddable":true,"href":"http:\/\/www.sentinelle-nature-alsace.fr\/fr\/wp-json\/wp\/v2\/media\/2944"}],"wp:attachment":[{"href":"http:\/\/www.sentinelle-nature-alsace.fr\/fr\/wp-json\/wp\/v2\/media?parent=2937"}],"wp:term":[{"taxonomy":"category","embeddable":true,"href":"http:\/\/www.sentinelle-nature-alsace.fr\/fr\/wp-json\/wp\/v2\/categories?post=2937"},{"taxonomy":"post_tag","embeddable":true,"href":"http:\/\/www.sentinelle-nature-alsace.fr\/fr\/wp-json\/wp\/v2\/tags?post=2937"}],"curies":[{"name":"wp","href":"https:\/\/api.w.org\/{rel}","templated":true}]}}