{"id":186,"date":"2012-04-24T18:39:40","date_gmt":"2012-04-24T18:39:40","guid":{"rendered":"http:\/\/www.sentinelle-nature-alsace.fr\/fr\/?p=186"},"modified":"2014-07-02T00:11:44","modified_gmt":"2014-07-01T23:11:44","slug":"sna-participe-a-la-campagne-de-sauvetage-batraciens","status":"publish","type":"post","link":"http:\/\/www.sentinelle-nature-alsace.fr\/fr\/sna-participe-a-la-campagne-de-sauvetage-batraciens\/","title":{"rendered":"SNA participe \u00e0 la Campagne de Sauvetage Batraciens !"},"content":{"rendered":"<p>Cyril Dubuc, b\u00e9n\u00e9vole SNA, a d\u00e9cid\u00e9 de s&#8217;engager aupr\u00e8s du Conseil G\u00e9n\u00e9ral du Haut-Rhin pour que ce site \u00e0 batracien soit s\u00e9curis\u00e9, \u00e9paul\u00e9 par 2 membres du Conseil G\u00e9n\u00e9ral.<\/p>\n<p>Chaque matin, avant 8h00, Cyril est donc all\u00e9 relev\u00e9 les sauts, remplis de grenouilles rousses et crapaud communs, pour les aider \u00e0 traverser la route et leur permettre de rejoindre leur site de reproduction sans se faire \u00e9craser.<\/p>\n<p>L&#8217;op\u00e9ration s&#8217;est d\u00e9roul\u00e9e du 23 mars au 15 avril, et ce sont au total 546 crapauds et 2 grenouilles rousses, soit\u00a0<strong>548 individus<\/strong>\u00a0qui ont travers\u00e9 la route dans les sauts : 70 autres batraciens, qui n&#8217;ont pas eu cette chance, ne se reproduiront plus.\u00a0De l&#8217;autre c\u00f4t\u00e9 de la route, des crapauds en reproduction, des grenouilles chantent, et les pontes abondent dans la mare&#8230; La meilleure r\u00e9compense possible pour Cyril&#8230;qui recommencera s\u00fbrement l&#8217;ann\u00e9e prochaine !<\/p>\n<p>&nbsp;<\/p>\n\n\t\t<style type=\"text\/css\">\n\t\t\t#gallery-1 {\n\t\t\t\tmargin: auto;\n\t\t\t}\n\t\t\t#gallery-1 .gallery-item {\n\t\t\t\tfloat: left;\n\t\t\t\tmargin-top: 10px;\n\t\t\t\ttext-align: center;\n\t\t\t\twidth: 25%;\n\t\t\t}\n\t\t\t#gallery-1 img {\n\t\t\t\tborder: 2px solid #cfcfcf;\n\t\t\t}\n\t\t\t#gallery-1 .gallery-caption {\n\t\t\t\tmargin-left: 0;\n\t\t\t}\n\t\t\t\/* see gallery_shortcode() in wp-includes\/media.php *\/\n\t\t<\/style>\n\t\t<div id='gallery-1' class='gallery galleryid-186 gallery-columns-4 gallery-size-thumbnail'><dl class='gallery-item'>\n\t\t\t<dt class='gallery-icon portrait'>\n\t\t\t\t<a href='http:\/\/www.sentinelle-nature-alsace.fr\/fr\/wp-content\/uploads\/2012\/04\/campagne-batraciens-SNA-02.jpg'><img loading=\"lazy\" decoding=\"async\" width=\"150\" height=\"150\" src=\"http:\/\/www.sentinelle-nature-alsace.fr\/fr\/wp-content\/uploads\/2012\/04\/campagne-batraciens-SNA-02-150x150.jpg\" class=\"attachment-thumbnail size-thumbnail no-lazy\" alt=\"\" srcset=\"http:\/\/www.sentinelle-nature-alsace.fr\/fr\/wp-content\/uploads\/2012\/04\/campagne-batraciens-SNA-02-150x150.jpg 150w, http:\/\/www.sentinelle-nature-alsace.fr\/fr\/wp-content\/uploads\/2012\/04\/campagne-batraciens-SNA-02-160x160.jpg 160w\" sizes=\"auto, (max-width: 150px) 100vw, 150px\" \/><\/a>\n\t\t\t<\/dt><\/dl><dl class='gallery-item'>\n\t\t\t<dt class='gallery-icon landscape'>\n\t\t\t\t<a href='http:\/\/www.sentinelle-nature-alsace.fr\/fr\/wp-content\/uploads\/2012\/04\/IMGP8689.jpg'><img loading=\"lazy\" decoding=\"async\" width=\"150\" height=\"150\" src=\"http:\/\/www.sentinelle-nature-alsace.fr\/fr\/wp-content\/uploads\/2012\/04\/IMGP8689-150x150.jpg\" class=\"attachment-thumbnail size-thumbnail no-lazy\" alt=\"\" srcset=\"http:\/\/www.sentinelle-nature-alsace.fr\/fr\/wp-content\/uploads\/2012\/04\/IMGP8689-150x150.jpg 150w, http:\/\/www.sentinelle-nature-alsace.fr\/fr\/wp-content\/uploads\/2012\/04\/IMGP8689-160x160.jpg 160w\" sizes=\"auto, (max-width: 150px) 100vw, 150px\" \/><\/a>\n\t\t\t<\/dt><\/dl><dl class='gallery-item'>\n\t\t\t<dt class='gallery-icon landscape'>\n\t\t\t\t<a href='http:\/\/www.sentinelle-nature-alsace.fr\/fr\/wp-content\/uploads\/2012\/04\/IMGP8704.jpg'><img loading=\"lazy\" decoding=\"async\" width=\"150\" height=\"150\" src=\"http:\/\/www.sentinelle-nature-alsace.fr\/fr\/wp-content\/uploads\/2012\/04\/IMGP8704-150x150.jpg\" class=\"attachment-thumbnail size-thumbnail no-lazy\" alt=\"\" srcset=\"http:\/\/www.sentinelle-nature-alsace.fr\/fr\/wp-content\/uploads\/2012\/04\/IMGP8704-150x150.jpg 150w, http:\/\/www.sentinelle-nature-alsace.fr\/fr\/wp-content\/uploads\/2012\/04\/IMGP8704-160x160.jpg 160w\" sizes=\"auto, (max-width: 150px) 100vw, 150px\" \/><\/a>\n\t\t\t<\/dt><\/dl><dl class='gallery-item'>\n\t\t\t<dt class='gallery-icon landscape'>\n\t\t\t\t<a href='http:\/\/www.sentinelle-nature-alsace.fr\/fr\/wp-content\/uploads\/2012\/04\/IMGP8559.jpg'><img loading=\"lazy\" decoding=\"async\" width=\"150\" height=\"150\" src=\"http:\/\/www.sentinelle-nature-alsace.fr\/fr\/wp-content\/uploads\/2012\/04\/IMGP8559-150x150.jpg\" class=\"attachment-thumbnail size-thumbnail no-lazy\" alt=\"\" srcset=\"http:\/\/www.sentinelle-nature-alsace.fr\/fr\/wp-content\/uploads\/2012\/04\/IMGP8559-150x150.jpg 150w, http:\/\/www.sentinelle-nature-alsace.fr\/fr\/wp-content\/uploads\/2012\/04\/IMGP8559-160x160.jpg 160w\" sizes=\"auto, (max-width: 150px) 100vw, 150px\" \/><\/a>\n\t\t\t<\/dt><\/dl><br style=\"clear: both\" \/><dl class='gallery-item'>\n\t\t\t<dt class='gallery-icon landscape'>\n\t\t\t\t<a href='http:\/\/www.sentinelle-nature-alsace.fr\/fr\/wp-content\/uploads\/2012\/04\/campagne-batraciens-SNA-01.jpg'><img loading=\"lazy\" decoding=\"async\" width=\"150\" height=\"150\" src=\"http:\/\/www.sentinelle-nature-alsace.fr\/fr\/wp-content\/uploads\/2012\/04\/campagne-batraciens-SNA-01-150x150.jpg\" class=\"attachment-thumbnail size-thumbnail no-lazy\" alt=\"\" srcset=\"http:\/\/www.sentinelle-nature-alsace.fr\/fr\/wp-content\/uploads\/2012\/04\/campagne-batraciens-SNA-01-150x150.jpg 150w, http:\/\/www.sentinelle-nature-alsace.fr\/fr\/wp-content\/uploads\/2012\/04\/campagne-batraciens-SNA-01-160x160.jpg 160w\" sizes=\"auto, (max-width: 150px) 100vw, 150px\" \/><\/a>\n\t\t\t<\/dt><\/dl>\n\t\t\t<br style='clear: both' \/>\n\t\t<\/div>\n\n","protected":false},"excerpt":{"rendered":"<p>Cyril Dubuc, b\u00e9n\u00e9vole SNA, a d\u00e9cid\u00e9 de s&#8217;engager aupr\u00e8s du Conseil G\u00e9n\u00e9ral du Haut-Rhin pour que ce site \u00e0 batracien soit s\u00e9curis\u00e9, \u00e9paul\u00e9 par 2 membres du Conseil G\u00e9n\u00e9ral. Chaque matin, avant 8h00, Cyril&#46;&#46;&#46;<\/p>\n","protected":false},"author":2,"featured_media":719,"comment_status":"open","ping_status":"open","sticky":false,"template":"","format":"image","meta":{"_s2mail":"yes","footnotes":""},"categories":[3],"tags":[34,44,63,94],"class_list":["post-186","post","type-post","status-publish","format-image","has-post-thumbnail","hentry","category-actions-nature","tag-batraciens","tag-campagne-batraciens","tag-conseil-general-68","tag-faune-sauvage","post_format-post-format-image"],"yoast_head":"<!-- This site is optimized with the Yoast SEO plugin v27.2 - https:\/\/yoast.com\/product\/yoast-seo-wordpress\/ -->\n<title>SNA participe \u00e0 la Campagne de Sauvetage Batraciens ! -<\/title>\n<meta name=\"robots\" content=\"index, follow, max-snippet:-1, max-image-preview:large, max-video-preview:-1\" \/>\n<link rel=\"canonical\" href=\"https:\/\/www.sentinelle-nature-alsace.fr\/fr\/sna-participe-a-la-campagne-de-sauvetage-batraciens\/\" \/>\n<meta property=\"og:locale\" content=\"fr_FR\" \/>\n<meta property=\"og:type\" content=\"article\" \/>\n<meta property=\"og:title\" content=\"SNA participe \u00e0 la Campagne de Sauvetage Batraciens ! -\" \/>\n<meta property=\"og:description\" content=\"Cyril Dubuc, b\u00e9n\u00e9vole SNA, a d\u00e9cid\u00e9 de s&#8217;engager aupr\u00e8s du Conseil G\u00e9n\u00e9ral du Haut-Rhin pour que ce site \u00e0 batracien soit s\u00e9curis\u00e9, \u00e9paul\u00e9 par 2 membres du Conseil G\u00e9n\u00e9ral. Chaque matin, avant 8h00, Cyril&#046;&#046;&#046;\" \/>\n<meta property=\"og:url\" content=\"https:\/\/www.sentinelle-nature-alsace.fr\/fr\/sna-participe-a-la-campagne-de-sauvetage-batraciens\/\" \/>\n<meta property=\"article:publisher\" content=\"https:\/\/www.facebook.com\/SentinelleNatureAlsace\/about\/\" \/>\n<meta property=\"article:published_time\" content=\"2012-04-24T18:39:40+00:00\" \/>\n<meta property=\"article:modified_time\" content=\"2014-07-01T23:11:44+00:00\" \/>\n<meta property=\"og:image\" content=\"https:\/\/www.sentinelle-nature-alsace.fr\/fr\/wp-content\/uploads\/2012\/04\/IMGP8689.jpg\" \/>\n\t<meta property=\"og:image:width\" content=\"1000\" \/>\n\t<meta property=\"og:image:height\" content=\"665\" \/>\n\t<meta property=\"og:image:type\" content=\"image\/jpeg\" \/>\n<meta name=\"author\" content=\"sna\" \/>\n<meta name=\"twitter:card\" content=\"summary_large_image\" \/>\n<meta name=\"twitter:label1\" content=\"\u00c9crit par\" \/>\n\t<meta name=\"twitter:data1\" content=\"sna\" \/>\n\t<meta name=\"twitter:label2\" content=\"Dur\u00e9e de lecture estim\u00e9e\" \/>\n\t<meta name=\"twitter:data2\" content=\"1 minute\" \/>\n<script type=\"application\/ld+json\" class=\"yoast-schema-graph\">{\"@context\":\"https:\/\/schema.org\",\"@graph\":[{\"@type\":\"Article\",\"@id\":\"https:\/\/www.sentinelle-nature-alsace.fr\/fr\/sna-participe-a-la-campagne-de-sauvetage-batraciens\/#article\",\"isPartOf\":{\"@id\":\"https:\/\/www.sentinelle-nature-alsace.fr\/fr\/sna-participe-a-la-campagne-de-sauvetage-batraciens\/\"},\"author\":{\"name\":\"sna\",\"@id\":\"https:\/\/www.sentinelle-nature-alsace.fr\/fr\/#\/schema\/person\/d5da7db0b7108726deb66dbe1719d04c\"},\"headline\":\"SNA participe \u00e0 la Campagne de Sauvetage Batraciens !\",\"datePublished\":\"2012-04-24T18:39:40+00:00\",\"dateModified\":\"2014-07-01T23:11:44+00:00\",\"mainEntityOfPage\":{\"@id\":\"https:\/\/www.sentinelle-nature-alsace.fr\/fr\/sna-participe-a-la-campagne-de-sauvetage-batraciens\/\"},\"wordCount\":162,\"commentCount\":0,\"publisher\":{\"@id\":\"https:\/\/www.sentinelle-nature-alsace.fr\/fr\/#organization\"},\"image\":{\"@id\":\"https:\/\/www.sentinelle-nature-alsace.fr\/fr\/sna-participe-a-la-campagne-de-sauvetage-batraciens\/#primaryimage\"},\"thumbnailUrl\":\"http:\/\/www.sentinelle-nature-alsace.fr\/fr\/wp-content\/uploads\/2012\/04\/IMGP8689.jpg\",\"keywords\":[\"batraciens\",\"campagne batraciens\",\"conseil g\u00e9n\u00e9ral 68\",\"faune sauvage\"],\"articleSection\":[\"Activit\u00e9s &amp; Animations\"],\"inLanguage\":\"fr-FR\",\"potentialAction\":[{\"@type\":\"CommentAction\",\"name\":\"Comment\",\"target\":[\"https:\/\/www.sentinelle-nature-alsace.fr\/fr\/sna-participe-a-la-campagne-de-sauvetage-batraciens\/#respond\"]}]},{\"@type\":\"WebPage\",\"@id\":\"https:\/\/www.sentinelle-nature-alsace.fr\/fr\/sna-participe-a-la-campagne-de-sauvetage-batraciens\/\",\"url\":\"https:\/\/www.sentinelle-nature-alsace.fr\/fr\/sna-participe-a-la-campagne-de-sauvetage-batraciens\/\",\"name\":\"SNA participe \u00e0 la Campagne de Sauvetage Batraciens ! -\",\"isPartOf\":{\"@id\":\"https:\/\/www.sentinelle-nature-alsace.fr\/fr\/#website\"},\"primaryImageOfPage\":{\"@id\":\"https:\/\/www.sentinelle-nature-alsace.fr\/fr\/sna-participe-a-la-campagne-de-sauvetage-batraciens\/#primaryimage\"},\"image\":{\"@id\":\"https:\/\/www.sentinelle-nature-alsace.fr\/fr\/sna-participe-a-la-campagne-de-sauvetage-batraciens\/#primaryimage\"},\"thumbnailUrl\":\"http:\/\/www.sentinelle-nature-alsace.fr\/fr\/wp-content\/uploads\/2012\/04\/IMGP8689.jpg\",\"datePublished\":\"2012-04-24T18:39:40+00:00\",\"dateModified\":\"2014-07-01T23:11:44+00:00\",\"breadcrumb\":{\"@id\":\"https:\/\/www.sentinelle-nature-alsace.fr\/fr\/sna-participe-a-la-campagne-de-sauvetage-batraciens\/#breadcrumb\"},\"inLanguage\":\"fr-FR\",\"potentialAction\":[{\"@type\":\"ReadAction\",\"target\":[\"https:\/\/www.sentinelle-nature-alsace.fr\/fr\/sna-participe-a-la-campagne-de-sauvetage-batraciens\/\"]}]},{\"@type\":\"ImageObject\",\"inLanguage\":\"fr-FR\",\"@id\":\"https:\/\/www.sentinelle-nature-alsace.fr\/fr\/sna-participe-a-la-campagne-de-sauvetage-batraciens\/#primaryimage\",\"url\":\"http:\/\/www.sentinelle-nature-alsace.fr\/fr\/wp-content\/uploads\/2012\/04\/IMGP8689.jpg\",\"contentUrl\":\"http:\/\/www.sentinelle-nature-alsace.fr\/fr\/wp-content\/uploads\/2012\/04\/IMGP8689.jpg\",\"width\":1000,\"height\":665},{\"@type\":\"BreadcrumbList\",\"@id\":\"https:\/\/www.sentinelle-nature-alsace.fr\/fr\/sna-participe-a-la-campagne-de-sauvetage-batraciens\/#breadcrumb\",\"itemListElement\":[{\"@type\":\"ListItem\",\"position\":1,\"name\":\"Accueil\",\"item\":\"https:\/\/www.sentinelle-nature-alsace.fr\/fr\/\"},{\"@type\":\"ListItem\",\"position\":2,\"name\":\"SNA participe \u00e0 la Campagne de Sauvetage Batraciens !\"}]},{\"@type\":\"WebSite\",\"@id\":\"https:\/\/www.sentinelle-nature-alsace.fr\/fr\/#website\",\"url\":\"https:\/\/www.sentinelle-nature-alsace.fr\/fr\/\",\"name\":\"www.sentinelle-nature-alsace.fr\",\"description\":\"\",\"publisher\":{\"@id\":\"https:\/\/www.sentinelle-nature-alsace.fr\/fr\/#organization\"},\"potentialAction\":[{\"@type\":\"SearchAction\",\"target\":{\"@type\":\"EntryPoint\",\"urlTemplate\":\"https:\/\/www.sentinelle-nature-alsace.fr\/fr\/?s={search_term_string}\"},\"query-input\":{\"@type\":\"PropertyValueSpecification\",\"valueRequired\":true,\"valueName\":\"search_term_string\"}}],\"inLanguage\":\"fr-FR\"},{\"@type\":\"Organization\",\"@id\":\"https:\/\/www.sentinelle-nature-alsace.fr\/fr\/#organization\",\"name\":\"Sentinelle Nature Alsace\",\"url\":\"https:\/\/www.sentinelle-nature-alsace.fr\/fr\/\",\"logo\":{\"@type\":\"ImageObject\",\"inLanguage\":\"fr-FR\",\"@id\":\"https:\/\/www.sentinelle-nature-alsace.fr\/fr\/#\/schema\/logo\/image\/\",\"url\":\"http:\/\/www.sentinelle-nature-alsace.fr\/fr\/wp-content\/uploads\/2024\/04\/logo-sna.jpg\",\"contentUrl\":\"http:\/\/www.sentinelle-nature-alsace.fr\/fr\/wp-content\/uploads\/2024\/04\/logo-sna.jpg\",\"width\":200,\"height\":200,\"caption\":\"Sentinelle Nature Alsace\"},\"image\":{\"@id\":\"https:\/\/www.sentinelle-nature-alsace.fr\/fr\/#\/schema\/logo\/image\/\"},\"sameAs\":[\"https:\/\/www.facebook.com\/SentinelleNatureAlsace\/about\/\",\"https:\/\/www.instagram.com\/sentinellenaturealsace\/\"]},{\"@type\":\"Person\",\"@id\":\"https:\/\/www.sentinelle-nature-alsace.fr\/fr\/#\/schema\/person\/d5da7db0b7108726deb66dbe1719d04c\",\"name\":\"sna\",\"image\":{\"@type\":\"ImageObject\",\"inLanguage\":\"fr-FR\",\"@id\":\"https:\/\/secure.gravatar.com\/avatar\/bd795a97ce40ba06e9b8d2cffddd01b49c09b3d0dd0b0cc3fc98981f023a2e08?s=96&d=mm&r=g\",\"url\":\"https:\/\/secure.gravatar.com\/avatar\/bd795a97ce40ba06e9b8d2cffddd01b49c09b3d0dd0b0cc3fc98981f023a2e08?s=96&d=mm&r=g\",\"contentUrl\":\"https:\/\/secure.gravatar.com\/avatar\/bd795a97ce40ba06e9b8d2cffddd01b49c09b3d0dd0b0cc3fc98981f023a2e08?s=96&d=mm&r=g\",\"caption\":\"sna\"},\"url\":\"http:\/\/www.sentinelle-nature-alsace.fr\/fr\/author\/sna\/\"}]}<\/script>\n<!-- \/ Yoast SEO plugin. -->","yoast_head_json":{"title":"SNA participe \u00e0 la Campagne de Sauvetage Batraciens ! -","robots":{"index":"index","follow":"follow","max-snippet":"max-snippet:-1","max-image-preview":"max-image-preview:large","max-video-preview":"max-video-preview:-1"},"canonical":"https:\/\/www.sentinelle-nature-alsace.fr\/fr\/sna-participe-a-la-campagne-de-sauvetage-batraciens\/","og_locale":"fr_FR","og_type":"article","og_title":"SNA participe \u00e0 la Campagne de Sauvetage Batraciens ! -","og_description":"Cyril Dubuc, b\u00e9n\u00e9vole SNA, a d\u00e9cid\u00e9 de s&#8217;engager aupr\u00e8s du Conseil G\u00e9n\u00e9ral du Haut-Rhin pour que ce site \u00e0 batracien soit s\u00e9curis\u00e9, \u00e9paul\u00e9 par 2 membres du Conseil G\u00e9n\u00e9ral. Chaque matin, avant 8h00, Cyril&#46;&#46;&#46;","og_url":"https:\/\/www.sentinelle-nature-alsace.fr\/fr\/sna-participe-a-la-campagne-de-sauvetage-batraciens\/","article_publisher":"https:\/\/www.facebook.com\/SentinelleNatureAlsace\/about\/","article_published_time":"2012-04-24T18:39:40+00:00","article_modified_time":"2014-07-01T23:11:44+00:00","og_image":[{"width":1000,"height":665,"url":"https:\/\/www.sentinelle-nature-alsace.fr\/fr\/wp-content\/uploads\/2012\/04\/IMGP8689.jpg","type":"image\/jpeg"}],"author":"sna","twitter_card":"summary_large_image","twitter_misc":{"\u00c9crit par":"sna","Dur\u00e9e de lecture estim\u00e9e":"1 minute"},"schema":{"@context":"https:\/\/schema.org","@graph":[{"@type":"Article","@id":"https:\/\/www.sentinelle-nature-alsace.fr\/fr\/sna-participe-a-la-campagne-de-sauvetage-batraciens\/#article","isPartOf":{"@id":"https:\/\/www.sentinelle-nature-alsace.fr\/fr\/sna-participe-a-la-campagne-de-sauvetage-batraciens\/"},"author":{"name":"sna","@id":"https:\/\/www.sentinelle-nature-alsace.fr\/fr\/#\/schema\/person\/d5da7db0b7108726deb66dbe1719d04c"},"headline":"SNA participe \u00e0 la Campagne de Sauvetage Batraciens !","datePublished":"2012-04-24T18:39:40+00:00","dateModified":"2014-07-01T23:11:44+00:00","mainEntityOfPage":{"@id":"https:\/\/www.sentinelle-nature-alsace.fr\/fr\/sna-participe-a-la-campagne-de-sauvetage-batraciens\/"},"wordCount":162,"commentCount":0,"publisher":{"@id":"https:\/\/www.sentinelle-nature-alsace.fr\/fr\/#organization"},"image":{"@id":"https:\/\/www.sentinelle-nature-alsace.fr\/fr\/sna-participe-a-la-campagne-de-sauvetage-batraciens\/#primaryimage"},"thumbnailUrl":"http:\/\/www.sentinelle-nature-alsace.fr\/fr\/wp-content\/uploads\/2012\/04\/IMGP8689.jpg","keywords":["batraciens","campagne batraciens","conseil g\u00e9n\u00e9ral 68","faune sauvage"],"articleSection":["Activit\u00e9s &amp; Animations"],"inLanguage":"fr-FR","potentialAction":[{"@type":"CommentAction","name":"Comment","target":["https:\/\/www.sentinelle-nature-alsace.fr\/fr\/sna-participe-a-la-campagne-de-sauvetage-batraciens\/#respond"]}]},{"@type":"WebPage","@id":"https:\/\/www.sentinelle-nature-alsace.fr\/fr\/sna-participe-a-la-campagne-de-sauvetage-batraciens\/","url":"https:\/\/www.sentinelle-nature-alsace.fr\/fr\/sna-participe-a-la-campagne-de-sauvetage-batraciens\/","name":"SNA participe \u00e0 la Campagne de Sauvetage Batraciens ! -","isPartOf":{"@id":"https:\/\/www.sentinelle-nature-alsace.fr\/fr\/#website"},"primaryImageOfPage":{"@id":"https:\/\/www.sentinelle-nature-alsace.fr\/fr\/sna-participe-a-la-campagne-de-sauvetage-batraciens\/#primaryimage"},"image":{"@id":"https:\/\/www.sentinelle-nature-alsace.fr\/fr\/sna-participe-a-la-campagne-de-sauvetage-batraciens\/#primaryimage"},"thumbnailUrl":"http:\/\/www.sentinelle-nature-alsace.fr\/fr\/wp-content\/uploads\/2012\/04\/IMGP8689.jpg","datePublished":"2012-04-24T18:39:40+00:00","dateModified":"2014-07-01T23:11:44+00:00","breadcrumb":{"@id":"https:\/\/www.sentinelle-nature-alsace.fr\/fr\/sna-participe-a-la-campagne-de-sauvetage-batraciens\/#breadcrumb"},"inLanguage":"fr-FR","potentialAction":[{"@type":"ReadAction","target":["https:\/\/www.sentinelle-nature-alsace.fr\/fr\/sna-participe-a-la-campagne-de-sauvetage-batraciens\/"]}]},{"@type":"ImageObject","inLanguage":"fr-FR","@id":"https:\/\/www.sentinelle-nature-alsace.fr\/fr\/sna-participe-a-la-campagne-de-sauvetage-batraciens\/#primaryimage","url":"http:\/\/www.sentinelle-nature-alsace.fr\/fr\/wp-content\/uploads\/2012\/04\/IMGP8689.jpg","contentUrl":"http:\/\/www.sentinelle-nature-alsace.fr\/fr\/wp-content\/uploads\/2012\/04\/IMGP8689.jpg","width":1000,"height":665},{"@type":"BreadcrumbList","@id":"https:\/\/www.sentinelle-nature-alsace.fr\/fr\/sna-participe-a-la-campagne-de-sauvetage-batraciens\/#breadcrumb","itemListElement":[{"@type":"ListItem","position":1,"name":"Accueil","item":"https:\/\/www.sentinelle-nature-alsace.fr\/fr\/"},{"@type":"ListItem","position":2,"name":"SNA participe \u00e0 la Campagne de Sauvetage Batraciens !"}]},{"@type":"WebSite","@id":"https:\/\/www.sentinelle-nature-alsace.fr\/fr\/#website","url":"https:\/\/www.sentinelle-nature-alsace.fr\/fr\/","name":"www.sentinelle-nature-alsace.fr","description":"","publisher":{"@id":"https:\/\/www.sentinelle-nature-alsace.fr\/fr\/#organization"},"potentialAction":[{"@type":"SearchAction","target":{"@type":"EntryPoint","urlTemplate":"https:\/\/www.sentinelle-nature-alsace.fr\/fr\/?s={search_term_string}"},"query-input":{"@type":"PropertyValueSpecification","valueRequired":true,"valueName":"search_term_string"}}],"inLanguage":"fr-FR"},{"@type":"Organization","@id":"https:\/\/www.sentinelle-nature-alsace.fr\/fr\/#organization","name":"Sentinelle Nature Alsace","url":"https:\/\/www.sentinelle-nature-alsace.fr\/fr\/","logo":{"@type":"ImageObject","inLanguage":"fr-FR","@id":"https:\/\/www.sentinelle-nature-alsace.fr\/fr\/#\/schema\/logo\/image\/","url":"http:\/\/www.sentinelle-nature-alsace.fr\/fr\/wp-content\/uploads\/2024\/04\/logo-sna.jpg","contentUrl":"http:\/\/www.sentinelle-nature-alsace.fr\/fr\/wp-content\/uploads\/2024\/04\/logo-sna.jpg","width":200,"height":200,"caption":"Sentinelle Nature Alsace"},"image":{"@id":"https:\/\/www.sentinelle-nature-alsace.fr\/fr\/#\/schema\/logo\/image\/"},"sameAs":["https:\/\/www.facebook.com\/SentinelleNatureAlsace\/about\/","https:\/\/www.instagram.com\/sentinellenaturealsace\/"]},{"@type":"Person","@id":"https:\/\/www.sentinelle-nature-alsace.fr\/fr\/#\/schema\/person\/d5da7db0b7108726deb66dbe1719d04c","name":"sna","image":{"@type":"ImageObject","inLanguage":"fr-FR","@id":"https:\/\/secure.gravatar.com\/avatar\/bd795a97ce40ba06e9b8d2cffddd01b49c09b3d0dd0b0cc3fc98981f023a2e08?s=96&d=mm&r=g","url":"https:\/\/secure.gravatar.com\/avatar\/bd795a97ce40ba06e9b8d2cffddd01b49c09b3d0dd0b0cc3fc98981f023a2e08?s=96&d=mm&r=g","contentUrl":"https:\/\/secure.gravatar.com\/avatar\/bd795a97ce40ba06e9b8d2cffddd01b49c09b3d0dd0b0cc3fc98981f023a2e08?s=96&d=mm&r=g","caption":"sna"},"url":"http:\/\/www.sentinelle-nature-alsace.fr\/fr\/author\/sna\/"}]}},"_links":{"self":[{"href":"http:\/\/www.sentinelle-nature-alsace.fr\/fr\/wp-json\/wp\/v2\/posts\/186","targetHints":{"allow":["GET"]}}],"collection":[{"href":"http:\/\/www.sentinelle-nature-alsace.fr\/fr\/wp-json\/wp\/v2\/posts"}],"about":[{"href":"http:\/\/www.sentinelle-nature-alsace.fr\/fr\/wp-json\/wp\/v2\/types\/post"}],"author":[{"embeddable":true,"href":"http:\/\/www.sentinelle-nature-alsace.fr\/fr\/wp-json\/wp\/v2\/users\/2"}],"replies":[{"embeddable":true,"href":"http:\/\/www.sentinelle-nature-alsace.fr\/fr\/wp-json\/wp\/v2\/comments?post=186"}],"version-history":[{"count":2,"href":"http:\/\/www.sentinelle-nature-alsace.fr\/fr\/wp-json\/wp\/v2\/posts\/186\/revisions"}],"predecessor-version":[{"id":4826,"href":"http:\/\/www.sentinelle-nature-alsace.fr\/fr\/wp-json\/wp\/v2\/posts\/186\/revisions\/4826"}],"wp:featuredmedia":[{"embeddable":true,"href":"http:\/\/www.sentinelle-nature-alsace.fr\/fr\/wp-json\/wp\/v2\/media\/719"}],"wp:attachment":[{"href":"http:\/\/www.sentinelle-nature-alsace.fr\/fr\/wp-json\/wp\/v2\/media?parent=186"}],"wp:term":[{"taxonomy":"category","embeddable":true,"href":"http:\/\/www.sentinelle-nature-alsace.fr\/fr\/wp-json\/wp\/v2\/categories?post=186"},{"taxonomy":"post_tag","embeddable":true,"href":"http:\/\/www.sentinelle-nature-alsace.fr\/fr\/wp-json\/wp\/v2\/tags?post=186"}],"curies":[{"name":"wp","href":"https:\/\/api.w.org\/{rel}","templated":true}]}}