{"id":183,"date":"2012-03-31T18:37:56","date_gmt":"2012-03-31T18:37:56","guid":{"rendered":"http:\/\/www.sentinelle-nature-alsace.fr\/fr\/?p=183"},"modified":"2014-07-02T00:12:58","modified_gmt":"2014-07-01T23:12:58","slug":"la-route-du-vin-respire","status":"publish","type":"post","link":"http:\/\/www.sentinelle-nature-alsace.fr\/fr\/la-route-du-vin-respire\/","title":{"rendered":"La Route du Vin respire&#8230;"},"content":{"rendered":"<p>Sous l\u2019\u00e9gide du Conseil G\u00e9n\u00e9ral du Haut-Rhin, l\u2019\u00e9quipe de Sentinelle Nature Alsace\u00a0 et quelques courageux b\u00e9n\u00e9voles ont \u0153uvr\u00e9 d\u2019arrache-pied samedi 31 mars, 5 heures durant sur la d\u00e9partementale D1B pour participer \u00e0 l\u2019op\u00e9ration \u00ab\u00a0Haut-Rhin propre\u00a0\u00bb.<\/p>\n<p>1 500 litres de d\u00e9tritus n\u00e9gligemment jet\u00e9s sur les abords des routes ont \u00e9t\u00e9 amass\u00e9s dans 21 sacs poubelles.<\/p>\n<p>Ce travail minutieux a \u00e9t\u00e9 effectu\u00e9 non sans une certaine amertume en consid\u00e9ration du d\u00e9lib\u00e9r\u00e9 manque de civisme et du peu de consid\u00e9ration envers la nature de la part des usagers de la route.<\/p>\n<p>Un pique-nique g\u00e9n\u00e9reusement garni par la Municipalit\u00e9 de Ribeauvill\u00e9 a clos cet apr\u00e8s-midi de nettoyage&#8230;<\/p>\n\n\t\t<style type=\"text\/css\">\n\t\t\t#gallery-1 {\n\t\t\t\tmargin: auto;\n\t\t\t}\n\t\t\t#gallery-1 .gallery-item {\n\t\t\t\tfloat: left;\n\t\t\t\tmargin-top: 10px;\n\t\t\t\ttext-align: center;\n\t\t\t\twidth: 25%;\n\t\t\t}\n\t\t\t#gallery-1 img {\n\t\t\t\tborder: 2px solid #cfcfcf;\n\t\t\t}\n\t\t\t#gallery-1 .gallery-caption {\n\t\t\t\tmargin-left: 0;\n\t\t\t}\n\t\t\t\/* see gallery_shortcode() in wp-includes\/media.php *\/\n\t\t<\/style>\n\t\t<div id='gallery-1' class='gallery galleryid-183 gallery-columns-4 gallery-size-thumbnail'><dl class='gallery-item'>\n\t\t\t<dt class='gallery-icon landscape'>\n\t\t\t\t<a href='http:\/\/www.sentinelle-nature-alsace.fr\/fr\/wp-content\/uploads\/2012\/03\/P1000816.jpg'><img loading=\"lazy\" decoding=\"async\" width=\"150\" height=\"150\" src=\"http:\/\/www.sentinelle-nature-alsace.fr\/fr\/wp-content\/uploads\/2012\/03\/P1000816-150x150.jpg\" class=\"attachment-thumbnail size-thumbnail no-lazy\" alt=\"\" srcset=\"http:\/\/www.sentinelle-nature-alsace.fr\/fr\/wp-content\/uploads\/2012\/03\/P1000816-150x150.jpg 150w, http:\/\/www.sentinelle-nature-alsace.fr\/fr\/wp-content\/uploads\/2012\/03\/P1000816-160x160.jpg 160w\" sizes=\"auto, (max-width: 150px) 100vw, 150px\" \/><\/a>\n\t\t\t<\/dt><\/dl><dl class='gallery-item'>\n\t\t\t<dt class='gallery-icon landscape'>\n\t\t\t\t<a href='http:\/\/www.sentinelle-nature-alsace.fr\/fr\/wp-content\/uploads\/2012\/03\/P1000817.jpg'><img loading=\"lazy\" decoding=\"async\" width=\"150\" height=\"150\" src=\"http:\/\/www.sentinelle-nature-alsace.fr\/fr\/wp-content\/uploads\/2012\/03\/P1000817-150x150.jpg\" class=\"attachment-thumbnail size-thumbnail no-lazy\" alt=\"\" srcset=\"http:\/\/www.sentinelle-nature-alsace.fr\/fr\/wp-content\/uploads\/2012\/03\/P1000817-150x150.jpg 150w, http:\/\/www.sentinelle-nature-alsace.fr\/fr\/wp-content\/uploads\/2012\/03\/P1000817-160x160.jpg 160w\" sizes=\"auto, (max-width: 150px) 100vw, 150px\" \/><\/a>\n\t\t\t<\/dt><\/dl><dl class='gallery-item'>\n\t\t\t<dt class='gallery-icon landscape'>\n\t\t\t\t<a href='http:\/\/www.sentinelle-nature-alsace.fr\/fr\/wp-content\/uploads\/2012\/03\/logo-hrp.jpg'><img loading=\"lazy\" decoding=\"async\" width=\"150\" height=\"150\" src=\"http:\/\/www.sentinelle-nature-alsace.fr\/fr\/wp-content\/uploads\/2012\/03\/logo-hrp-150x150.jpg\" class=\"attachment-thumbnail size-thumbnail no-lazy\" alt=\"\" srcset=\"http:\/\/www.sentinelle-nature-alsace.fr\/fr\/wp-content\/uploads\/2012\/03\/logo-hrp-150x150.jpg 150w, http:\/\/www.sentinelle-nature-alsace.fr\/fr\/wp-content\/uploads\/2012\/03\/logo-hrp-160x160.jpg 160w, http:\/\/www.sentinelle-nature-alsace.fr\/fr\/wp-content\/uploads\/2012\/03\/logo-hrp.jpg 200w\" sizes=\"auto, (max-width: 150px) 100vw, 150px\" \/><\/a>\n\t\t\t<\/dt><\/dl><dl class='gallery-item'>\n\t\t\t<dt class='gallery-icon landscape'>\n\t\t\t\t<a href='http:\/\/www.sentinelle-nature-alsace.fr\/fr\/wp-content\/uploads\/2012\/03\/P1000815.jpg'><img loading=\"lazy\" decoding=\"async\" width=\"150\" height=\"150\" src=\"http:\/\/www.sentinelle-nature-alsace.fr\/fr\/wp-content\/uploads\/2012\/03\/P1000815-150x150.jpg\" class=\"attachment-thumbnail size-thumbnail no-lazy\" alt=\"\" srcset=\"http:\/\/www.sentinelle-nature-alsace.fr\/fr\/wp-content\/uploads\/2012\/03\/P1000815-150x150.jpg 150w, http:\/\/www.sentinelle-nature-alsace.fr\/fr\/wp-content\/uploads\/2012\/03\/P1000815-160x160.jpg 160w\" sizes=\"auto, (max-width: 150px) 100vw, 150px\" \/><\/a>\n\t\t\t<\/dt><\/dl><br style=\"clear: both\" \/>\n\t\t<\/div>\n\n","protected":false},"excerpt":{"rendered":"<p>Sous l\u2019\u00e9gide du Conseil G\u00e9n\u00e9ral du Haut-Rhin, l\u2019\u00e9quipe de Sentinelle Nature Alsace\u00a0 et quelques courageux b\u00e9n\u00e9voles ont \u0153uvr\u00e9 d\u2019arrache-pied samedi 31 mars, 5 heures durant sur la d\u00e9partementale D1B pour participer \u00e0 l\u2019op\u00e9ration \u00ab\u00a0Haut-Rhin&#46;&#46;&#46;<\/p>\n","protected":false},"author":2,"featured_media":742,"comment_status":"open","ping_status":"open","sticky":false,"template":"","format":"image","meta":{"_s2mail":"yes","footnotes":""},"categories":[3],"tags":[63,111],"class_list":["post-183","post","type-post","status-publish","format-image","has-post-thumbnail","hentry","category-actions-nature","tag-conseil-general-68","tag-haut-rhin-propre","post_format-post-format-image"],"yoast_head":"<!-- This site is optimized with the Yoast SEO plugin v27.2 - https:\/\/yoast.com\/product\/yoast-seo-wordpress\/ -->\n<title>La Route du Vin respire... -<\/title>\n<meta name=\"robots\" content=\"index, follow, max-snippet:-1, max-image-preview:large, max-video-preview:-1\" \/>\n<link rel=\"canonical\" href=\"https:\/\/www.sentinelle-nature-alsace.fr\/fr\/la-route-du-vin-respire\/\" \/>\n<meta property=\"og:locale\" content=\"fr_FR\" \/>\n<meta property=\"og:type\" content=\"article\" \/>\n<meta property=\"og:title\" content=\"La Route du Vin respire... -\" \/>\n<meta property=\"og:description\" content=\"Sous l\u2019\u00e9gide du Conseil G\u00e9n\u00e9ral du Haut-Rhin, l\u2019\u00e9quipe de Sentinelle Nature Alsace\u00a0 et quelques courageux b\u00e9n\u00e9voles ont \u0153uvr\u00e9 d\u2019arrache-pied samedi 31 mars, 5 heures durant sur la d\u00e9partementale D1B pour participer \u00e0 l\u2019op\u00e9ration \u00ab\u00a0Haut-Rhin&#046;&#046;&#046;\" \/>\n<meta property=\"og:url\" content=\"https:\/\/www.sentinelle-nature-alsace.fr\/fr\/la-route-du-vin-respire\/\" \/>\n<meta property=\"article:publisher\" content=\"https:\/\/www.facebook.com\/SentinelleNatureAlsace\/about\/\" \/>\n<meta property=\"article:published_time\" content=\"2012-03-31T18:37:56+00:00\" \/>\n<meta property=\"article:modified_time\" content=\"2014-07-01T23:12:58+00:00\" \/>\n<meta property=\"og:image\" content=\"https:\/\/www.sentinelle-nature-alsace.fr\/fr\/wp-content\/uploads\/2012\/03\/P1000817.jpg\" \/>\n\t<meta property=\"og:image:width\" content=\"1000\" \/>\n\t<meta property=\"og:image:height\" content=\"750\" \/>\n\t<meta property=\"og:image:type\" content=\"image\/jpeg\" \/>\n<meta name=\"author\" content=\"sna\" \/>\n<meta name=\"twitter:card\" content=\"summary_large_image\" \/>\n<meta name=\"twitter:label1\" content=\"\u00c9crit par\" \/>\n\t<meta name=\"twitter:data1\" content=\"sna\" \/>\n\t<meta name=\"twitter:label2\" content=\"Dur\u00e9e de lecture estim\u00e9e\" \/>\n\t<meta name=\"twitter:data2\" content=\"1 minute\" \/>\n<script type=\"application\/ld+json\" class=\"yoast-schema-graph\">{\"@context\":\"https:\/\/schema.org\",\"@graph\":[{\"@type\":\"Article\",\"@id\":\"https:\/\/www.sentinelle-nature-alsace.fr\/fr\/la-route-du-vin-respire\/#article\",\"isPartOf\":{\"@id\":\"https:\/\/www.sentinelle-nature-alsace.fr\/fr\/la-route-du-vin-respire\/\"},\"author\":{\"name\":\"sna\",\"@id\":\"https:\/\/www.sentinelle-nature-alsace.fr\/fr\/#\/schema\/person\/d5da7db0b7108726deb66dbe1719d04c\"},\"headline\":\"La Route du Vin respire&#8230;\",\"datePublished\":\"2012-03-31T18:37:56+00:00\",\"dateModified\":\"2014-07-01T23:12:58+00:00\",\"mainEntityOfPage\":{\"@id\":\"https:\/\/www.sentinelle-nature-alsace.fr\/fr\/la-route-du-vin-respire\/\"},\"wordCount\":129,\"commentCount\":0,\"publisher\":{\"@id\":\"https:\/\/www.sentinelle-nature-alsace.fr\/fr\/#organization\"},\"image\":{\"@id\":\"https:\/\/www.sentinelle-nature-alsace.fr\/fr\/la-route-du-vin-respire\/#primaryimage\"},\"thumbnailUrl\":\"http:\/\/www.sentinelle-nature-alsace.fr\/fr\/wp-content\/uploads\/2012\/03\/P1000817.jpg\",\"keywords\":[\"conseil g\u00e9n\u00e9ral 68\",\"Haut-Rhin propre\"],\"articleSection\":[\"Activit\u00e9s &amp; Animations\"],\"inLanguage\":\"fr-FR\",\"potentialAction\":[{\"@type\":\"CommentAction\",\"name\":\"Comment\",\"target\":[\"https:\/\/www.sentinelle-nature-alsace.fr\/fr\/la-route-du-vin-respire\/#respond\"]}]},{\"@type\":\"WebPage\",\"@id\":\"https:\/\/www.sentinelle-nature-alsace.fr\/fr\/la-route-du-vin-respire\/\",\"url\":\"https:\/\/www.sentinelle-nature-alsace.fr\/fr\/la-route-du-vin-respire\/\",\"name\":\"La Route du Vin respire... -\",\"isPartOf\":{\"@id\":\"https:\/\/www.sentinelle-nature-alsace.fr\/fr\/#website\"},\"primaryImageOfPage\":{\"@id\":\"https:\/\/www.sentinelle-nature-alsace.fr\/fr\/la-route-du-vin-respire\/#primaryimage\"},\"image\":{\"@id\":\"https:\/\/www.sentinelle-nature-alsace.fr\/fr\/la-route-du-vin-respire\/#primaryimage\"},\"thumbnailUrl\":\"http:\/\/www.sentinelle-nature-alsace.fr\/fr\/wp-content\/uploads\/2012\/03\/P1000817.jpg\",\"datePublished\":\"2012-03-31T18:37:56+00:00\",\"dateModified\":\"2014-07-01T23:12:58+00:00\",\"breadcrumb\":{\"@id\":\"https:\/\/www.sentinelle-nature-alsace.fr\/fr\/la-route-du-vin-respire\/#breadcrumb\"},\"inLanguage\":\"fr-FR\",\"potentialAction\":[{\"@type\":\"ReadAction\",\"target\":[\"https:\/\/www.sentinelle-nature-alsace.fr\/fr\/la-route-du-vin-respire\/\"]}]},{\"@type\":\"ImageObject\",\"inLanguage\":\"fr-FR\",\"@id\":\"https:\/\/www.sentinelle-nature-alsace.fr\/fr\/la-route-du-vin-respire\/#primaryimage\",\"url\":\"http:\/\/www.sentinelle-nature-alsace.fr\/fr\/wp-content\/uploads\/2012\/03\/P1000817.jpg\",\"contentUrl\":\"http:\/\/www.sentinelle-nature-alsace.fr\/fr\/wp-content\/uploads\/2012\/03\/P1000817.jpg\",\"width\":1000,\"height\":750},{\"@type\":\"BreadcrumbList\",\"@id\":\"https:\/\/www.sentinelle-nature-alsace.fr\/fr\/la-route-du-vin-respire\/#breadcrumb\",\"itemListElement\":[{\"@type\":\"ListItem\",\"position\":1,\"name\":\"Accueil\",\"item\":\"https:\/\/www.sentinelle-nature-alsace.fr\/fr\/\"},{\"@type\":\"ListItem\",\"position\":2,\"name\":\"La Route du Vin respire&#8230;\"}]},{\"@type\":\"WebSite\",\"@id\":\"https:\/\/www.sentinelle-nature-alsace.fr\/fr\/#website\",\"url\":\"https:\/\/www.sentinelle-nature-alsace.fr\/fr\/\",\"name\":\"www.sentinelle-nature-alsace.fr\",\"description\":\"\",\"publisher\":{\"@id\":\"https:\/\/www.sentinelle-nature-alsace.fr\/fr\/#organization\"},\"potentialAction\":[{\"@type\":\"SearchAction\",\"target\":{\"@type\":\"EntryPoint\",\"urlTemplate\":\"https:\/\/www.sentinelle-nature-alsace.fr\/fr\/?s={search_term_string}\"},\"query-input\":{\"@type\":\"PropertyValueSpecification\",\"valueRequired\":true,\"valueName\":\"search_term_string\"}}],\"inLanguage\":\"fr-FR\"},{\"@type\":\"Organization\",\"@id\":\"https:\/\/www.sentinelle-nature-alsace.fr\/fr\/#organization\",\"name\":\"Sentinelle Nature Alsace\",\"url\":\"https:\/\/www.sentinelle-nature-alsace.fr\/fr\/\",\"logo\":{\"@type\":\"ImageObject\",\"inLanguage\":\"fr-FR\",\"@id\":\"https:\/\/www.sentinelle-nature-alsace.fr\/fr\/#\/schema\/logo\/image\/\",\"url\":\"http:\/\/www.sentinelle-nature-alsace.fr\/fr\/wp-content\/uploads\/2024\/04\/logo-sna.jpg\",\"contentUrl\":\"http:\/\/www.sentinelle-nature-alsace.fr\/fr\/wp-content\/uploads\/2024\/04\/logo-sna.jpg\",\"width\":200,\"height\":200,\"caption\":\"Sentinelle Nature Alsace\"},\"image\":{\"@id\":\"https:\/\/www.sentinelle-nature-alsace.fr\/fr\/#\/schema\/logo\/image\/\"},\"sameAs\":[\"https:\/\/www.facebook.com\/SentinelleNatureAlsace\/about\/\",\"https:\/\/www.instagram.com\/sentinellenaturealsace\/\"]},{\"@type\":\"Person\",\"@id\":\"https:\/\/www.sentinelle-nature-alsace.fr\/fr\/#\/schema\/person\/d5da7db0b7108726deb66dbe1719d04c\",\"name\":\"sna\",\"image\":{\"@type\":\"ImageObject\",\"inLanguage\":\"fr-FR\",\"@id\":\"https:\/\/secure.gravatar.com\/avatar\/bd795a97ce40ba06e9b8d2cffddd01b49c09b3d0dd0b0cc3fc98981f023a2e08?s=96&d=mm&r=g\",\"url\":\"https:\/\/secure.gravatar.com\/avatar\/bd795a97ce40ba06e9b8d2cffddd01b49c09b3d0dd0b0cc3fc98981f023a2e08?s=96&d=mm&r=g\",\"contentUrl\":\"https:\/\/secure.gravatar.com\/avatar\/bd795a97ce40ba06e9b8d2cffddd01b49c09b3d0dd0b0cc3fc98981f023a2e08?s=96&d=mm&r=g\",\"caption\":\"sna\"},\"url\":\"http:\/\/www.sentinelle-nature-alsace.fr\/fr\/author\/sna\/\"}]}<\/script>\n<!-- \/ Yoast SEO plugin. -->","yoast_head_json":{"title":"La Route du Vin respire... -","robots":{"index":"index","follow":"follow","max-snippet":"max-snippet:-1","max-image-preview":"max-image-preview:large","max-video-preview":"max-video-preview:-1"},"canonical":"https:\/\/www.sentinelle-nature-alsace.fr\/fr\/la-route-du-vin-respire\/","og_locale":"fr_FR","og_type":"article","og_title":"La Route du Vin respire... -","og_description":"Sous l\u2019\u00e9gide du Conseil G\u00e9n\u00e9ral du Haut-Rhin, l\u2019\u00e9quipe de Sentinelle Nature Alsace\u00a0 et quelques courageux b\u00e9n\u00e9voles ont \u0153uvr\u00e9 d\u2019arrache-pied samedi 31 mars, 5 heures durant sur la d\u00e9partementale D1B pour participer \u00e0 l\u2019op\u00e9ration \u00ab\u00a0Haut-Rhin&#46;&#46;&#46;","og_url":"https:\/\/www.sentinelle-nature-alsace.fr\/fr\/la-route-du-vin-respire\/","article_publisher":"https:\/\/www.facebook.com\/SentinelleNatureAlsace\/about\/","article_published_time":"2012-03-31T18:37:56+00:00","article_modified_time":"2014-07-01T23:12:58+00:00","og_image":[{"width":1000,"height":750,"url":"https:\/\/www.sentinelle-nature-alsace.fr\/fr\/wp-content\/uploads\/2012\/03\/P1000817.jpg","type":"image\/jpeg"}],"author":"sna","twitter_card":"summary_large_image","twitter_misc":{"\u00c9crit par":"sna","Dur\u00e9e de lecture estim\u00e9e":"1 minute"},"schema":{"@context":"https:\/\/schema.org","@graph":[{"@type":"Article","@id":"https:\/\/www.sentinelle-nature-alsace.fr\/fr\/la-route-du-vin-respire\/#article","isPartOf":{"@id":"https:\/\/www.sentinelle-nature-alsace.fr\/fr\/la-route-du-vin-respire\/"},"author":{"name":"sna","@id":"https:\/\/www.sentinelle-nature-alsace.fr\/fr\/#\/schema\/person\/d5da7db0b7108726deb66dbe1719d04c"},"headline":"La Route du Vin respire&#8230;","datePublished":"2012-03-31T18:37:56+00:00","dateModified":"2014-07-01T23:12:58+00:00","mainEntityOfPage":{"@id":"https:\/\/www.sentinelle-nature-alsace.fr\/fr\/la-route-du-vin-respire\/"},"wordCount":129,"commentCount":0,"publisher":{"@id":"https:\/\/www.sentinelle-nature-alsace.fr\/fr\/#organization"},"image":{"@id":"https:\/\/www.sentinelle-nature-alsace.fr\/fr\/la-route-du-vin-respire\/#primaryimage"},"thumbnailUrl":"http:\/\/www.sentinelle-nature-alsace.fr\/fr\/wp-content\/uploads\/2012\/03\/P1000817.jpg","keywords":["conseil g\u00e9n\u00e9ral 68","Haut-Rhin propre"],"articleSection":["Activit\u00e9s &amp; Animations"],"inLanguage":"fr-FR","potentialAction":[{"@type":"CommentAction","name":"Comment","target":["https:\/\/www.sentinelle-nature-alsace.fr\/fr\/la-route-du-vin-respire\/#respond"]}]},{"@type":"WebPage","@id":"https:\/\/www.sentinelle-nature-alsace.fr\/fr\/la-route-du-vin-respire\/","url":"https:\/\/www.sentinelle-nature-alsace.fr\/fr\/la-route-du-vin-respire\/","name":"La Route du Vin respire... -","isPartOf":{"@id":"https:\/\/www.sentinelle-nature-alsace.fr\/fr\/#website"},"primaryImageOfPage":{"@id":"https:\/\/www.sentinelle-nature-alsace.fr\/fr\/la-route-du-vin-respire\/#primaryimage"},"image":{"@id":"https:\/\/www.sentinelle-nature-alsace.fr\/fr\/la-route-du-vin-respire\/#primaryimage"},"thumbnailUrl":"http:\/\/www.sentinelle-nature-alsace.fr\/fr\/wp-content\/uploads\/2012\/03\/P1000817.jpg","datePublished":"2012-03-31T18:37:56+00:00","dateModified":"2014-07-01T23:12:58+00:00","breadcrumb":{"@id":"https:\/\/www.sentinelle-nature-alsace.fr\/fr\/la-route-du-vin-respire\/#breadcrumb"},"inLanguage":"fr-FR","potentialAction":[{"@type":"ReadAction","target":["https:\/\/www.sentinelle-nature-alsace.fr\/fr\/la-route-du-vin-respire\/"]}]},{"@type":"ImageObject","inLanguage":"fr-FR","@id":"https:\/\/www.sentinelle-nature-alsace.fr\/fr\/la-route-du-vin-respire\/#primaryimage","url":"http:\/\/www.sentinelle-nature-alsace.fr\/fr\/wp-content\/uploads\/2012\/03\/P1000817.jpg","contentUrl":"http:\/\/www.sentinelle-nature-alsace.fr\/fr\/wp-content\/uploads\/2012\/03\/P1000817.jpg","width":1000,"height":750},{"@type":"BreadcrumbList","@id":"https:\/\/www.sentinelle-nature-alsace.fr\/fr\/la-route-du-vin-respire\/#breadcrumb","itemListElement":[{"@type":"ListItem","position":1,"name":"Accueil","item":"https:\/\/www.sentinelle-nature-alsace.fr\/fr\/"},{"@type":"ListItem","position":2,"name":"La Route du Vin respire&#8230;"}]},{"@type":"WebSite","@id":"https:\/\/www.sentinelle-nature-alsace.fr\/fr\/#website","url":"https:\/\/www.sentinelle-nature-alsace.fr\/fr\/","name":"www.sentinelle-nature-alsace.fr","description":"","publisher":{"@id":"https:\/\/www.sentinelle-nature-alsace.fr\/fr\/#organization"},"potentialAction":[{"@type":"SearchAction","target":{"@type":"EntryPoint","urlTemplate":"https:\/\/www.sentinelle-nature-alsace.fr\/fr\/?s={search_term_string}"},"query-input":{"@type":"PropertyValueSpecification","valueRequired":true,"valueName":"search_term_string"}}],"inLanguage":"fr-FR"},{"@type":"Organization","@id":"https:\/\/www.sentinelle-nature-alsace.fr\/fr\/#organization","name":"Sentinelle Nature Alsace","url":"https:\/\/www.sentinelle-nature-alsace.fr\/fr\/","logo":{"@type":"ImageObject","inLanguage":"fr-FR","@id":"https:\/\/www.sentinelle-nature-alsace.fr\/fr\/#\/schema\/logo\/image\/","url":"http:\/\/www.sentinelle-nature-alsace.fr\/fr\/wp-content\/uploads\/2024\/04\/logo-sna.jpg","contentUrl":"http:\/\/www.sentinelle-nature-alsace.fr\/fr\/wp-content\/uploads\/2024\/04\/logo-sna.jpg","width":200,"height":200,"caption":"Sentinelle Nature Alsace"},"image":{"@id":"https:\/\/www.sentinelle-nature-alsace.fr\/fr\/#\/schema\/logo\/image\/"},"sameAs":["https:\/\/www.facebook.com\/SentinelleNatureAlsace\/about\/","https:\/\/www.instagram.com\/sentinellenaturealsace\/"]},{"@type":"Person","@id":"https:\/\/www.sentinelle-nature-alsace.fr\/fr\/#\/schema\/person\/d5da7db0b7108726deb66dbe1719d04c","name":"sna","image":{"@type":"ImageObject","inLanguage":"fr-FR","@id":"https:\/\/secure.gravatar.com\/avatar\/bd795a97ce40ba06e9b8d2cffddd01b49c09b3d0dd0b0cc3fc98981f023a2e08?s=96&d=mm&r=g","url":"https:\/\/secure.gravatar.com\/avatar\/bd795a97ce40ba06e9b8d2cffddd01b49c09b3d0dd0b0cc3fc98981f023a2e08?s=96&d=mm&r=g","contentUrl":"https:\/\/secure.gravatar.com\/avatar\/bd795a97ce40ba06e9b8d2cffddd01b49c09b3d0dd0b0cc3fc98981f023a2e08?s=96&d=mm&r=g","caption":"sna"},"url":"http:\/\/www.sentinelle-nature-alsace.fr\/fr\/author\/sna\/"}]}},"_links":{"self":[{"href":"http:\/\/www.sentinelle-nature-alsace.fr\/fr\/wp-json\/wp\/v2\/posts\/183","targetHints":{"allow":["GET"]}}],"collection":[{"href":"http:\/\/www.sentinelle-nature-alsace.fr\/fr\/wp-json\/wp\/v2\/posts"}],"about":[{"href":"http:\/\/www.sentinelle-nature-alsace.fr\/fr\/wp-json\/wp\/v2\/types\/post"}],"author":[{"embeddable":true,"href":"http:\/\/www.sentinelle-nature-alsace.fr\/fr\/wp-json\/wp\/v2\/users\/2"}],"replies":[{"embeddable":true,"href":"http:\/\/www.sentinelle-nature-alsace.fr\/fr\/wp-json\/wp\/v2\/comments?post=183"}],"version-history":[{"count":2,"href":"http:\/\/www.sentinelle-nature-alsace.fr\/fr\/wp-json\/wp\/v2\/posts\/183\/revisions"}],"predecessor-version":[{"id":4828,"href":"http:\/\/www.sentinelle-nature-alsace.fr\/fr\/wp-json\/wp\/v2\/posts\/183\/revisions\/4828"}],"wp:featuredmedia":[{"embeddable":true,"href":"http:\/\/www.sentinelle-nature-alsace.fr\/fr\/wp-json\/wp\/v2\/media\/742"}],"wp:attachment":[{"href":"http:\/\/www.sentinelle-nature-alsace.fr\/fr\/wp-json\/wp\/v2\/media?parent=183"}],"wp:term":[{"taxonomy":"category","embeddable":true,"href":"http:\/\/www.sentinelle-nature-alsace.fr\/fr\/wp-json\/wp\/v2\/categories?post=183"},{"taxonomy":"post_tag","embeddable":true,"href":"http:\/\/www.sentinelle-nature-alsace.fr\/fr\/wp-json\/wp\/v2\/tags?post=183"}],"curies":[{"name":"wp","href":"https:\/\/api.w.org\/{rel}","templated":true}]}}