{"id":1548,"date":"2012-07-09T19:47:40","date_gmt":"2012-07-09T19:47:40","guid":{"rendered":"http:\/\/www.sentinelle-nature-alsace.fr\/fr\/?p=1548"},"modified":"2014-07-23T21:10:26","modified_gmt":"2014-07-23T20:10:26","slug":"chardonnerets-de-leclosion-a-lenvol","status":"publish","type":"post","link":"http:\/\/www.sentinelle-nature-alsace.fr\/fr\/chardonnerets-de-leclosion-a-lenvol\/","title":{"rendered":"Chardonnerets : de l\u2019\u00e9closion \u00e0 l\u2019envol&#8230;"},"content":{"rendered":"<p>Un nid de chardonnerets a \u00e9t\u00e9 victime d\u2019un taillage de haie au mauvais moment\u2026 Fort heureusement, le nid nous a \u00e9t\u00e9 apport\u00e9 aussit\u00f4t, avec 5 petits chardonnerets \u00e2g\u00e9s d\u2019\u00e0 peine 48h. Maintenus au chaud, identifi\u00e9s par bague couleur, nourris \u00e0 la seringue et pes\u00e9s chaque jour, la petite nich\u00e9e a pu survivre jusqu\u2019\u00e0 l\u2019apparition des plumes. Deux jeunes sont morts par la suite d\u2019une m\u00e9gabact\u00e9riose (l\u2019oiseau est en boule, mal en point, il maigrit\u2026). Ces sympt\u00f4mes sont semblables \u00e0 bien d\u2019autres maladies (donc la coccidiose, \u00e9galement tr\u00e8s courante chez les chardonnerets), et donc difficile \u00e0 d\u00e9tecter \u00e0 temps\u2026<\/p>\n<p>Les 3 jeunes survivants ont \u00e9t\u00e9 transf\u00e9r\u00e9s \u00e0 la LPO, pour apprendre \u00e0 voler avec d\u2019autres passereaux. Un chardonneret n\u2019a pas eu de chance, il s\u2019est fait attaqu\u00e9 durant la nuit par un l\u00e9rot \u00e0 travers le grillage. Les deux autres ont pu \u00eatre rel\u00e2ch\u00e9s. M\u00eame si dans ce cas pr\u00e9cis le taux de survie de la nich\u00e9e est \u00e0 peu pr\u00e8s \u00e9gal \u00e0 celui d\u2019une nich\u00e9e avec la m\u00e8re dans la nature, il faut savoir qu\u2019un oiseau \u00e9l\u00e8vera toujours bien mieux des oisillons que nous ne pourrons jamais le faire. Ainsi, il est pr\u00e9f\u00e9rable de tailler vos arbres et haies en dehors de la p\u00e9riode de nidification et de reproduction des oiseaux (taille en automne et en hiver de pr\u00e9f\u00e9rence\u2026.).<\/p>\n","protected":false},"excerpt":{"rendered":"<p>Un nid de chardonnerets a \u00e9t\u00e9 victime d\u2019un taillage de haie au mauvais moment\u2026 Fort heureusement, le nid nous a \u00e9t\u00e9 apport\u00e9 aussit\u00f4t, avec 5 petits chardonnerets \u00e2g\u00e9s d\u2019\u00e0 peine 48h. Maintenus au chaud,&#46;&#46;&#46;<\/p>\n","protected":false},"author":2,"featured_media":1675,"comment_status":"open","ping_status":"closed","sticky":false,"template":"","format":"gallery","meta":{"_s2mail":"yes","footnotes":""},"categories":[2],"tags":[48,175],"class_list":["post-1548","post","type-post","status-publish","format-gallery","has-post-thumbnail","hentry","category-animaux-detresse","tag-chardonnerets","tag-nids","post_format-post-format-gallery"],"yoast_head":"<!-- This site is optimized with the Yoast SEO plugin v27.2 - https:\/\/yoast.com\/product\/yoast-seo-wordpress\/ -->\n<title>Chardonnerets : de l\u2019\u00e9closion \u00e0 l\u2019envol... -<\/title>\n<meta name=\"robots\" content=\"index, follow, max-snippet:-1, max-image-preview:large, max-video-preview:-1\" \/>\n<link rel=\"canonical\" href=\"https:\/\/www.sentinelle-nature-alsace.fr\/fr\/chardonnerets-de-leclosion-a-lenvol\/\" \/>\n<meta property=\"og:locale\" content=\"fr_FR\" \/>\n<meta property=\"og:type\" content=\"article\" \/>\n<meta property=\"og:title\" content=\"Chardonnerets : de l\u2019\u00e9closion \u00e0 l\u2019envol... -\" \/>\n<meta property=\"og:description\" content=\"Un nid de chardonnerets a \u00e9t\u00e9 victime d\u2019un taillage de haie au mauvais moment\u2026 Fort heureusement, le nid nous a \u00e9t\u00e9 apport\u00e9 aussit\u00f4t, avec 5 petits chardonnerets \u00e2g\u00e9s d\u2019\u00e0 peine 48h. Maintenus au chaud,&#046;&#046;&#046;\" \/>\n<meta property=\"og:url\" content=\"https:\/\/www.sentinelle-nature-alsace.fr\/fr\/chardonnerets-de-leclosion-a-lenvol\/\" \/>\n<meta property=\"article:publisher\" content=\"https:\/\/www.facebook.com\/SentinelleNatureAlsace\/about\/\" \/>\n<meta property=\"article:published_time\" content=\"2012-07-09T19:47:40+00:00\" \/>\n<meta property=\"article:modified_time\" content=\"2014-07-23T20:10:26+00:00\" \/>\n<meta property=\"og:image\" content=\"https:\/\/www.sentinelle-nature-alsace.fr\/fr\/wp-content\/uploads\/2012\/07\/MG_3330.jpg\" \/>\n\t<meta property=\"og:image:width\" content=\"900\" \/>\n\t<meta property=\"og:image:height\" content=\"600\" \/>\n\t<meta property=\"og:image:type\" content=\"image\/jpeg\" \/>\n<meta name=\"author\" content=\"sna\" \/>\n<meta name=\"twitter:card\" content=\"summary_large_image\" \/>\n<meta name=\"twitter:label1\" content=\"\u00c9crit par\" \/>\n\t<meta name=\"twitter:data1\" content=\"sna\" \/>\n\t<meta name=\"twitter:label2\" content=\"Dur\u00e9e de lecture estim\u00e9e\" \/>\n\t<meta name=\"twitter:data2\" content=\"1 minute\" \/>\n<script type=\"application\/ld+json\" class=\"yoast-schema-graph\">{\"@context\":\"https:\/\/schema.org\",\"@graph\":[{\"@type\":\"Article\",\"@id\":\"https:\/\/www.sentinelle-nature-alsace.fr\/fr\/chardonnerets-de-leclosion-a-lenvol\/#article\",\"isPartOf\":{\"@id\":\"https:\/\/www.sentinelle-nature-alsace.fr\/fr\/chardonnerets-de-leclosion-a-lenvol\/\"},\"author\":{\"name\":\"sna\",\"@id\":\"https:\/\/www.sentinelle-nature-alsace.fr\/fr\/#\/schema\/person\/d5da7db0b7108726deb66dbe1719d04c\"},\"headline\":\"Chardonnerets : de l\u2019\u00e9closion \u00e0 l\u2019envol&#8230;\",\"datePublished\":\"2012-07-09T19:47:40+00:00\",\"dateModified\":\"2014-07-23T20:10:26+00:00\",\"mainEntityOfPage\":{\"@id\":\"https:\/\/www.sentinelle-nature-alsace.fr\/fr\/chardonnerets-de-leclosion-a-lenvol\/\"},\"wordCount\":251,\"commentCount\":0,\"publisher\":{\"@id\":\"https:\/\/www.sentinelle-nature-alsace.fr\/fr\/#organization\"},\"image\":{\"@id\":\"https:\/\/www.sentinelle-nature-alsace.fr\/fr\/chardonnerets-de-leclosion-a-lenvol\/#primaryimage\"},\"thumbnailUrl\":\"http:\/\/www.sentinelle-nature-alsace.fr\/fr\/wp-content\/uploads\/2012\/07\/MG_3330.jpg\",\"keywords\":[\"chardonnerets\",\"nids\"],\"articleSection\":[\"Accueil Animaux\"],\"inLanguage\":\"fr-FR\",\"potentialAction\":[{\"@type\":\"CommentAction\",\"name\":\"Comment\",\"target\":[\"https:\/\/www.sentinelle-nature-alsace.fr\/fr\/chardonnerets-de-leclosion-a-lenvol\/#respond\"]}]},{\"@type\":\"WebPage\",\"@id\":\"https:\/\/www.sentinelle-nature-alsace.fr\/fr\/chardonnerets-de-leclosion-a-lenvol\/\",\"url\":\"https:\/\/www.sentinelle-nature-alsace.fr\/fr\/chardonnerets-de-leclosion-a-lenvol\/\",\"name\":\"Chardonnerets : de l\u2019\u00e9closion \u00e0 l\u2019envol... -\",\"isPartOf\":{\"@id\":\"https:\/\/www.sentinelle-nature-alsace.fr\/fr\/#website\"},\"primaryImageOfPage\":{\"@id\":\"https:\/\/www.sentinelle-nature-alsace.fr\/fr\/chardonnerets-de-leclosion-a-lenvol\/#primaryimage\"},\"image\":{\"@id\":\"https:\/\/www.sentinelle-nature-alsace.fr\/fr\/chardonnerets-de-leclosion-a-lenvol\/#primaryimage\"},\"thumbnailUrl\":\"http:\/\/www.sentinelle-nature-alsace.fr\/fr\/wp-content\/uploads\/2012\/07\/MG_3330.jpg\",\"datePublished\":\"2012-07-09T19:47:40+00:00\",\"dateModified\":\"2014-07-23T20:10:26+00:00\",\"breadcrumb\":{\"@id\":\"https:\/\/www.sentinelle-nature-alsace.fr\/fr\/chardonnerets-de-leclosion-a-lenvol\/#breadcrumb\"},\"inLanguage\":\"fr-FR\",\"potentialAction\":[{\"@type\":\"ReadAction\",\"target\":[\"https:\/\/www.sentinelle-nature-alsace.fr\/fr\/chardonnerets-de-leclosion-a-lenvol\/\"]}]},{\"@type\":\"ImageObject\",\"inLanguage\":\"fr-FR\",\"@id\":\"https:\/\/www.sentinelle-nature-alsace.fr\/fr\/chardonnerets-de-leclosion-a-lenvol\/#primaryimage\",\"url\":\"http:\/\/www.sentinelle-nature-alsace.fr\/fr\/wp-content\/uploads\/2012\/07\/MG_3330.jpg\",\"contentUrl\":\"http:\/\/www.sentinelle-nature-alsace.fr\/fr\/wp-content\/uploads\/2012\/07\/MG_3330.jpg\",\"width\":900,\"height\":600},{\"@type\":\"BreadcrumbList\",\"@id\":\"https:\/\/www.sentinelle-nature-alsace.fr\/fr\/chardonnerets-de-leclosion-a-lenvol\/#breadcrumb\",\"itemListElement\":[{\"@type\":\"ListItem\",\"position\":1,\"name\":\"Accueil\",\"item\":\"https:\/\/www.sentinelle-nature-alsace.fr\/fr\/\"},{\"@type\":\"ListItem\",\"position\":2,\"name\":\"Chardonnerets : de l\u2019\u00e9closion \u00e0 l\u2019envol&#8230;\"}]},{\"@type\":\"WebSite\",\"@id\":\"https:\/\/www.sentinelle-nature-alsace.fr\/fr\/#website\",\"url\":\"https:\/\/www.sentinelle-nature-alsace.fr\/fr\/\",\"name\":\"www.sentinelle-nature-alsace.fr\",\"description\":\"\",\"publisher\":{\"@id\":\"https:\/\/www.sentinelle-nature-alsace.fr\/fr\/#organization\"},\"potentialAction\":[{\"@type\":\"SearchAction\",\"target\":{\"@type\":\"EntryPoint\",\"urlTemplate\":\"https:\/\/www.sentinelle-nature-alsace.fr\/fr\/?s={search_term_string}\"},\"query-input\":{\"@type\":\"PropertyValueSpecification\",\"valueRequired\":true,\"valueName\":\"search_term_string\"}}],\"inLanguage\":\"fr-FR\"},{\"@type\":\"Organization\",\"@id\":\"https:\/\/www.sentinelle-nature-alsace.fr\/fr\/#organization\",\"name\":\"Sentinelle Nature Alsace\",\"url\":\"https:\/\/www.sentinelle-nature-alsace.fr\/fr\/\",\"logo\":{\"@type\":\"ImageObject\",\"inLanguage\":\"fr-FR\",\"@id\":\"https:\/\/www.sentinelle-nature-alsace.fr\/fr\/#\/schema\/logo\/image\/\",\"url\":\"http:\/\/www.sentinelle-nature-alsace.fr\/fr\/wp-content\/uploads\/2024\/04\/logo-sna.jpg\",\"contentUrl\":\"http:\/\/www.sentinelle-nature-alsace.fr\/fr\/wp-content\/uploads\/2024\/04\/logo-sna.jpg\",\"width\":200,\"height\":200,\"caption\":\"Sentinelle Nature Alsace\"},\"image\":{\"@id\":\"https:\/\/www.sentinelle-nature-alsace.fr\/fr\/#\/schema\/logo\/image\/\"},\"sameAs\":[\"https:\/\/www.facebook.com\/SentinelleNatureAlsace\/about\/\",\"https:\/\/www.instagram.com\/sentinellenaturealsace\/\"]},{\"@type\":\"Person\",\"@id\":\"https:\/\/www.sentinelle-nature-alsace.fr\/fr\/#\/schema\/person\/d5da7db0b7108726deb66dbe1719d04c\",\"name\":\"sna\",\"image\":{\"@type\":\"ImageObject\",\"inLanguage\":\"fr-FR\",\"@id\":\"https:\/\/secure.gravatar.com\/avatar\/bd795a97ce40ba06e9b8d2cffddd01b49c09b3d0dd0b0cc3fc98981f023a2e08?s=96&d=mm&r=g\",\"url\":\"https:\/\/secure.gravatar.com\/avatar\/bd795a97ce40ba06e9b8d2cffddd01b49c09b3d0dd0b0cc3fc98981f023a2e08?s=96&d=mm&r=g\",\"contentUrl\":\"https:\/\/secure.gravatar.com\/avatar\/bd795a97ce40ba06e9b8d2cffddd01b49c09b3d0dd0b0cc3fc98981f023a2e08?s=96&d=mm&r=g\",\"caption\":\"sna\"},\"url\":\"http:\/\/www.sentinelle-nature-alsace.fr\/fr\/author\/sna\/\"}]}<\/script>\n<!-- \/ Yoast SEO plugin. -->","yoast_head_json":{"title":"Chardonnerets : de l\u2019\u00e9closion \u00e0 l\u2019envol... -","robots":{"index":"index","follow":"follow","max-snippet":"max-snippet:-1","max-image-preview":"max-image-preview:large","max-video-preview":"max-video-preview:-1"},"canonical":"https:\/\/www.sentinelle-nature-alsace.fr\/fr\/chardonnerets-de-leclosion-a-lenvol\/","og_locale":"fr_FR","og_type":"article","og_title":"Chardonnerets : de l\u2019\u00e9closion \u00e0 l\u2019envol... -","og_description":"Un nid de chardonnerets a \u00e9t\u00e9 victime d\u2019un taillage de haie au mauvais moment\u2026 Fort heureusement, le nid nous a \u00e9t\u00e9 apport\u00e9 aussit\u00f4t, avec 5 petits chardonnerets \u00e2g\u00e9s d\u2019\u00e0 peine 48h. Maintenus au chaud,&#46;&#46;&#46;","og_url":"https:\/\/www.sentinelle-nature-alsace.fr\/fr\/chardonnerets-de-leclosion-a-lenvol\/","article_publisher":"https:\/\/www.facebook.com\/SentinelleNatureAlsace\/about\/","article_published_time":"2012-07-09T19:47:40+00:00","article_modified_time":"2014-07-23T20:10:26+00:00","og_image":[{"width":900,"height":600,"url":"https:\/\/www.sentinelle-nature-alsace.fr\/fr\/wp-content\/uploads\/2012\/07\/MG_3330.jpg","type":"image\/jpeg"}],"author":"sna","twitter_card":"summary_large_image","twitter_misc":{"\u00c9crit par":"sna","Dur\u00e9e de lecture estim\u00e9e":"1 minute"},"schema":{"@context":"https:\/\/schema.org","@graph":[{"@type":"Article","@id":"https:\/\/www.sentinelle-nature-alsace.fr\/fr\/chardonnerets-de-leclosion-a-lenvol\/#article","isPartOf":{"@id":"https:\/\/www.sentinelle-nature-alsace.fr\/fr\/chardonnerets-de-leclosion-a-lenvol\/"},"author":{"name":"sna","@id":"https:\/\/www.sentinelle-nature-alsace.fr\/fr\/#\/schema\/person\/d5da7db0b7108726deb66dbe1719d04c"},"headline":"Chardonnerets : de l\u2019\u00e9closion \u00e0 l\u2019envol&#8230;","datePublished":"2012-07-09T19:47:40+00:00","dateModified":"2014-07-23T20:10:26+00:00","mainEntityOfPage":{"@id":"https:\/\/www.sentinelle-nature-alsace.fr\/fr\/chardonnerets-de-leclosion-a-lenvol\/"},"wordCount":251,"commentCount":0,"publisher":{"@id":"https:\/\/www.sentinelle-nature-alsace.fr\/fr\/#organization"},"image":{"@id":"https:\/\/www.sentinelle-nature-alsace.fr\/fr\/chardonnerets-de-leclosion-a-lenvol\/#primaryimage"},"thumbnailUrl":"http:\/\/www.sentinelle-nature-alsace.fr\/fr\/wp-content\/uploads\/2012\/07\/MG_3330.jpg","keywords":["chardonnerets","nids"],"articleSection":["Accueil Animaux"],"inLanguage":"fr-FR","potentialAction":[{"@type":"CommentAction","name":"Comment","target":["https:\/\/www.sentinelle-nature-alsace.fr\/fr\/chardonnerets-de-leclosion-a-lenvol\/#respond"]}]},{"@type":"WebPage","@id":"https:\/\/www.sentinelle-nature-alsace.fr\/fr\/chardonnerets-de-leclosion-a-lenvol\/","url":"https:\/\/www.sentinelle-nature-alsace.fr\/fr\/chardonnerets-de-leclosion-a-lenvol\/","name":"Chardonnerets : de l\u2019\u00e9closion \u00e0 l\u2019envol... -","isPartOf":{"@id":"https:\/\/www.sentinelle-nature-alsace.fr\/fr\/#website"},"primaryImageOfPage":{"@id":"https:\/\/www.sentinelle-nature-alsace.fr\/fr\/chardonnerets-de-leclosion-a-lenvol\/#primaryimage"},"image":{"@id":"https:\/\/www.sentinelle-nature-alsace.fr\/fr\/chardonnerets-de-leclosion-a-lenvol\/#primaryimage"},"thumbnailUrl":"http:\/\/www.sentinelle-nature-alsace.fr\/fr\/wp-content\/uploads\/2012\/07\/MG_3330.jpg","datePublished":"2012-07-09T19:47:40+00:00","dateModified":"2014-07-23T20:10:26+00:00","breadcrumb":{"@id":"https:\/\/www.sentinelle-nature-alsace.fr\/fr\/chardonnerets-de-leclosion-a-lenvol\/#breadcrumb"},"inLanguage":"fr-FR","potentialAction":[{"@type":"ReadAction","target":["https:\/\/www.sentinelle-nature-alsace.fr\/fr\/chardonnerets-de-leclosion-a-lenvol\/"]}]},{"@type":"ImageObject","inLanguage":"fr-FR","@id":"https:\/\/www.sentinelle-nature-alsace.fr\/fr\/chardonnerets-de-leclosion-a-lenvol\/#primaryimage","url":"http:\/\/www.sentinelle-nature-alsace.fr\/fr\/wp-content\/uploads\/2012\/07\/MG_3330.jpg","contentUrl":"http:\/\/www.sentinelle-nature-alsace.fr\/fr\/wp-content\/uploads\/2012\/07\/MG_3330.jpg","width":900,"height":600},{"@type":"BreadcrumbList","@id":"https:\/\/www.sentinelle-nature-alsace.fr\/fr\/chardonnerets-de-leclosion-a-lenvol\/#breadcrumb","itemListElement":[{"@type":"ListItem","position":1,"name":"Accueil","item":"https:\/\/www.sentinelle-nature-alsace.fr\/fr\/"},{"@type":"ListItem","position":2,"name":"Chardonnerets : de l\u2019\u00e9closion \u00e0 l\u2019envol&#8230;"}]},{"@type":"WebSite","@id":"https:\/\/www.sentinelle-nature-alsace.fr\/fr\/#website","url":"https:\/\/www.sentinelle-nature-alsace.fr\/fr\/","name":"www.sentinelle-nature-alsace.fr","description":"","publisher":{"@id":"https:\/\/www.sentinelle-nature-alsace.fr\/fr\/#organization"},"potentialAction":[{"@type":"SearchAction","target":{"@type":"EntryPoint","urlTemplate":"https:\/\/www.sentinelle-nature-alsace.fr\/fr\/?s={search_term_string}"},"query-input":{"@type":"PropertyValueSpecification","valueRequired":true,"valueName":"search_term_string"}}],"inLanguage":"fr-FR"},{"@type":"Organization","@id":"https:\/\/www.sentinelle-nature-alsace.fr\/fr\/#organization","name":"Sentinelle Nature Alsace","url":"https:\/\/www.sentinelle-nature-alsace.fr\/fr\/","logo":{"@type":"ImageObject","inLanguage":"fr-FR","@id":"https:\/\/www.sentinelle-nature-alsace.fr\/fr\/#\/schema\/logo\/image\/","url":"http:\/\/www.sentinelle-nature-alsace.fr\/fr\/wp-content\/uploads\/2024\/04\/logo-sna.jpg","contentUrl":"http:\/\/www.sentinelle-nature-alsace.fr\/fr\/wp-content\/uploads\/2024\/04\/logo-sna.jpg","width":200,"height":200,"caption":"Sentinelle Nature Alsace"},"image":{"@id":"https:\/\/www.sentinelle-nature-alsace.fr\/fr\/#\/schema\/logo\/image\/"},"sameAs":["https:\/\/www.facebook.com\/SentinelleNatureAlsace\/about\/","https:\/\/www.instagram.com\/sentinellenaturealsace\/"]},{"@type":"Person","@id":"https:\/\/www.sentinelle-nature-alsace.fr\/fr\/#\/schema\/person\/d5da7db0b7108726deb66dbe1719d04c","name":"sna","image":{"@type":"ImageObject","inLanguage":"fr-FR","@id":"https:\/\/secure.gravatar.com\/avatar\/bd795a97ce40ba06e9b8d2cffddd01b49c09b3d0dd0b0cc3fc98981f023a2e08?s=96&d=mm&r=g","url":"https:\/\/secure.gravatar.com\/avatar\/bd795a97ce40ba06e9b8d2cffddd01b49c09b3d0dd0b0cc3fc98981f023a2e08?s=96&d=mm&r=g","contentUrl":"https:\/\/secure.gravatar.com\/avatar\/bd795a97ce40ba06e9b8d2cffddd01b49c09b3d0dd0b0cc3fc98981f023a2e08?s=96&d=mm&r=g","caption":"sna"},"url":"http:\/\/www.sentinelle-nature-alsace.fr\/fr\/author\/sna\/"}]}},"_links":{"self":[{"href":"http:\/\/www.sentinelle-nature-alsace.fr\/fr\/wp-json\/wp\/v2\/posts\/1548","targetHints":{"allow":["GET"]}}],"collection":[{"href":"http:\/\/www.sentinelle-nature-alsace.fr\/fr\/wp-json\/wp\/v2\/posts"}],"about":[{"href":"http:\/\/www.sentinelle-nature-alsace.fr\/fr\/wp-json\/wp\/v2\/types\/post"}],"author":[{"embeddable":true,"href":"http:\/\/www.sentinelle-nature-alsace.fr\/fr\/wp-json\/wp\/v2\/users\/2"}],"replies":[{"embeddable":true,"href":"http:\/\/www.sentinelle-nature-alsace.fr\/fr\/wp-json\/wp\/v2\/comments?post=1548"}],"version-history":[{"count":1,"href":"http:\/\/www.sentinelle-nature-alsace.fr\/fr\/wp-json\/wp\/v2\/posts\/1548\/revisions"}],"predecessor-version":[{"id":5067,"href":"http:\/\/www.sentinelle-nature-alsace.fr\/fr\/wp-json\/wp\/v2\/posts\/1548\/revisions\/5067"}],"wp:featuredmedia":[{"embeddable":true,"href":"http:\/\/www.sentinelle-nature-alsace.fr\/fr\/wp-json\/wp\/v2\/media\/1675"}],"wp:attachment":[{"href":"http:\/\/www.sentinelle-nature-alsace.fr\/fr\/wp-json\/wp\/v2\/media?parent=1548"}],"wp:term":[{"taxonomy":"category","embeddable":true,"href":"http:\/\/www.sentinelle-nature-alsace.fr\/fr\/wp-json\/wp\/v2\/categories?post=1548"},{"taxonomy":"post_tag","embeddable":true,"href":"http:\/\/www.sentinelle-nature-alsace.fr\/fr\/wp-json\/wp\/v2\/tags?post=1548"}],"curies":[{"name":"wp","href":"https:\/\/api.w.org\/{rel}","templated":true}]}}