{"id":12214,"date":"2024-03-19T12:31:36","date_gmt":"2024-03-19T11:31:36","guid":{"rendered":"http:\/\/www.sentinelle-nature-alsace.fr\/fr\/?p=12214"},"modified":"2024-03-19T12:34:33","modified_gmt":"2024-03-19T11:34:33","slug":"printemps-des-createurs","status":"publish","type":"post","link":"http:\/\/www.sentinelle-nature-alsace.fr\/fr\/printemps-des-createurs\/","title":{"rendered":"Printemps des cr\u00e9ateurs"},"content":{"rendered":"","protected":false},"excerpt":{"rendered":"","protected":false},"author":2,"featured_media":12207,"comment_status":"closed","ping_status":"closed","sticky":false,"template":"","format":"standard","meta":{"_s2mail":"yes","footnotes":""},"categories":[3,9],"tags":[14,24,621,622,94,618,620],"class_list":["post-12214","post","type-post","status-publish","format-standard","has-post-thumbnail","hentry","category-actions-nature","category-vie-associative","tag-alsace","tag-association","tag-createur","tag-creatrice","tag-faune-sauvage","tag-marche","tag-pfastatt"],"yoast_head":"<!-- This site is optimized with the Yoast SEO plugin v27.2 - https:\/\/yoast.com\/product\/yoast-seo-wordpress\/ -->\n<title>Printemps des cr\u00e9ateurs -<\/title>\n<meta name=\"robots\" content=\"index, follow, max-snippet:-1, max-image-preview:large, max-video-preview:-1\" \/>\n<link rel=\"canonical\" href=\"http:\/\/www.sentinelle-nature-alsace.fr\/fr\/printemps-des-createurs\/\" \/>\n<meta property=\"og:locale\" content=\"fr_FR\" \/>\n<meta property=\"og:type\" content=\"article\" \/>\n<meta property=\"og:title\" content=\"Printemps des cr\u00e9ateurs -\" \/>\n<meta property=\"og:url\" content=\"http:\/\/www.sentinelle-nature-alsace.fr\/fr\/printemps-des-createurs\/\" \/>\n<meta property=\"article:publisher\" content=\"https:\/\/www.facebook.com\/SentinelleNatureAlsace\/about\/\" \/>\n<meta property=\"article:published_time\" content=\"2024-03-19T11:31:36+00:00\" \/>\n<meta property=\"article:modified_time\" content=\"2024-03-19T11:34:33+00:00\" \/>\n<meta property=\"og:image\" content=\"http:\/\/www.sentinelle-nature-alsace.fr\/fr\/wp-content\/uploads\/2024\/03\/AFFICHE_MARCHE_PRINTEMPS_CREATEURS_A4_page-0001-1.jpg\" \/>\n\t<meta property=\"og:image:width\" content=\"1241\" \/>\n\t<meta property=\"og:image:height\" content=\"1754\" \/>\n\t<meta property=\"og:image:type\" content=\"image\/jpeg\" \/>\n<meta name=\"author\" content=\"sna\" \/>\n<meta name=\"twitter:card\" content=\"summary_large_image\" \/>\n<meta name=\"twitter:label1\" content=\"\u00c9crit par\" \/>\n\t<meta name=\"twitter:data1\" content=\"sna\" \/>\n<script type=\"application\/ld+json\" class=\"yoast-schema-graph\">{\"@context\":\"https:\/\/schema.org\",\"@graph\":[{\"@type\":\"Article\",\"@id\":\"http:\/\/www.sentinelle-nature-alsace.fr\/fr\/printemps-des-createurs\/#article\",\"isPartOf\":{\"@id\":\"http:\/\/www.sentinelle-nature-alsace.fr\/fr\/printemps-des-createurs\/\"},\"author\":{\"name\":\"sna\",\"@id\":\"https:\/\/www.sentinelle-nature-alsace.fr\/fr\/#\/schema\/person\/d5da7db0b7108726deb66dbe1719d04c\"},\"headline\":\"Printemps des cr\u00e9ateurs\",\"datePublished\":\"2024-03-19T11:31:36+00:00\",\"dateModified\":\"2024-03-19T11:34:33+00:00\",\"mainEntityOfPage\":{\"@id\":\"http:\/\/www.sentinelle-nature-alsace.fr\/fr\/printemps-des-createurs\/\"},\"wordCount\":4,\"publisher\":{\"@id\":\"https:\/\/www.sentinelle-nature-alsace.fr\/fr\/#organization\"},\"image\":{\"@id\":\"http:\/\/www.sentinelle-nature-alsace.fr\/fr\/printemps-des-createurs\/#primaryimage\"},\"thumbnailUrl\":\"http:\/\/www.sentinelle-nature-alsace.fr\/fr\/wp-content\/uploads\/2024\/03\/AFFICHE_MARCHE_PRINTEMPS_CREATEURS_A4_page-0001-1.jpg\",\"keywords\":[\"Alsace\",\"association\",\"cr\u00e9ateur\",\"cr\u00e9atrice\",\"faune sauvage\",\"march\u00e9\",\"pfastatt\"],\"articleSection\":[\"Activit\u00e9s &amp; Animations\",\"Vie associative\"],\"inLanguage\":\"fr-FR\"},{\"@type\":\"WebPage\",\"@id\":\"http:\/\/www.sentinelle-nature-alsace.fr\/fr\/printemps-des-createurs\/\",\"url\":\"http:\/\/www.sentinelle-nature-alsace.fr\/fr\/printemps-des-createurs\/\",\"name\":\"Printemps des cr\u00e9ateurs -\",\"isPartOf\":{\"@id\":\"https:\/\/www.sentinelle-nature-alsace.fr\/fr\/#website\"},\"primaryImageOfPage\":{\"@id\":\"http:\/\/www.sentinelle-nature-alsace.fr\/fr\/printemps-des-createurs\/#primaryimage\"},\"image\":{\"@id\":\"http:\/\/www.sentinelle-nature-alsace.fr\/fr\/printemps-des-createurs\/#primaryimage\"},\"thumbnailUrl\":\"http:\/\/www.sentinelle-nature-alsace.fr\/fr\/wp-content\/uploads\/2024\/03\/AFFICHE_MARCHE_PRINTEMPS_CREATEURS_A4_page-0001-1.jpg\",\"datePublished\":\"2024-03-19T11:31:36+00:00\",\"dateModified\":\"2024-03-19T11:34:33+00:00\",\"breadcrumb\":{\"@id\":\"http:\/\/www.sentinelle-nature-alsace.fr\/fr\/printemps-des-createurs\/#breadcrumb\"},\"inLanguage\":\"fr-FR\",\"potentialAction\":[{\"@type\":\"ReadAction\",\"target\":[\"http:\/\/www.sentinelle-nature-alsace.fr\/fr\/printemps-des-createurs\/\"]}]},{\"@type\":\"ImageObject\",\"inLanguage\":\"fr-FR\",\"@id\":\"http:\/\/www.sentinelle-nature-alsace.fr\/fr\/printemps-des-createurs\/#primaryimage\",\"url\":\"http:\/\/www.sentinelle-nature-alsace.fr\/fr\/wp-content\/uploads\/2024\/03\/AFFICHE_MARCHE_PRINTEMPS_CREATEURS_A4_page-0001-1.jpg\",\"contentUrl\":\"http:\/\/www.sentinelle-nature-alsace.fr\/fr\/wp-content\/uploads\/2024\/03\/AFFICHE_MARCHE_PRINTEMPS_CREATEURS_A4_page-0001-1.jpg\",\"width\":1241,\"height\":1754},{\"@type\":\"BreadcrumbList\",\"@id\":\"http:\/\/www.sentinelle-nature-alsace.fr\/fr\/printemps-des-createurs\/#breadcrumb\",\"itemListElement\":[{\"@type\":\"ListItem\",\"position\":1,\"name\":\"Accueil\",\"item\":\"https:\/\/www.sentinelle-nature-alsace.fr\/fr\/\"},{\"@type\":\"ListItem\",\"position\":2,\"name\":\"Printemps des cr\u00e9ateurs\"}]},{\"@type\":\"WebSite\",\"@id\":\"https:\/\/www.sentinelle-nature-alsace.fr\/fr\/#website\",\"url\":\"https:\/\/www.sentinelle-nature-alsace.fr\/fr\/\",\"name\":\"www.sentinelle-nature-alsace.fr\",\"description\":\"\",\"publisher\":{\"@id\":\"https:\/\/www.sentinelle-nature-alsace.fr\/fr\/#organization\"},\"potentialAction\":[{\"@type\":\"SearchAction\",\"target\":{\"@type\":\"EntryPoint\",\"urlTemplate\":\"https:\/\/www.sentinelle-nature-alsace.fr\/fr\/?s={search_term_string}\"},\"query-input\":{\"@type\":\"PropertyValueSpecification\",\"valueRequired\":true,\"valueName\":\"search_term_string\"}}],\"inLanguage\":\"fr-FR\"},{\"@type\":\"Organization\",\"@id\":\"https:\/\/www.sentinelle-nature-alsace.fr\/fr\/#organization\",\"name\":\"Sentinelle Nature Alsace\",\"url\":\"https:\/\/www.sentinelle-nature-alsace.fr\/fr\/\",\"logo\":{\"@type\":\"ImageObject\",\"inLanguage\":\"fr-FR\",\"@id\":\"https:\/\/www.sentinelle-nature-alsace.fr\/fr\/#\/schema\/logo\/image\/\",\"url\":\"http:\/\/www.sentinelle-nature-alsace.fr\/fr\/wp-content\/uploads\/2024\/04\/logo-sna.jpg\",\"contentUrl\":\"http:\/\/www.sentinelle-nature-alsace.fr\/fr\/wp-content\/uploads\/2024\/04\/logo-sna.jpg\",\"width\":200,\"height\":200,\"caption\":\"Sentinelle Nature Alsace\"},\"image\":{\"@id\":\"https:\/\/www.sentinelle-nature-alsace.fr\/fr\/#\/schema\/logo\/image\/\"},\"sameAs\":[\"https:\/\/www.facebook.com\/SentinelleNatureAlsace\/about\/\",\"https:\/\/www.instagram.com\/sentinellenaturealsace\/\"]},{\"@type\":\"Person\",\"@id\":\"https:\/\/www.sentinelle-nature-alsace.fr\/fr\/#\/schema\/person\/d5da7db0b7108726deb66dbe1719d04c\",\"name\":\"sna\",\"image\":{\"@type\":\"ImageObject\",\"inLanguage\":\"fr-FR\",\"@id\":\"https:\/\/secure.gravatar.com\/avatar\/bd795a97ce40ba06e9b8d2cffddd01b49c09b3d0dd0b0cc3fc98981f023a2e08?s=96&d=mm&r=g\",\"url\":\"https:\/\/secure.gravatar.com\/avatar\/bd795a97ce40ba06e9b8d2cffddd01b49c09b3d0dd0b0cc3fc98981f023a2e08?s=96&d=mm&r=g\",\"contentUrl\":\"https:\/\/secure.gravatar.com\/avatar\/bd795a97ce40ba06e9b8d2cffddd01b49c09b3d0dd0b0cc3fc98981f023a2e08?s=96&d=mm&r=g\",\"caption\":\"sna\"},\"url\":\"http:\/\/www.sentinelle-nature-alsace.fr\/fr\/author\/sna\/\"}]}<\/script>\n<!-- \/ Yoast SEO plugin. -->","yoast_head_json":{"title":"Printemps des cr\u00e9ateurs -","robots":{"index":"index","follow":"follow","max-snippet":"max-snippet:-1","max-image-preview":"max-image-preview:large","max-video-preview":"max-video-preview:-1"},"canonical":"http:\/\/www.sentinelle-nature-alsace.fr\/fr\/printemps-des-createurs\/","og_locale":"fr_FR","og_type":"article","og_title":"Printemps des cr\u00e9ateurs -","og_url":"http:\/\/www.sentinelle-nature-alsace.fr\/fr\/printemps-des-createurs\/","article_publisher":"https:\/\/www.facebook.com\/SentinelleNatureAlsace\/about\/","article_published_time":"2024-03-19T11:31:36+00:00","article_modified_time":"2024-03-19T11:34:33+00:00","og_image":[{"width":1241,"height":1754,"url":"http:\/\/www.sentinelle-nature-alsace.fr\/fr\/wp-content\/uploads\/2024\/03\/AFFICHE_MARCHE_PRINTEMPS_CREATEURS_A4_page-0001-1.jpg","type":"image\/jpeg"}],"author":"sna","twitter_card":"summary_large_image","twitter_misc":{"\u00c9crit par":"sna"},"schema":{"@context":"https:\/\/schema.org","@graph":[{"@type":"Article","@id":"http:\/\/www.sentinelle-nature-alsace.fr\/fr\/printemps-des-createurs\/#article","isPartOf":{"@id":"http:\/\/www.sentinelle-nature-alsace.fr\/fr\/printemps-des-createurs\/"},"author":{"name":"sna","@id":"https:\/\/www.sentinelle-nature-alsace.fr\/fr\/#\/schema\/person\/d5da7db0b7108726deb66dbe1719d04c"},"headline":"Printemps des cr\u00e9ateurs","datePublished":"2024-03-19T11:31:36+00:00","dateModified":"2024-03-19T11:34:33+00:00","mainEntityOfPage":{"@id":"http:\/\/www.sentinelle-nature-alsace.fr\/fr\/printemps-des-createurs\/"},"wordCount":4,"publisher":{"@id":"https:\/\/www.sentinelle-nature-alsace.fr\/fr\/#organization"},"image":{"@id":"http:\/\/www.sentinelle-nature-alsace.fr\/fr\/printemps-des-createurs\/#primaryimage"},"thumbnailUrl":"http:\/\/www.sentinelle-nature-alsace.fr\/fr\/wp-content\/uploads\/2024\/03\/AFFICHE_MARCHE_PRINTEMPS_CREATEURS_A4_page-0001-1.jpg","keywords":["Alsace","association","cr\u00e9ateur","cr\u00e9atrice","faune sauvage","march\u00e9","pfastatt"],"articleSection":["Activit\u00e9s &amp; Animations","Vie associative"],"inLanguage":"fr-FR"},{"@type":"WebPage","@id":"http:\/\/www.sentinelle-nature-alsace.fr\/fr\/printemps-des-createurs\/","url":"http:\/\/www.sentinelle-nature-alsace.fr\/fr\/printemps-des-createurs\/","name":"Printemps des cr\u00e9ateurs -","isPartOf":{"@id":"https:\/\/www.sentinelle-nature-alsace.fr\/fr\/#website"},"primaryImageOfPage":{"@id":"http:\/\/www.sentinelle-nature-alsace.fr\/fr\/printemps-des-createurs\/#primaryimage"},"image":{"@id":"http:\/\/www.sentinelle-nature-alsace.fr\/fr\/printemps-des-createurs\/#primaryimage"},"thumbnailUrl":"http:\/\/www.sentinelle-nature-alsace.fr\/fr\/wp-content\/uploads\/2024\/03\/AFFICHE_MARCHE_PRINTEMPS_CREATEURS_A4_page-0001-1.jpg","datePublished":"2024-03-19T11:31:36+00:00","dateModified":"2024-03-19T11:34:33+00:00","breadcrumb":{"@id":"http:\/\/www.sentinelle-nature-alsace.fr\/fr\/printemps-des-createurs\/#breadcrumb"},"inLanguage":"fr-FR","potentialAction":[{"@type":"ReadAction","target":["http:\/\/www.sentinelle-nature-alsace.fr\/fr\/printemps-des-createurs\/"]}]},{"@type":"ImageObject","inLanguage":"fr-FR","@id":"http:\/\/www.sentinelle-nature-alsace.fr\/fr\/printemps-des-createurs\/#primaryimage","url":"http:\/\/www.sentinelle-nature-alsace.fr\/fr\/wp-content\/uploads\/2024\/03\/AFFICHE_MARCHE_PRINTEMPS_CREATEURS_A4_page-0001-1.jpg","contentUrl":"http:\/\/www.sentinelle-nature-alsace.fr\/fr\/wp-content\/uploads\/2024\/03\/AFFICHE_MARCHE_PRINTEMPS_CREATEURS_A4_page-0001-1.jpg","width":1241,"height":1754},{"@type":"BreadcrumbList","@id":"http:\/\/www.sentinelle-nature-alsace.fr\/fr\/printemps-des-createurs\/#breadcrumb","itemListElement":[{"@type":"ListItem","position":1,"name":"Accueil","item":"https:\/\/www.sentinelle-nature-alsace.fr\/fr\/"},{"@type":"ListItem","position":2,"name":"Printemps des cr\u00e9ateurs"}]},{"@type":"WebSite","@id":"https:\/\/www.sentinelle-nature-alsace.fr\/fr\/#website","url":"https:\/\/www.sentinelle-nature-alsace.fr\/fr\/","name":"www.sentinelle-nature-alsace.fr","description":"","publisher":{"@id":"https:\/\/www.sentinelle-nature-alsace.fr\/fr\/#organization"},"potentialAction":[{"@type":"SearchAction","target":{"@type":"EntryPoint","urlTemplate":"https:\/\/www.sentinelle-nature-alsace.fr\/fr\/?s={search_term_string}"},"query-input":{"@type":"PropertyValueSpecification","valueRequired":true,"valueName":"search_term_string"}}],"inLanguage":"fr-FR"},{"@type":"Organization","@id":"https:\/\/www.sentinelle-nature-alsace.fr\/fr\/#organization","name":"Sentinelle Nature Alsace","url":"https:\/\/www.sentinelle-nature-alsace.fr\/fr\/","logo":{"@type":"ImageObject","inLanguage":"fr-FR","@id":"https:\/\/www.sentinelle-nature-alsace.fr\/fr\/#\/schema\/logo\/image\/","url":"http:\/\/www.sentinelle-nature-alsace.fr\/fr\/wp-content\/uploads\/2024\/04\/logo-sna.jpg","contentUrl":"http:\/\/www.sentinelle-nature-alsace.fr\/fr\/wp-content\/uploads\/2024\/04\/logo-sna.jpg","width":200,"height":200,"caption":"Sentinelle Nature Alsace"},"image":{"@id":"https:\/\/www.sentinelle-nature-alsace.fr\/fr\/#\/schema\/logo\/image\/"},"sameAs":["https:\/\/www.facebook.com\/SentinelleNatureAlsace\/about\/","https:\/\/www.instagram.com\/sentinellenaturealsace\/"]},{"@type":"Person","@id":"https:\/\/www.sentinelle-nature-alsace.fr\/fr\/#\/schema\/person\/d5da7db0b7108726deb66dbe1719d04c","name":"sna","image":{"@type":"ImageObject","inLanguage":"fr-FR","@id":"https:\/\/secure.gravatar.com\/avatar\/bd795a97ce40ba06e9b8d2cffddd01b49c09b3d0dd0b0cc3fc98981f023a2e08?s=96&d=mm&r=g","url":"https:\/\/secure.gravatar.com\/avatar\/bd795a97ce40ba06e9b8d2cffddd01b49c09b3d0dd0b0cc3fc98981f023a2e08?s=96&d=mm&r=g","contentUrl":"https:\/\/secure.gravatar.com\/avatar\/bd795a97ce40ba06e9b8d2cffddd01b49c09b3d0dd0b0cc3fc98981f023a2e08?s=96&d=mm&r=g","caption":"sna"},"url":"http:\/\/www.sentinelle-nature-alsace.fr\/fr\/author\/sna\/"}]}},"_links":{"self":[{"href":"http:\/\/www.sentinelle-nature-alsace.fr\/fr\/wp-json\/wp\/v2\/posts\/12214","targetHints":{"allow":["GET"]}}],"collection":[{"href":"http:\/\/www.sentinelle-nature-alsace.fr\/fr\/wp-json\/wp\/v2\/posts"}],"about":[{"href":"http:\/\/www.sentinelle-nature-alsace.fr\/fr\/wp-json\/wp\/v2\/types\/post"}],"author":[{"embeddable":true,"href":"http:\/\/www.sentinelle-nature-alsace.fr\/fr\/wp-json\/wp\/v2\/users\/2"}],"replies":[{"embeddable":true,"href":"http:\/\/www.sentinelle-nature-alsace.fr\/fr\/wp-json\/wp\/v2\/comments?post=12214"}],"version-history":[{"count":1,"href":"http:\/\/www.sentinelle-nature-alsace.fr\/fr\/wp-json\/wp\/v2\/posts\/12214\/revisions"}],"predecessor-version":[{"id":12215,"href":"http:\/\/www.sentinelle-nature-alsace.fr\/fr\/wp-json\/wp\/v2\/posts\/12214\/revisions\/12215"}],"wp:featuredmedia":[{"embeddable":true,"href":"http:\/\/www.sentinelle-nature-alsace.fr\/fr\/wp-json\/wp\/v2\/media\/12207"}],"wp:attachment":[{"href":"http:\/\/www.sentinelle-nature-alsace.fr\/fr\/wp-json\/wp\/v2\/media?parent=12214"}],"wp:term":[{"taxonomy":"category","embeddable":true,"href":"http:\/\/www.sentinelle-nature-alsace.fr\/fr\/wp-json\/wp\/v2\/categories?post=12214"},{"taxonomy":"post_tag","embeddable":true,"href":"http:\/\/www.sentinelle-nature-alsace.fr\/fr\/wp-json\/wp\/v2\/tags?post=12214"}],"curies":[{"name":"wp","href":"https:\/\/api.w.org\/{rel}","templated":true}]}}