{"id":10791,"date":"2022-03-21T16:56:34","date_gmt":"2022-03-21T15:56:34","guid":{"rendered":"http:\/\/www.sentinelle-nature-alsace.fr\/fr\/?p=10791"},"modified":"2022-03-21T16:56:45","modified_gmt":"2022-03-21T15:56:45","slug":"27-mars-salon-du-bien-etre-animalier","status":"publish","type":"post","link":"http:\/\/www.sentinelle-nature-alsace.fr\/fr\/27-mars-salon-du-bien-etre-animalier\/","title":{"rendered":"27 Mars Salon du bien \u00eatre animalier"},"content":{"rendered":"\n<div class=\"kvgmc6g5 cxmmr5t8 oygrvhab hcukyx3x c1et5uql ii04i59q\">\n<div dir=\"auto\"><span class=\"pq6dq46d tbxw36s4 knj5qynh kvgmc6g5 ditlmg2l oygrvhab nvdbi5me sf5mxxl7 gl3lb2sf hhz5lgdu\"><img loading=\"lazy\" decoding=\"async\" src=\"https:\/\/static.xx.fbcdn.net\/images\/emoji.php\/v9\/tfd\/1\/16\/1f64c.png\" alt=\"&#x1f64c;\" width=\"16\" height=\"16\" \/><\/span> Ev\u00e9nement !<\/div>\n<div dir=\"auto\">\u00a0<\/div>\n<\/div>\n<div class=\"cxmmr5t8 oygrvhab hcukyx3x c1et5uql o9v6fnle ii04i59q\">\n<blockquote>\n<div dir=\"auto\"><strong>Vous pouvez nous retrouver ce dimanche 27 Mars au Salon Europ\u00e9en du bien \u00eatre animalier \u00e0 Strasbourg !<\/strong><\/div>\n<\/blockquote>\n<\/div>\n<div class=\"cxmmr5t8 oygrvhab hcukyx3x c1et5uql o9v6fnle ii04i59q\">\n<blockquote>\n<div dir=\"auto\"><strong>RDV Salle du man\u00e8ge au 1 Rue solignac, de 9h \u00e0 17h30.<\/strong><\/div>\n<\/blockquote>\n<div dir=\"auto\">\u00a0<\/div>\n<div dir=\"auto\">Vous y trouverez des associations de protection animale et professionnels de diff\u00e9rents milieux animaliers<\/div>\n<\/div>\n<div class=\"cxmmr5t8 oygrvhab hcukyx3x c1et5uql o9v6fnle ii04i59q\">\n<div dir=\"auto\">Petit bonus : l&#8217;entr\u00e9e \u00e0 3euros vous donne un ticket de tombola pour un lot d&#8217;une valeur de 50euros ! <span class=\"pq6dq46d tbxw36s4 knj5qynh kvgmc6g5 ditlmg2l oygrvhab nvdbi5me sf5mxxl7 gl3lb2sf hhz5lgdu\"><img loading=\"lazy\" decoding=\"async\" src=\"https:\/\/static.xx.fbcdn.net\/images\/emoji.php\/v9\/t57\/1\/16\/1f609.png\" alt=\"&#x1f609;\" width=\"16\" height=\"16\" \/><\/span><\/div>\n<\/div>\n<div class=\"cxmmr5t8 oygrvhab hcukyx3x c1et5uql o9v6fnle ii04i59q\">\n<div dir=\"auto\">Deux animations musicales sont pr\u00e9vues dans la journ\u00e9e. Les animaux sont interdis dans les salles \u00e0 Strasbourg (malheureusement pour l&#8217;occasion, mais vous pourrez repartir avec de quoi g\u00e2ter votre\/vos compagnons).<\/div>\n<\/div>\n\n\n\n<figure class=\"wp-block-image size-large\"><a href=\"http:\/\/www.sentinelle-nature-alsace.fr\/fr\/wp-content\/uploads\/2022\/03\/20210605-JOURNEE-NATURE-0004.jpg\"><img loading=\"lazy\" decoding=\"async\" width=\"1024\" height=\"682\" src=\"http:\/\/www.sentinelle-nature-alsace.fr\/fr\/wp-content\/uploads\/2022\/03\/20210605-JOURNEE-NATURE-0004-1024x682.jpg\" alt=\"\" class=\"wp-image-10792\" srcset=\"http:\/\/www.sentinelle-nature-alsace.fr\/fr\/wp-content\/uploads\/2022\/03\/20210605-JOURNEE-NATURE-0004-1024x682.jpg 1024w, http:\/\/www.sentinelle-nature-alsace.fr\/fr\/wp-content\/uploads\/2022\/03\/20210605-JOURNEE-NATURE-0004-300x200.jpg 300w, http:\/\/www.sentinelle-nature-alsace.fr\/fr\/wp-content\/uploads\/2022\/03\/20210605-JOURNEE-NATURE-0004-768x512.jpg 768w, http:\/\/www.sentinelle-nature-alsace.fr\/fr\/wp-content\/uploads\/2022\/03\/20210605-JOURNEE-NATURE-0004-1536x1024.jpg 1536w, http:\/\/www.sentinelle-nature-alsace.fr\/fr\/wp-content\/uploads\/2022\/03\/20210605-JOURNEE-NATURE-0004-720x480.jpg 720w, http:\/\/www.sentinelle-nature-alsace.fr\/fr\/wp-content\/uploads\/2022\/03\/20210605-JOURNEE-NATURE-0004-520x347.jpg 520w, http:\/\/www.sentinelle-nature-alsace.fr\/fr\/wp-content\/uploads\/2022\/03\/20210605-JOURNEE-NATURE-0004-320x213.jpg 320w, http:\/\/www.sentinelle-nature-alsace.fr\/fr\/wp-content\/uploads\/2022\/03\/20210605-JOURNEE-NATURE-0004-1320x880.jpg 1320w, http:\/\/www.sentinelle-nature-alsace.fr\/fr\/wp-content\/uploads\/2022\/03\/20210605-JOURNEE-NATURE-0004.jpg 1772w\" sizes=\"auto, (max-width: 1024px) 100vw, 1024px\" \/><\/a><\/figure>\n","protected":false},"excerpt":{"rendered":"<p>Ev\u00e9nement ! \u00a0 Vous pouvez nous retrouver ce dimanche 27 Mars au Salon Europ\u00e9en du bien \u00eatre animalier \u00e0 Strasbourg ! RDV Salle du man\u00e8ge au 1 Rue solignac, de 9h \u00e0 17h30. \u00a0&#46;&#46;&#46;<\/p>\n","protected":false},"author":2,"featured_media":10792,"comment_status":"closed","ping_status":"open","sticky":false,"template":"","format":"standard","meta":{"_s2mail":"yes","footnotes":""},"categories":[3,4,9],"tags":[14,18,593,75,594,170,243],"class_list":["post-10791","post","type-post","status-publish","format-standard","has-post-thumbnail","hentry","category-actions-nature","category-animations","category-vie-associative","tag-alsace","tag-animaux","tag-bien-etre","tag-croquettes","tag-environnement","tag-nature","tag-strasbourg"],"yoast_head":"<!-- This site is optimized with the Yoast SEO plugin v27.2 - https:\/\/yoast.com\/product\/yoast-seo-wordpress\/ -->\n<title>27 Mars Salon du bien \u00eatre animalier -<\/title>\n<meta name=\"robots\" content=\"index, follow, max-snippet:-1, max-image-preview:large, max-video-preview:-1\" \/>\n<link rel=\"canonical\" href=\"http:\/\/www.sentinelle-nature-alsace.fr\/fr\/27-mars-salon-du-bien-etre-animalier\/\" \/>\n<meta property=\"og:locale\" content=\"fr_FR\" \/>\n<meta property=\"og:type\" content=\"article\" \/>\n<meta property=\"og:title\" content=\"27 Mars Salon du bien \u00eatre animalier -\" \/>\n<meta property=\"og:description\" content=\"Ev\u00e9nement ! \u00a0 Vous pouvez nous retrouver ce dimanche 27 Mars au Salon Europ\u00e9en du bien \u00eatre animalier \u00e0 Strasbourg ! RDV Salle du man\u00e8ge au 1 Rue solignac, de 9h \u00e0 17h30. \u00a0&#046;&#046;&#046;\" \/>\n<meta property=\"og:url\" content=\"http:\/\/www.sentinelle-nature-alsace.fr\/fr\/27-mars-salon-du-bien-etre-animalier\/\" \/>\n<meta property=\"article:publisher\" content=\"https:\/\/www.facebook.com\/SentinelleNatureAlsace\/about\/\" \/>\n<meta property=\"article:published_time\" content=\"2022-03-21T15:56:34+00:00\" \/>\n<meta property=\"article:modified_time\" content=\"2022-03-21T15:56:45+00:00\" \/>\n<meta property=\"og:image\" content=\"http:\/\/www.sentinelle-nature-alsace.fr\/fr\/wp-content\/uploads\/2022\/03\/20210605-JOURNEE-NATURE-0004.jpg\" \/>\n\t<meta property=\"og:image:width\" content=\"1772\" \/>\n\t<meta property=\"og:image:height\" content=\"1181\" \/>\n\t<meta property=\"og:image:type\" content=\"image\/jpeg\" \/>\n<meta name=\"author\" content=\"sna\" \/>\n<meta name=\"twitter:card\" content=\"summary_large_image\" \/>\n<meta name=\"twitter:label1\" content=\"\u00c9crit par\" \/>\n\t<meta name=\"twitter:data1\" content=\"sna\" \/>\n\t<meta name=\"twitter:label2\" content=\"Dur\u00e9e de lecture estim\u00e9e\" \/>\n\t<meta name=\"twitter:data2\" content=\"2 minutes\" \/>\n<script type=\"application\/ld+json\" class=\"yoast-schema-graph\">{\"@context\":\"https:\/\/schema.org\",\"@graph\":[{\"@type\":\"Article\",\"@id\":\"http:\/\/www.sentinelle-nature-alsace.fr\/fr\/27-mars-salon-du-bien-etre-animalier\/#article\",\"isPartOf\":{\"@id\":\"http:\/\/www.sentinelle-nature-alsace.fr\/fr\/27-mars-salon-du-bien-etre-animalier\/\"},\"author\":{\"name\":\"sna\",\"@id\":\"https:\/\/www.sentinelle-nature-alsace.fr\/fr\/#\/schema\/person\/d5da7db0b7108726deb66dbe1719d04c\"},\"headline\":\"27 Mars Salon du bien \u00eatre animalier\",\"datePublished\":\"2022-03-21T15:56:34+00:00\",\"dateModified\":\"2022-03-21T15:56:45+00:00\",\"mainEntityOfPage\":{\"@id\":\"http:\/\/www.sentinelle-nature-alsace.fr\/fr\/27-mars-salon-du-bien-etre-animalier\/\"},\"wordCount\":101,\"publisher\":{\"@id\":\"https:\/\/www.sentinelle-nature-alsace.fr\/fr\/#organization\"},\"image\":{\"@id\":\"http:\/\/www.sentinelle-nature-alsace.fr\/fr\/27-mars-salon-du-bien-etre-animalier\/#primaryimage\"},\"thumbnailUrl\":\"http:\/\/www.sentinelle-nature-alsace.fr\/fr\/wp-content\/uploads\/2022\/03\/20210605-JOURNEE-NATURE-0004.jpg\",\"keywords\":[\"Alsace\",\"animaux\",\"bien \u00eatre\",\"croquettes\",\"environnement\",\"nature\",\"strasbourg\"],\"articleSection\":[\"Activit\u00e9s &amp; Animations\",\"Animations\",\"Vie associative\"],\"inLanguage\":\"fr-FR\"},{\"@type\":\"WebPage\",\"@id\":\"http:\/\/www.sentinelle-nature-alsace.fr\/fr\/27-mars-salon-du-bien-etre-animalier\/\",\"url\":\"http:\/\/www.sentinelle-nature-alsace.fr\/fr\/27-mars-salon-du-bien-etre-animalier\/\",\"name\":\"27 Mars Salon du bien \u00eatre animalier -\",\"isPartOf\":{\"@id\":\"https:\/\/www.sentinelle-nature-alsace.fr\/fr\/#website\"},\"primaryImageOfPage\":{\"@id\":\"http:\/\/www.sentinelle-nature-alsace.fr\/fr\/27-mars-salon-du-bien-etre-animalier\/#primaryimage\"},\"image\":{\"@id\":\"http:\/\/www.sentinelle-nature-alsace.fr\/fr\/27-mars-salon-du-bien-etre-animalier\/#primaryimage\"},\"thumbnailUrl\":\"http:\/\/www.sentinelle-nature-alsace.fr\/fr\/wp-content\/uploads\/2022\/03\/20210605-JOURNEE-NATURE-0004.jpg\",\"datePublished\":\"2022-03-21T15:56:34+00:00\",\"dateModified\":\"2022-03-21T15:56:45+00:00\",\"breadcrumb\":{\"@id\":\"http:\/\/www.sentinelle-nature-alsace.fr\/fr\/27-mars-salon-du-bien-etre-animalier\/#breadcrumb\"},\"inLanguage\":\"fr-FR\",\"potentialAction\":[{\"@type\":\"ReadAction\",\"target\":[\"http:\/\/www.sentinelle-nature-alsace.fr\/fr\/27-mars-salon-du-bien-etre-animalier\/\"]}]},{\"@type\":\"ImageObject\",\"inLanguage\":\"fr-FR\",\"@id\":\"http:\/\/www.sentinelle-nature-alsace.fr\/fr\/27-mars-salon-du-bien-etre-animalier\/#primaryimage\",\"url\":\"http:\/\/www.sentinelle-nature-alsace.fr\/fr\/wp-content\/uploads\/2022\/03\/20210605-JOURNEE-NATURE-0004.jpg\",\"contentUrl\":\"http:\/\/www.sentinelle-nature-alsace.fr\/fr\/wp-content\/uploads\/2022\/03\/20210605-JOURNEE-NATURE-0004.jpg\",\"width\":1772,\"height\":1181},{\"@type\":\"BreadcrumbList\",\"@id\":\"http:\/\/www.sentinelle-nature-alsace.fr\/fr\/27-mars-salon-du-bien-etre-animalier\/#breadcrumb\",\"itemListElement\":[{\"@type\":\"ListItem\",\"position\":1,\"name\":\"Accueil\",\"item\":\"https:\/\/www.sentinelle-nature-alsace.fr\/fr\/\"},{\"@type\":\"ListItem\",\"position\":2,\"name\":\"27 Mars Salon du bien \u00eatre animalier\"}]},{\"@type\":\"WebSite\",\"@id\":\"https:\/\/www.sentinelle-nature-alsace.fr\/fr\/#website\",\"url\":\"https:\/\/www.sentinelle-nature-alsace.fr\/fr\/\",\"name\":\"www.sentinelle-nature-alsace.fr\",\"description\":\"\",\"publisher\":{\"@id\":\"https:\/\/www.sentinelle-nature-alsace.fr\/fr\/#organization\"},\"potentialAction\":[{\"@type\":\"SearchAction\",\"target\":{\"@type\":\"EntryPoint\",\"urlTemplate\":\"https:\/\/www.sentinelle-nature-alsace.fr\/fr\/?s={search_term_string}\"},\"query-input\":{\"@type\":\"PropertyValueSpecification\",\"valueRequired\":true,\"valueName\":\"search_term_string\"}}],\"inLanguage\":\"fr-FR\"},{\"@type\":\"Organization\",\"@id\":\"https:\/\/www.sentinelle-nature-alsace.fr\/fr\/#organization\",\"name\":\"Sentinelle Nature Alsace\",\"url\":\"https:\/\/www.sentinelle-nature-alsace.fr\/fr\/\",\"logo\":{\"@type\":\"ImageObject\",\"inLanguage\":\"fr-FR\",\"@id\":\"https:\/\/www.sentinelle-nature-alsace.fr\/fr\/#\/schema\/logo\/image\/\",\"url\":\"http:\/\/www.sentinelle-nature-alsace.fr\/fr\/wp-content\/uploads\/2024\/04\/logo-sna.jpg\",\"contentUrl\":\"http:\/\/www.sentinelle-nature-alsace.fr\/fr\/wp-content\/uploads\/2024\/04\/logo-sna.jpg\",\"width\":200,\"height\":200,\"caption\":\"Sentinelle Nature Alsace\"},\"image\":{\"@id\":\"https:\/\/www.sentinelle-nature-alsace.fr\/fr\/#\/schema\/logo\/image\/\"},\"sameAs\":[\"https:\/\/www.facebook.com\/SentinelleNatureAlsace\/about\/\",\"https:\/\/www.instagram.com\/sentinellenaturealsace\/\"]},{\"@type\":\"Person\",\"@id\":\"https:\/\/www.sentinelle-nature-alsace.fr\/fr\/#\/schema\/person\/d5da7db0b7108726deb66dbe1719d04c\",\"name\":\"sna\",\"image\":{\"@type\":\"ImageObject\",\"inLanguage\":\"fr-FR\",\"@id\":\"https:\/\/secure.gravatar.com\/avatar\/bd795a97ce40ba06e9b8d2cffddd01b49c09b3d0dd0b0cc3fc98981f023a2e08?s=96&d=mm&r=g\",\"url\":\"https:\/\/secure.gravatar.com\/avatar\/bd795a97ce40ba06e9b8d2cffddd01b49c09b3d0dd0b0cc3fc98981f023a2e08?s=96&d=mm&r=g\",\"contentUrl\":\"https:\/\/secure.gravatar.com\/avatar\/bd795a97ce40ba06e9b8d2cffddd01b49c09b3d0dd0b0cc3fc98981f023a2e08?s=96&d=mm&r=g\",\"caption\":\"sna\"},\"url\":\"http:\/\/www.sentinelle-nature-alsace.fr\/fr\/author\/sna\/\"}]}<\/script>\n<!-- \/ Yoast SEO plugin. -->","yoast_head_json":{"title":"27 Mars Salon du bien \u00eatre animalier -","robots":{"index":"index","follow":"follow","max-snippet":"max-snippet:-1","max-image-preview":"max-image-preview:large","max-video-preview":"max-video-preview:-1"},"canonical":"http:\/\/www.sentinelle-nature-alsace.fr\/fr\/27-mars-salon-du-bien-etre-animalier\/","og_locale":"fr_FR","og_type":"article","og_title":"27 Mars Salon du bien \u00eatre animalier -","og_description":"Ev\u00e9nement ! \u00a0 Vous pouvez nous retrouver ce dimanche 27 Mars au Salon Europ\u00e9en du bien \u00eatre animalier \u00e0 Strasbourg ! RDV Salle du man\u00e8ge au 1 Rue solignac, de 9h \u00e0 17h30. \u00a0&#46;&#46;&#46;","og_url":"http:\/\/www.sentinelle-nature-alsace.fr\/fr\/27-mars-salon-du-bien-etre-animalier\/","article_publisher":"https:\/\/www.facebook.com\/SentinelleNatureAlsace\/about\/","article_published_time":"2022-03-21T15:56:34+00:00","article_modified_time":"2022-03-21T15:56:45+00:00","og_image":[{"width":1772,"height":1181,"url":"http:\/\/www.sentinelle-nature-alsace.fr\/fr\/wp-content\/uploads\/2022\/03\/20210605-JOURNEE-NATURE-0004.jpg","type":"image\/jpeg"}],"author":"sna","twitter_card":"summary_large_image","twitter_misc":{"\u00c9crit par":"sna","Dur\u00e9e de lecture estim\u00e9e":"2 minutes"},"schema":{"@context":"https:\/\/schema.org","@graph":[{"@type":"Article","@id":"http:\/\/www.sentinelle-nature-alsace.fr\/fr\/27-mars-salon-du-bien-etre-animalier\/#article","isPartOf":{"@id":"http:\/\/www.sentinelle-nature-alsace.fr\/fr\/27-mars-salon-du-bien-etre-animalier\/"},"author":{"name":"sna","@id":"https:\/\/www.sentinelle-nature-alsace.fr\/fr\/#\/schema\/person\/d5da7db0b7108726deb66dbe1719d04c"},"headline":"27 Mars Salon du bien \u00eatre animalier","datePublished":"2022-03-21T15:56:34+00:00","dateModified":"2022-03-21T15:56:45+00:00","mainEntityOfPage":{"@id":"http:\/\/www.sentinelle-nature-alsace.fr\/fr\/27-mars-salon-du-bien-etre-animalier\/"},"wordCount":101,"publisher":{"@id":"https:\/\/www.sentinelle-nature-alsace.fr\/fr\/#organization"},"image":{"@id":"http:\/\/www.sentinelle-nature-alsace.fr\/fr\/27-mars-salon-du-bien-etre-animalier\/#primaryimage"},"thumbnailUrl":"http:\/\/www.sentinelle-nature-alsace.fr\/fr\/wp-content\/uploads\/2022\/03\/20210605-JOURNEE-NATURE-0004.jpg","keywords":["Alsace","animaux","bien \u00eatre","croquettes","environnement","nature","strasbourg"],"articleSection":["Activit\u00e9s &amp; Animations","Animations","Vie associative"],"inLanguage":"fr-FR"},{"@type":"WebPage","@id":"http:\/\/www.sentinelle-nature-alsace.fr\/fr\/27-mars-salon-du-bien-etre-animalier\/","url":"http:\/\/www.sentinelle-nature-alsace.fr\/fr\/27-mars-salon-du-bien-etre-animalier\/","name":"27 Mars Salon du bien \u00eatre animalier -","isPartOf":{"@id":"https:\/\/www.sentinelle-nature-alsace.fr\/fr\/#website"},"primaryImageOfPage":{"@id":"http:\/\/www.sentinelle-nature-alsace.fr\/fr\/27-mars-salon-du-bien-etre-animalier\/#primaryimage"},"image":{"@id":"http:\/\/www.sentinelle-nature-alsace.fr\/fr\/27-mars-salon-du-bien-etre-animalier\/#primaryimage"},"thumbnailUrl":"http:\/\/www.sentinelle-nature-alsace.fr\/fr\/wp-content\/uploads\/2022\/03\/20210605-JOURNEE-NATURE-0004.jpg","datePublished":"2022-03-21T15:56:34+00:00","dateModified":"2022-03-21T15:56:45+00:00","breadcrumb":{"@id":"http:\/\/www.sentinelle-nature-alsace.fr\/fr\/27-mars-salon-du-bien-etre-animalier\/#breadcrumb"},"inLanguage":"fr-FR","potentialAction":[{"@type":"ReadAction","target":["http:\/\/www.sentinelle-nature-alsace.fr\/fr\/27-mars-salon-du-bien-etre-animalier\/"]}]},{"@type":"ImageObject","inLanguage":"fr-FR","@id":"http:\/\/www.sentinelle-nature-alsace.fr\/fr\/27-mars-salon-du-bien-etre-animalier\/#primaryimage","url":"http:\/\/www.sentinelle-nature-alsace.fr\/fr\/wp-content\/uploads\/2022\/03\/20210605-JOURNEE-NATURE-0004.jpg","contentUrl":"http:\/\/www.sentinelle-nature-alsace.fr\/fr\/wp-content\/uploads\/2022\/03\/20210605-JOURNEE-NATURE-0004.jpg","width":1772,"height":1181},{"@type":"BreadcrumbList","@id":"http:\/\/www.sentinelle-nature-alsace.fr\/fr\/27-mars-salon-du-bien-etre-animalier\/#breadcrumb","itemListElement":[{"@type":"ListItem","position":1,"name":"Accueil","item":"https:\/\/www.sentinelle-nature-alsace.fr\/fr\/"},{"@type":"ListItem","position":2,"name":"27 Mars Salon du bien \u00eatre animalier"}]},{"@type":"WebSite","@id":"https:\/\/www.sentinelle-nature-alsace.fr\/fr\/#website","url":"https:\/\/www.sentinelle-nature-alsace.fr\/fr\/","name":"www.sentinelle-nature-alsace.fr","description":"","publisher":{"@id":"https:\/\/www.sentinelle-nature-alsace.fr\/fr\/#organization"},"potentialAction":[{"@type":"SearchAction","target":{"@type":"EntryPoint","urlTemplate":"https:\/\/www.sentinelle-nature-alsace.fr\/fr\/?s={search_term_string}"},"query-input":{"@type":"PropertyValueSpecification","valueRequired":true,"valueName":"search_term_string"}}],"inLanguage":"fr-FR"},{"@type":"Organization","@id":"https:\/\/www.sentinelle-nature-alsace.fr\/fr\/#organization","name":"Sentinelle Nature Alsace","url":"https:\/\/www.sentinelle-nature-alsace.fr\/fr\/","logo":{"@type":"ImageObject","inLanguage":"fr-FR","@id":"https:\/\/www.sentinelle-nature-alsace.fr\/fr\/#\/schema\/logo\/image\/","url":"http:\/\/www.sentinelle-nature-alsace.fr\/fr\/wp-content\/uploads\/2024\/04\/logo-sna.jpg","contentUrl":"http:\/\/www.sentinelle-nature-alsace.fr\/fr\/wp-content\/uploads\/2024\/04\/logo-sna.jpg","width":200,"height":200,"caption":"Sentinelle Nature Alsace"},"image":{"@id":"https:\/\/www.sentinelle-nature-alsace.fr\/fr\/#\/schema\/logo\/image\/"},"sameAs":["https:\/\/www.facebook.com\/SentinelleNatureAlsace\/about\/","https:\/\/www.instagram.com\/sentinellenaturealsace\/"]},{"@type":"Person","@id":"https:\/\/www.sentinelle-nature-alsace.fr\/fr\/#\/schema\/person\/d5da7db0b7108726deb66dbe1719d04c","name":"sna","image":{"@type":"ImageObject","inLanguage":"fr-FR","@id":"https:\/\/secure.gravatar.com\/avatar\/bd795a97ce40ba06e9b8d2cffddd01b49c09b3d0dd0b0cc3fc98981f023a2e08?s=96&d=mm&r=g","url":"https:\/\/secure.gravatar.com\/avatar\/bd795a97ce40ba06e9b8d2cffddd01b49c09b3d0dd0b0cc3fc98981f023a2e08?s=96&d=mm&r=g","contentUrl":"https:\/\/secure.gravatar.com\/avatar\/bd795a97ce40ba06e9b8d2cffddd01b49c09b3d0dd0b0cc3fc98981f023a2e08?s=96&d=mm&r=g","caption":"sna"},"url":"http:\/\/www.sentinelle-nature-alsace.fr\/fr\/author\/sna\/"}]}},"_links":{"self":[{"href":"http:\/\/www.sentinelle-nature-alsace.fr\/fr\/wp-json\/wp\/v2\/posts\/10791","targetHints":{"allow":["GET"]}}],"collection":[{"href":"http:\/\/www.sentinelle-nature-alsace.fr\/fr\/wp-json\/wp\/v2\/posts"}],"about":[{"href":"http:\/\/www.sentinelle-nature-alsace.fr\/fr\/wp-json\/wp\/v2\/types\/post"}],"author":[{"embeddable":true,"href":"http:\/\/www.sentinelle-nature-alsace.fr\/fr\/wp-json\/wp\/v2\/users\/2"}],"replies":[{"embeddable":true,"href":"http:\/\/www.sentinelle-nature-alsace.fr\/fr\/wp-json\/wp\/v2\/comments?post=10791"}],"version-history":[{"count":1,"href":"http:\/\/www.sentinelle-nature-alsace.fr\/fr\/wp-json\/wp\/v2\/posts\/10791\/revisions"}],"predecessor-version":[{"id":10793,"href":"http:\/\/www.sentinelle-nature-alsace.fr\/fr\/wp-json\/wp\/v2\/posts\/10791\/revisions\/10793"}],"wp:featuredmedia":[{"embeddable":true,"href":"http:\/\/www.sentinelle-nature-alsace.fr\/fr\/wp-json\/wp\/v2\/media\/10792"}],"wp:attachment":[{"href":"http:\/\/www.sentinelle-nature-alsace.fr\/fr\/wp-json\/wp\/v2\/media?parent=10791"}],"wp:term":[{"taxonomy":"category","embeddable":true,"href":"http:\/\/www.sentinelle-nature-alsace.fr\/fr\/wp-json\/wp\/v2\/categories?post=10791"},{"taxonomy":"post_tag","embeddable":true,"href":"http:\/\/www.sentinelle-nature-alsace.fr\/fr\/wp-json\/wp\/v2\/tags?post=10791"}],"curies":[{"name":"wp","href":"https:\/\/api.w.org\/{rel}","templated":true}]}}