{"id":10368,"date":"2021-09-27T09:44:00","date_gmt":"2021-09-27T08:44:00","guid":{"rendered":"http:\/\/www.sentinelle-nature-alsace.fr\/fr\/?p=10368"},"modified":"2021-10-09T09:47:31","modified_gmt":"2021-10-09T08:47:31","slug":"accueils-semaine-38-6","status":"publish","type":"post","link":"http:\/\/www.sentinelle-nature-alsace.fr\/fr\/accueils-semaine-38-6\/","title":{"rendered":"Accueils semaine 38"},"content":{"rendered":"\n<p>Lors de ces deux derni\u00e8res semaines, c&#8217;est \u00e0 dire du 13 au 26 Septembre, nous avons accueilli un peu moins de 90 animaux au local de l&#8217;Association.<\/p>\n<blockquote>\n<p><span style=\"font-size: 20px;\">La saison se calme au fil des semaines mais nous n&#8217;avons toujours pas de r\u00e9pit en ce qui concerne les accueils des h\u00e9rissons&#8230;<\/span><\/p>\n<\/blockquote>\n<p>Des jeunes sont encore parfois trouv\u00e9s en d\u00e9tresse seuls et les derni\u00e8res mises bas tardives sont en cours. 3 Femelles gestantes ont \u00e9t\u00e9 accueillies r\u00e9cemment. Une a pu \u00eatre rel\u00e2ch\u00e9e \u00e0 temps. Une deuxi\u00e8me nous a r\u00e9serv\u00e9 une petite surprise :<\/p>\n<p>Elle est arriv\u00e9e \u00e0 l&#8217;Association, ramen\u00e9e car des particuliers l&#8217;ont retrouv\u00e9e coinc\u00e9e dans une poubelle. Cependant elle \u00e9tait en pleine forme donc avons fait appel \u00e0 un b\u00e9n\u00e9vole pour la rel\u00e2cher le lendemain de son arriv\u00e9e. Notre b\u00e9n\u00e9vole arrive le lendemain matin, mais en ouvrant la cage nous avons eu la surprise de voir 6 petites boules de piquants ! Nous avons pris les b\u00e9b\u00e9s et la maman pour les mettre dans un enclos ext\u00e9rieur afin de les laisser au calme le temps qu&#8217;ils grandissent, nous irons voir ce qu&#8217;il en est dans quelques jours.<\/p>\n<hr \/>\n<p><span style=\"font-size: 24px;\"><strong><span style=\"color: #ff9900;\">Semaine 37 : 40 animaux<\/span><\/strong><\/span><\/p>\n<p><span style=\"color: #993366; font-size: 24px;\">18 H\u00e9rissons d&#8217;Europe, <\/span><span style=\"color: #0000ff; font-size: 20px;\">4 Pigeons bisets, <\/span><span style=\"color: #339966; font-size: 16px;\">2 Tortues grecques (plac\u00e9es), 2 Pipistrelles, 2 Buses variables, <\/span><span style=\"font-size: 14px;\">1 Caille des bl\u00e9s, 1 Tourterelle Turque, 1 Cygne Tubercul\u00e9, 1 H\u00e9ron Cendr\u00e9, 1 Moineau domestique, 1 Blaireau europ\u00e9en, 1 Rougegorge familier, 1 Pie Bavarde, 1 Hirondelle de fen\u00eatre, 1 Merle Noir, 1 Grive musicienne, 1 Tortue de Floride (plac\u00e9e).<\/span><\/p>\n<p><span style=\"font-size: 24px;\"><strong><span style=\"color: #ff9900;\">Semaine 38 : 44 animaux<\/span><\/strong><\/span><\/p>\n<p><span style=\"color: #993366; font-size: 24px;\">31 H\u00e9rissons d&#8217;Europe, <span style=\"color: #0000ff; font-size: 20px;\">4 Pigeons bisets,\u00a0<\/span><\/span><span style=\"font-size: 14px;\">1 Buse Variable, 1 Chauve souris, 1 Chouette Hulotte, 1 Grive musicienne, 1 H\u00e9ron Cendr\u00e9, 1 Pigeon Ramier, 1 Pipistrelle, 1 Tortue de Floride (plac\u00e9e), 1 Tourterelle Turque.<\/span><\/p>\n\n\n\n<figure class=\"wp-block-gallery columns-3 is-cropped wp-block-gallery-1 is-layout-flex wp-block-gallery-is-layout-flex\"><ul class=\"blocks-gallery-grid\"><li class=\"blocks-gallery-item\"><figure><a href=\"http:\/\/www.sentinelle-nature-alsace.fr\/fr\/wp-content\/uploads\/2021\/10\/FB_IMG_1633704245069.jpg\"><img loading=\"lazy\" decoding=\"async\" width=\"720\" height=\"960\" src=\"http:\/\/www.sentinelle-nature-alsace.fr\/fr\/wp-content\/uploads\/2021\/10\/FB_IMG_1633704245069.jpg\" alt=\"\" data-id=\"10375\" data-full-url=\"http:\/\/www.sentinelle-nature-alsace.fr\/fr\/wp-content\/uploads\/2021\/10\/FB_IMG_1633704245069.jpg\" data-link=\"http:\/\/www.sentinelle-nature-alsace.fr\/fr\/?attachment_id=10375\" class=\"wp-image-10375\" srcset=\"http:\/\/www.sentinelle-nature-alsace.fr\/fr\/wp-content\/uploads\/2021\/10\/FB_IMG_1633704245069.jpg 720w, http:\/\/www.sentinelle-nature-alsace.fr\/fr\/wp-content\/uploads\/2021\/10\/FB_IMG_1633704245069-225x300.jpg 225w, http:\/\/www.sentinelle-nature-alsace.fr\/fr\/wp-content\/uploads\/2021\/10\/FB_IMG_1633704245069-520x693.jpg 520w, http:\/\/www.sentinelle-nature-alsace.fr\/fr\/wp-content\/uploads\/2021\/10\/FB_IMG_1633704245069-320x427.jpg 320w\" sizes=\"auto, (max-width: 720px) 100vw, 720px\" \/><\/a><figcaption class=\"blocks-gallery-item__caption\">B\u00e9b\u00e9s h\u00e9rissons tout juste n\u00e9s \u00e0 l&#8217;association. Ils ont \u00e9t\u00e9 laiss\u00e9s au calme avec leur m\u00e8re<\/figcaption><\/figure><\/li><li class=\"blocks-gallery-item\"><figure><a href=\"http:\/\/www.sentinelle-nature-alsace.fr\/fr\/wp-content\/uploads\/2021\/10\/IMG_20210918_090651-scaled.jpg\"><img loading=\"lazy\" decoding=\"async\" width=\"768\" height=\"1024\" src=\"http:\/\/www.sentinelle-nature-alsace.fr\/fr\/wp-content\/uploads\/2021\/10\/IMG_20210918_090651-768x1024.jpg\" alt=\"\" data-id=\"10379\" data-full-url=\"http:\/\/www.sentinelle-nature-alsace.fr\/fr\/wp-content\/uploads\/2021\/10\/IMG_20210918_090651-scaled.jpg\" data-link=\"http:\/\/www.sentinelle-nature-alsace.fr\/fr\/?attachment_id=10379\" class=\"wp-image-10379\" srcset=\"http:\/\/www.sentinelle-nature-alsace.fr\/fr\/wp-content\/uploads\/2021\/10\/IMG_20210918_090651-768x1024.jpg 768w, http:\/\/www.sentinelle-nature-alsace.fr\/fr\/wp-content\/uploads\/2021\/10\/IMG_20210918_090651-225x300.jpg 225w, http:\/\/www.sentinelle-nature-alsace.fr\/fr\/wp-content\/uploads\/2021\/10\/IMG_20210918_090651-1152x1536.jpg 1152w, http:\/\/www.sentinelle-nature-alsace.fr\/fr\/wp-content\/uploads\/2021\/10\/IMG_20210918_090651-1536x2048.jpg 1536w, http:\/\/www.sentinelle-nature-alsace.fr\/fr\/wp-content\/uploads\/2021\/10\/IMG_20210918_090651-720x960.jpg 720w, http:\/\/www.sentinelle-nature-alsace.fr\/fr\/wp-content\/uploads\/2021\/10\/IMG_20210918_090651-520x693.jpg 520w, http:\/\/www.sentinelle-nature-alsace.fr\/fr\/wp-content\/uploads\/2021\/10\/IMG_20210918_090651-320x427.jpg 320w, http:\/\/www.sentinelle-nature-alsace.fr\/fr\/wp-content\/uploads\/2021\/10\/IMG_20210918_090651-scaled.jpg 1920w\" sizes=\"auto, (max-width: 768px) 100vw, 768px\" \/><\/a><figcaption class=\"blocks-gallery-item__caption\">Blaireau galeux tr\u00e8s affaibli, il se porte mieux \u00e0 la LPO d&#8217;o\u00f9 nous avons eu des nouvelles positives<\/figcaption><\/figure><\/li><li class=\"blocks-gallery-item\"><figure><a href=\"http:\/\/www.sentinelle-nature-alsace.fr\/fr\/wp-content\/uploads\/2021\/10\/IMG_20210925_183731-scaled.jpg\"><img loading=\"lazy\" decoding=\"async\" width=\"1024\" height=\"768\" src=\"http:\/\/www.sentinelle-nature-alsace.fr\/fr\/wp-content\/uploads\/2021\/10\/IMG_20210925_183731-1024x768.jpg\" alt=\"\" data-id=\"10380\" data-full-url=\"http:\/\/www.sentinelle-nature-alsace.fr\/fr\/wp-content\/uploads\/2021\/10\/IMG_20210925_183731-scaled.jpg\" data-link=\"http:\/\/www.sentinelle-nature-alsace.fr\/fr\/?attachment_id=10380\" class=\"wp-image-10380\" srcset=\"http:\/\/www.sentinelle-nature-alsace.fr\/fr\/wp-content\/uploads\/2021\/10\/IMG_20210925_183731-1024x768.jpg 1024w, http:\/\/www.sentinelle-nature-alsace.fr\/fr\/wp-content\/uploads\/2021\/10\/IMG_20210925_183731-300x225.jpg 300w, http:\/\/www.sentinelle-nature-alsace.fr\/fr\/wp-content\/uploads\/2021\/10\/IMG_20210925_183731-768x576.jpg 768w, http:\/\/www.sentinelle-nature-alsace.fr\/fr\/wp-content\/uploads\/2021\/10\/IMG_20210925_183731-1536x1152.jpg 1536w, http:\/\/www.sentinelle-nature-alsace.fr\/fr\/wp-content\/uploads\/2021\/10\/IMG_20210925_183731-2048x1536.jpg 2048w, http:\/\/www.sentinelle-nature-alsace.fr\/fr\/wp-content\/uploads\/2021\/10\/IMG_20210925_183731-720x540.jpg 720w, http:\/\/www.sentinelle-nature-alsace.fr\/fr\/wp-content\/uploads\/2021\/10\/IMG_20210925_183731-520x390.jpg 520w, http:\/\/www.sentinelle-nature-alsace.fr\/fr\/wp-content\/uploads\/2021\/10\/IMG_20210925_183731-320x240.jpg 320w\" sizes=\"auto, (max-width: 1024px) 100vw, 1024px\" \/><\/a><figcaption class=\"blocks-gallery-item__caption\">H\u00e9ron cendr\u00e9 percut\u00e9 par un v\u00e9hicule, incapable de se mettre debout suite au choc<\/figcaption><\/figure><\/li><li class=\"blocks-gallery-item\"><figure><a href=\"http:\/\/www.sentinelle-nature-alsace.fr\/fr\/wp-content\/uploads\/2021\/10\/IMG_20210924_200542-scaled.jpg\"><img loading=\"lazy\" decoding=\"async\" width=\"1024\" height=\"768\" src=\"http:\/\/www.sentinelle-nature-alsace.fr\/fr\/wp-content\/uploads\/2021\/10\/IMG_20210924_200542-1024x768.jpg\" alt=\"\" data-id=\"10378\" data-full-url=\"http:\/\/www.sentinelle-nature-alsace.fr\/fr\/wp-content\/uploads\/2021\/10\/IMG_20210924_200542-scaled.jpg\" data-link=\"http:\/\/www.sentinelle-nature-alsace.fr\/fr\/?attachment_id=10378\" class=\"wp-image-10378\" srcset=\"http:\/\/www.sentinelle-nature-alsace.fr\/fr\/wp-content\/uploads\/2021\/10\/IMG_20210924_200542-1024x768.jpg 1024w, http:\/\/www.sentinelle-nature-alsace.fr\/fr\/wp-content\/uploads\/2021\/10\/IMG_20210924_200542-300x225.jpg 300w, http:\/\/www.sentinelle-nature-alsace.fr\/fr\/wp-content\/uploads\/2021\/10\/IMG_20210924_200542-768x576.jpg 768w, http:\/\/www.sentinelle-nature-alsace.fr\/fr\/wp-content\/uploads\/2021\/10\/IMG_20210924_200542-1536x1152.jpg 1536w, http:\/\/www.sentinelle-nature-alsace.fr\/fr\/wp-content\/uploads\/2021\/10\/IMG_20210924_200542-2048x1536.jpg 2048w, http:\/\/www.sentinelle-nature-alsace.fr\/fr\/wp-content\/uploads\/2021\/10\/IMG_20210924_200542-720x540.jpg 720w, http:\/\/www.sentinelle-nature-alsace.fr\/fr\/wp-content\/uploads\/2021\/10\/IMG_20210924_200542-520x390.jpg 520w, http:\/\/www.sentinelle-nature-alsace.fr\/fr\/wp-content\/uploads\/2021\/10\/IMG_20210924_200542-320x240.jpg 320w\" sizes=\"auto, (max-width: 1024px) 100vw, 1024px\" \/><\/a><figcaption class=\"blocks-gallery-item__caption\">Tourterelle turque immature affaiblie<\/figcaption><\/figure><\/li><\/ul><\/figure>\n\n\n\n<p><\/p>\n\n\n\n<h2 class=\"wp-block-heading\">&#x23f3; POURQUOI NE PAS VENIR EN AIDE \u00c0 LA FAUNE SAUVAGE SUR LE LONG TERME ?<\/h2>\n\n\n\n<p>Un don mensuel du montant de votre choix nous permet d&#8217;avoir un revenu stable, qui assure une certaine tranquillit\u00e9 \u00e0 nos petits pensionnaires&#8230;<\/p>\n\n\n\n<p>&#x1f994;&#x1f43f;&#xfe0f;&#x1f98a;&#x1f9a1;&#x1f425;&#x1f985;<\/p>\n\n\n\n<p>Nous nous effor\u00e7ons de leur prodiguer la meilleure qualit\u00e9 de soins possible et de leur offrir tout le confort dont ils ont besoin pour leur r\u00e9mission et\/ou leur croissance.\u00a0<br>Nous comptons pour cela sur notre \u00e9quipe de soigneurs principalement\u00a0 b\u00e9n\u00e9voles, mais aussi sur votre soutien !<\/p>\n\n\n\n<h2 class=\"wp-block-heading\">&#x1f33f; UNE MISSION DE TAILLE<\/h2>\n\n\n\n<p>Toute notre association se d\u00e9die enti\u00e8rement \u00e0 la protection de la faune sauvage : que ce soin par le soin direct aux animaux en d\u00e9tresse, ou que ce soit au travers de la sensibilisation du grand public (communication sur les r\u00e9seaux, tenue de stands, m\u00e9diation t\u00e9l\u00e9phonique, animation quotidienne&#8230;).&nbsp;<\/p>\n\n\n\n<p>Le don mensuel p\u00e9rennise l&#8217;aide que vous nous apportez ! Plus d&#8217;autonomie pour nos soigneurs, ainsi que du temps lib\u00e9r\u00e9 pour les animaux.\u00a0<\/p>\n\n\n\n<h2 class=\"wp-block-heading\">&#x1f381; ON VOUS OFFRE UN CADEAU<\/h2>\n\n\n\n<p>D\u00e8s 20 euros par mois de don \u00e0 l&#8217;Association, notre partenaire n\u00b01, le NaturOparC, vous offre un pass d&#8217;entr\u00e9e \u00e0 l&#8217;ann\u00e9e.<br>Vous pourrez venir fl\u00e2ner en illimit\u00e9 \u00e0 Hunawhir dans les all\u00e9es du parc, rencontrer nos soigneurs, d\u00e9couvrir des esp\u00e8ces locales et les actions men\u00e9es en faveur de la biodiversit\u00e9.<br>Merci pour eux !<\/p>\n\n\n\n<div class=\"wp-block-brad-border-box\">\t\t\t<iframe\n\t\t\t\tid=\"idIframe\"\n\t\t\t\tsrc=\"https:\/\/www.helloasso.com\/associations\/sentinelle-nature-alsace\/formulaires\/4\/widget\"\n\t\t\t\theight=750px\"\t\t\t\twidth=100%\"\t\t\t\tframeborder=\"0\"\n\t\t\t\tloading=\"lazy\"\n\t\t\t\tallowtransparency=\"true\"\n\t\t\t\tonload=\"resizeIframeMessage()\"><\/iframe>\n<\/div>\n","protected":false},"excerpt":{"rendered":"<p>Lors de ces deux derni\u00e8res semaines, c&#8217;est \u00e0 dire du 13 au 26 Septembre, nous avons accueilli un peu moins de 90 animaux au local de l&#8217;Association. La saison se calme au fil des&#46;&#46;&#46;<\/p>\n","protected":false},"author":2,"featured_media":10375,"comment_status":"closed","ping_status":"closed","sticky":false,"template":"","format":"standard","meta":{"_s2mail":"yes","footnotes":""},"categories":[2],"tags":[18,24,39,41,308,113,312,182,202,207,560,574,239,576,248],"class_list":["post-10368","post","type-post","status-publish","format-standard","has-post-thumbnail","hentry","category-animaux-detresse","tag-animaux","tag-association","tag-blaireau","tag-buse","tag-don","tag-herissons","tag-mammiferes","tag-oiseaux","tag-pigeon","tag-pipistrelle","tag-rougegorge","tag-sauvages","tag-soins","tag-tortue","tag-tourterelle"],"yoast_head":"<!-- This site is optimized with the Yoast SEO plugin v27.2 - https:\/\/yoast.com\/product\/yoast-seo-wordpress\/ -->\n<title>Accueils semaine 38 -<\/title>\n<meta name=\"robots\" content=\"index, follow, max-snippet:-1, max-image-preview:large, max-video-preview:-1\" \/>\n<link rel=\"canonical\" href=\"http:\/\/www.sentinelle-nature-alsace.fr\/fr\/accueils-semaine-38-6\/\" \/>\n<meta property=\"og:locale\" content=\"fr_FR\" \/>\n<meta property=\"og:type\" content=\"article\" \/>\n<meta property=\"og:title\" content=\"Accueils semaine 38 -\" \/>\n<meta property=\"og:description\" content=\"Lors de ces deux derni\u00e8res semaines, c&#8217;est \u00e0 dire du 13 au 26 Septembre, nous avons accueilli un peu moins de 90 animaux au local de l&#8217;Association. La saison se calme au fil des&#046;&#046;&#046;\" \/>\n<meta property=\"og:url\" content=\"http:\/\/www.sentinelle-nature-alsace.fr\/fr\/accueils-semaine-38-6\/\" \/>\n<meta property=\"article:publisher\" content=\"https:\/\/www.facebook.com\/SentinelleNatureAlsace\/about\/\" \/>\n<meta property=\"article:published_time\" content=\"2021-09-27T08:44:00+00:00\" \/>\n<meta property=\"article:modified_time\" content=\"2021-10-09T08:47:31+00:00\" \/>\n<meta property=\"og:image\" content=\"http:\/\/www.sentinelle-nature-alsace.fr\/fr\/wp-content\/uploads\/2021\/10\/FB_IMG_1633704245069.jpg\" \/>\n\t<meta property=\"og:image:width\" content=\"720\" \/>\n\t<meta property=\"og:image:height\" content=\"960\" \/>\n\t<meta property=\"og:image:type\" content=\"image\/jpeg\" \/>\n<meta name=\"author\" content=\"sna\" \/>\n<meta name=\"twitter:card\" content=\"summary_large_image\" \/>\n<meta name=\"twitter:label1\" content=\"\u00c9crit par\" \/>\n\t<meta name=\"twitter:data1\" content=\"sna\" \/>\n\t<meta name=\"twitter:label2\" content=\"Dur\u00e9e de lecture estim\u00e9e\" \/>\n\t<meta name=\"twitter:data2\" content=\"4 minutes\" \/>\n<script type=\"application\/ld+json\" class=\"yoast-schema-graph\">{\"@context\":\"https:\/\/schema.org\",\"@graph\":[{\"@type\":\"Article\",\"@id\":\"http:\/\/www.sentinelle-nature-alsace.fr\/fr\/accueils-semaine-38-6\/#article\",\"isPartOf\":{\"@id\":\"http:\/\/www.sentinelle-nature-alsace.fr\/fr\/accueils-semaine-38-6\/\"},\"author\":{\"name\":\"sna\",\"@id\":\"https:\/\/www.sentinelle-nature-alsace.fr\/fr\/#\/schema\/person\/d5da7db0b7108726deb66dbe1719d04c\"},\"headline\":\"Accueils semaine 38\",\"datePublished\":\"2021-09-27T08:44:00+00:00\",\"dateModified\":\"2021-10-09T08:47:31+00:00\",\"mainEntityOfPage\":{\"@id\":\"http:\/\/www.sentinelle-nature-alsace.fr\/fr\/accueils-semaine-38-6\/\"},\"wordCount\":599,\"publisher\":{\"@id\":\"https:\/\/www.sentinelle-nature-alsace.fr\/fr\/#organization\"},\"image\":{\"@id\":\"http:\/\/www.sentinelle-nature-alsace.fr\/fr\/accueils-semaine-38-6\/#primaryimage\"},\"thumbnailUrl\":\"http:\/\/www.sentinelle-nature-alsace.fr\/fr\/wp-content\/uploads\/2021\/10\/FB_IMG_1633704245069.jpg\",\"keywords\":[\"animaux\",\"association\",\"blaireau\",\"buse\",\"don\",\"h\u00e9rissons\",\"mammif\u00e8res\",\"oiseaux\",\"pigeon\",\"pipistrelle\",\"Rougegorge\",\"Sauvages\",\"soins\",\"Tortue\",\"tourterelle\"],\"articleSection\":[\"Accueil Animaux\"],\"inLanguage\":\"fr-FR\"},{\"@type\":\"WebPage\",\"@id\":\"http:\/\/www.sentinelle-nature-alsace.fr\/fr\/accueils-semaine-38-6\/\",\"url\":\"http:\/\/www.sentinelle-nature-alsace.fr\/fr\/accueils-semaine-38-6\/\",\"name\":\"Accueils semaine 38 -\",\"isPartOf\":{\"@id\":\"https:\/\/www.sentinelle-nature-alsace.fr\/fr\/#website\"},\"primaryImageOfPage\":{\"@id\":\"http:\/\/www.sentinelle-nature-alsace.fr\/fr\/accueils-semaine-38-6\/#primaryimage\"},\"image\":{\"@id\":\"http:\/\/www.sentinelle-nature-alsace.fr\/fr\/accueils-semaine-38-6\/#primaryimage\"},\"thumbnailUrl\":\"http:\/\/www.sentinelle-nature-alsace.fr\/fr\/wp-content\/uploads\/2021\/10\/FB_IMG_1633704245069.jpg\",\"datePublished\":\"2021-09-27T08:44:00+00:00\",\"dateModified\":\"2021-10-09T08:47:31+00:00\",\"breadcrumb\":{\"@id\":\"http:\/\/www.sentinelle-nature-alsace.fr\/fr\/accueils-semaine-38-6\/#breadcrumb\"},\"inLanguage\":\"fr-FR\",\"potentialAction\":[{\"@type\":\"ReadAction\",\"target\":[\"http:\/\/www.sentinelle-nature-alsace.fr\/fr\/accueils-semaine-38-6\/\"]}]},{\"@type\":\"ImageObject\",\"inLanguage\":\"fr-FR\",\"@id\":\"http:\/\/www.sentinelle-nature-alsace.fr\/fr\/accueils-semaine-38-6\/#primaryimage\",\"url\":\"http:\/\/www.sentinelle-nature-alsace.fr\/fr\/wp-content\/uploads\/2021\/10\/FB_IMG_1633704245069.jpg\",\"contentUrl\":\"http:\/\/www.sentinelle-nature-alsace.fr\/fr\/wp-content\/uploads\/2021\/10\/FB_IMG_1633704245069.jpg\",\"width\":720,\"height\":960,\"caption\":\"B\u00e9b\u00e9s h\u00e9rissons tout juste n\u00e9s \u00e0 l'association. Ils ont \u00e9t\u00e9 laiss\u00e9s au calme avec leur m\u00e8re\"},{\"@type\":\"BreadcrumbList\",\"@id\":\"http:\/\/www.sentinelle-nature-alsace.fr\/fr\/accueils-semaine-38-6\/#breadcrumb\",\"itemListElement\":[{\"@type\":\"ListItem\",\"position\":1,\"name\":\"Accueil\",\"item\":\"https:\/\/www.sentinelle-nature-alsace.fr\/fr\/\"},{\"@type\":\"ListItem\",\"position\":2,\"name\":\"Accueils semaine 38\"}]},{\"@type\":\"WebSite\",\"@id\":\"https:\/\/www.sentinelle-nature-alsace.fr\/fr\/#website\",\"url\":\"https:\/\/www.sentinelle-nature-alsace.fr\/fr\/\",\"name\":\"www.sentinelle-nature-alsace.fr\",\"description\":\"\",\"publisher\":{\"@id\":\"https:\/\/www.sentinelle-nature-alsace.fr\/fr\/#organization\"},\"potentialAction\":[{\"@type\":\"SearchAction\",\"target\":{\"@type\":\"EntryPoint\",\"urlTemplate\":\"https:\/\/www.sentinelle-nature-alsace.fr\/fr\/?s={search_term_string}\"},\"query-input\":{\"@type\":\"PropertyValueSpecification\",\"valueRequired\":true,\"valueName\":\"search_term_string\"}}],\"inLanguage\":\"fr-FR\"},{\"@type\":\"Organization\",\"@id\":\"https:\/\/www.sentinelle-nature-alsace.fr\/fr\/#organization\",\"name\":\"Sentinelle Nature Alsace\",\"url\":\"https:\/\/www.sentinelle-nature-alsace.fr\/fr\/\",\"logo\":{\"@type\":\"ImageObject\",\"inLanguage\":\"fr-FR\",\"@id\":\"https:\/\/www.sentinelle-nature-alsace.fr\/fr\/#\/schema\/logo\/image\/\",\"url\":\"http:\/\/www.sentinelle-nature-alsace.fr\/fr\/wp-content\/uploads\/2024\/04\/logo-sna.jpg\",\"contentUrl\":\"http:\/\/www.sentinelle-nature-alsace.fr\/fr\/wp-content\/uploads\/2024\/04\/logo-sna.jpg\",\"width\":200,\"height\":200,\"caption\":\"Sentinelle Nature Alsace\"},\"image\":{\"@id\":\"https:\/\/www.sentinelle-nature-alsace.fr\/fr\/#\/schema\/logo\/image\/\"},\"sameAs\":[\"https:\/\/www.facebook.com\/SentinelleNatureAlsace\/about\/\",\"https:\/\/www.instagram.com\/sentinellenaturealsace\/\"]},{\"@type\":\"Person\",\"@id\":\"https:\/\/www.sentinelle-nature-alsace.fr\/fr\/#\/schema\/person\/d5da7db0b7108726deb66dbe1719d04c\",\"name\":\"sna\",\"image\":{\"@type\":\"ImageObject\",\"inLanguage\":\"fr-FR\",\"@id\":\"https:\/\/secure.gravatar.com\/avatar\/bd795a97ce40ba06e9b8d2cffddd01b49c09b3d0dd0b0cc3fc98981f023a2e08?s=96&d=mm&r=g\",\"url\":\"https:\/\/secure.gravatar.com\/avatar\/bd795a97ce40ba06e9b8d2cffddd01b49c09b3d0dd0b0cc3fc98981f023a2e08?s=96&d=mm&r=g\",\"contentUrl\":\"https:\/\/secure.gravatar.com\/avatar\/bd795a97ce40ba06e9b8d2cffddd01b49c09b3d0dd0b0cc3fc98981f023a2e08?s=96&d=mm&r=g\",\"caption\":\"sna\"},\"url\":\"http:\/\/www.sentinelle-nature-alsace.fr\/fr\/author\/sna\/\"}]}<\/script>\n<!-- \/ Yoast SEO plugin. -->","yoast_head_json":{"title":"Accueils semaine 38 -","robots":{"index":"index","follow":"follow","max-snippet":"max-snippet:-1","max-image-preview":"max-image-preview:large","max-video-preview":"max-video-preview:-1"},"canonical":"http:\/\/www.sentinelle-nature-alsace.fr\/fr\/accueils-semaine-38-6\/","og_locale":"fr_FR","og_type":"article","og_title":"Accueils semaine 38 -","og_description":"Lors de ces deux derni\u00e8res semaines, c&#8217;est \u00e0 dire du 13 au 26 Septembre, nous avons accueilli un peu moins de 90 animaux au local de l&#8217;Association. La saison se calme au fil des&#46;&#46;&#46;","og_url":"http:\/\/www.sentinelle-nature-alsace.fr\/fr\/accueils-semaine-38-6\/","article_publisher":"https:\/\/www.facebook.com\/SentinelleNatureAlsace\/about\/","article_published_time":"2021-09-27T08:44:00+00:00","article_modified_time":"2021-10-09T08:47:31+00:00","og_image":[{"width":720,"height":960,"url":"http:\/\/www.sentinelle-nature-alsace.fr\/fr\/wp-content\/uploads\/2021\/10\/FB_IMG_1633704245069.jpg","type":"image\/jpeg"}],"author":"sna","twitter_card":"summary_large_image","twitter_misc":{"\u00c9crit par":"sna","Dur\u00e9e de lecture estim\u00e9e":"4 minutes"},"schema":{"@context":"https:\/\/schema.org","@graph":[{"@type":"Article","@id":"http:\/\/www.sentinelle-nature-alsace.fr\/fr\/accueils-semaine-38-6\/#article","isPartOf":{"@id":"http:\/\/www.sentinelle-nature-alsace.fr\/fr\/accueils-semaine-38-6\/"},"author":{"name":"sna","@id":"https:\/\/www.sentinelle-nature-alsace.fr\/fr\/#\/schema\/person\/d5da7db0b7108726deb66dbe1719d04c"},"headline":"Accueils semaine 38","datePublished":"2021-09-27T08:44:00+00:00","dateModified":"2021-10-09T08:47:31+00:00","mainEntityOfPage":{"@id":"http:\/\/www.sentinelle-nature-alsace.fr\/fr\/accueils-semaine-38-6\/"},"wordCount":599,"publisher":{"@id":"https:\/\/www.sentinelle-nature-alsace.fr\/fr\/#organization"},"image":{"@id":"http:\/\/www.sentinelle-nature-alsace.fr\/fr\/accueils-semaine-38-6\/#primaryimage"},"thumbnailUrl":"http:\/\/www.sentinelle-nature-alsace.fr\/fr\/wp-content\/uploads\/2021\/10\/FB_IMG_1633704245069.jpg","keywords":["animaux","association","blaireau","buse","don","h\u00e9rissons","mammif\u00e8res","oiseaux","pigeon","pipistrelle","Rougegorge","Sauvages","soins","Tortue","tourterelle"],"articleSection":["Accueil Animaux"],"inLanguage":"fr-FR"},{"@type":"WebPage","@id":"http:\/\/www.sentinelle-nature-alsace.fr\/fr\/accueils-semaine-38-6\/","url":"http:\/\/www.sentinelle-nature-alsace.fr\/fr\/accueils-semaine-38-6\/","name":"Accueils semaine 38 -","isPartOf":{"@id":"https:\/\/www.sentinelle-nature-alsace.fr\/fr\/#website"},"primaryImageOfPage":{"@id":"http:\/\/www.sentinelle-nature-alsace.fr\/fr\/accueils-semaine-38-6\/#primaryimage"},"image":{"@id":"http:\/\/www.sentinelle-nature-alsace.fr\/fr\/accueils-semaine-38-6\/#primaryimage"},"thumbnailUrl":"http:\/\/www.sentinelle-nature-alsace.fr\/fr\/wp-content\/uploads\/2021\/10\/FB_IMG_1633704245069.jpg","datePublished":"2021-09-27T08:44:00+00:00","dateModified":"2021-10-09T08:47:31+00:00","breadcrumb":{"@id":"http:\/\/www.sentinelle-nature-alsace.fr\/fr\/accueils-semaine-38-6\/#breadcrumb"},"inLanguage":"fr-FR","potentialAction":[{"@type":"ReadAction","target":["http:\/\/www.sentinelle-nature-alsace.fr\/fr\/accueils-semaine-38-6\/"]}]},{"@type":"ImageObject","inLanguage":"fr-FR","@id":"http:\/\/www.sentinelle-nature-alsace.fr\/fr\/accueils-semaine-38-6\/#primaryimage","url":"http:\/\/www.sentinelle-nature-alsace.fr\/fr\/wp-content\/uploads\/2021\/10\/FB_IMG_1633704245069.jpg","contentUrl":"http:\/\/www.sentinelle-nature-alsace.fr\/fr\/wp-content\/uploads\/2021\/10\/FB_IMG_1633704245069.jpg","width":720,"height":960,"caption":"B\u00e9b\u00e9s h\u00e9rissons tout juste n\u00e9s \u00e0 l'association. Ils ont \u00e9t\u00e9 laiss\u00e9s au calme avec leur m\u00e8re"},{"@type":"BreadcrumbList","@id":"http:\/\/www.sentinelle-nature-alsace.fr\/fr\/accueils-semaine-38-6\/#breadcrumb","itemListElement":[{"@type":"ListItem","position":1,"name":"Accueil","item":"https:\/\/www.sentinelle-nature-alsace.fr\/fr\/"},{"@type":"ListItem","position":2,"name":"Accueils semaine 38"}]},{"@type":"WebSite","@id":"https:\/\/www.sentinelle-nature-alsace.fr\/fr\/#website","url":"https:\/\/www.sentinelle-nature-alsace.fr\/fr\/","name":"www.sentinelle-nature-alsace.fr","description":"","publisher":{"@id":"https:\/\/www.sentinelle-nature-alsace.fr\/fr\/#organization"},"potentialAction":[{"@type":"SearchAction","target":{"@type":"EntryPoint","urlTemplate":"https:\/\/www.sentinelle-nature-alsace.fr\/fr\/?s={search_term_string}"},"query-input":{"@type":"PropertyValueSpecification","valueRequired":true,"valueName":"search_term_string"}}],"inLanguage":"fr-FR"},{"@type":"Organization","@id":"https:\/\/www.sentinelle-nature-alsace.fr\/fr\/#organization","name":"Sentinelle Nature Alsace","url":"https:\/\/www.sentinelle-nature-alsace.fr\/fr\/","logo":{"@type":"ImageObject","inLanguage":"fr-FR","@id":"https:\/\/www.sentinelle-nature-alsace.fr\/fr\/#\/schema\/logo\/image\/","url":"http:\/\/www.sentinelle-nature-alsace.fr\/fr\/wp-content\/uploads\/2024\/04\/logo-sna.jpg","contentUrl":"http:\/\/www.sentinelle-nature-alsace.fr\/fr\/wp-content\/uploads\/2024\/04\/logo-sna.jpg","width":200,"height":200,"caption":"Sentinelle Nature Alsace"},"image":{"@id":"https:\/\/www.sentinelle-nature-alsace.fr\/fr\/#\/schema\/logo\/image\/"},"sameAs":["https:\/\/www.facebook.com\/SentinelleNatureAlsace\/about\/","https:\/\/www.instagram.com\/sentinellenaturealsace\/"]},{"@type":"Person","@id":"https:\/\/www.sentinelle-nature-alsace.fr\/fr\/#\/schema\/person\/d5da7db0b7108726deb66dbe1719d04c","name":"sna","image":{"@type":"ImageObject","inLanguage":"fr-FR","@id":"https:\/\/secure.gravatar.com\/avatar\/bd795a97ce40ba06e9b8d2cffddd01b49c09b3d0dd0b0cc3fc98981f023a2e08?s=96&d=mm&r=g","url":"https:\/\/secure.gravatar.com\/avatar\/bd795a97ce40ba06e9b8d2cffddd01b49c09b3d0dd0b0cc3fc98981f023a2e08?s=96&d=mm&r=g","contentUrl":"https:\/\/secure.gravatar.com\/avatar\/bd795a97ce40ba06e9b8d2cffddd01b49c09b3d0dd0b0cc3fc98981f023a2e08?s=96&d=mm&r=g","caption":"sna"},"url":"http:\/\/www.sentinelle-nature-alsace.fr\/fr\/author\/sna\/"}]}},"_links":{"self":[{"href":"http:\/\/www.sentinelle-nature-alsace.fr\/fr\/wp-json\/wp\/v2\/posts\/10368","targetHints":{"allow":["GET"]}}],"collection":[{"href":"http:\/\/www.sentinelle-nature-alsace.fr\/fr\/wp-json\/wp\/v2\/posts"}],"about":[{"href":"http:\/\/www.sentinelle-nature-alsace.fr\/fr\/wp-json\/wp\/v2\/types\/post"}],"author":[{"embeddable":true,"href":"http:\/\/www.sentinelle-nature-alsace.fr\/fr\/wp-json\/wp\/v2\/users\/2"}],"replies":[{"embeddable":true,"href":"http:\/\/www.sentinelle-nature-alsace.fr\/fr\/wp-json\/wp\/v2\/comments?post=10368"}],"version-history":[{"count":10,"href":"http:\/\/www.sentinelle-nature-alsace.fr\/fr\/wp-json\/wp\/v2\/posts\/10368\/revisions"}],"predecessor-version":[{"id":10384,"href":"http:\/\/www.sentinelle-nature-alsace.fr\/fr\/wp-json\/wp\/v2\/posts\/10368\/revisions\/10384"}],"wp:featuredmedia":[{"embeddable":true,"href":"http:\/\/www.sentinelle-nature-alsace.fr\/fr\/wp-json\/wp\/v2\/media\/10375"}],"wp:attachment":[{"href":"http:\/\/www.sentinelle-nature-alsace.fr\/fr\/wp-json\/wp\/v2\/media?parent=10368"}],"wp:term":[{"taxonomy":"category","embeddable":true,"href":"http:\/\/www.sentinelle-nature-alsace.fr\/fr\/wp-json\/wp\/v2\/categories?post=10368"},{"taxonomy":"post_tag","embeddable":true,"href":"http:\/\/www.sentinelle-nature-alsace.fr\/fr\/wp-json\/wp\/v2\/tags?post=10368"}],"curies":[{"name":"wp","href":"https:\/\/api.w.org\/{rel}","templated":true}]}}