{"id":10320,"date":"2021-08-31T15:17:27","date_gmt":"2021-08-31T14:17:27","guid":{"rendered":"http:\/\/www.sentinelle-nature-alsace.fr\/fr\/?p=10320"},"modified":"2021-08-31T15:22:56","modified_gmt":"2021-08-31T14:22:56","slug":"accueils-semaine-34-6","status":"publish","type":"post","link":"http:\/\/www.sentinelle-nature-alsace.fr\/fr\/accueils-semaine-34-6\/","title":{"rendered":"Accueils semaine 34"},"content":{"rendered":"\n<p>Lors de ces deux derni\u00e8res semaines, c&#8217;est \u00e0 dire du 16 au 29 ao\u00fbt, nous avons accueilli 118 animaux en d\u00e9tresse \u00e0 l&#8217;Association. Le nombre d&#8217;accueils commence \u00e0 diminuer, la haute saison se termine tout doucement, mais nous avons encore beaucoup de travail tout de m\u00eame.<\/p>\n<blockquote>\n<p>650, c&#8217;est le nombre de h\u00e9risson accueilli depuis le d\u00e9but de l&#8217;ann\u00e9e. C&#8217;est plus du double qu&#8217;en 2019 !<\/p>\n<hr \/><\/blockquote>\n<p>Voici le d\u00e9tails de ces deux derni\u00e8res semaines, avec toujours les h\u00e9rissons en t\u00eate&#8230;<\/p>\n<p><span style=\"font-size: 24px;\"><strong><span style=\"color: #ff9900;\">Semaine 33 : 73 animaux<\/span><\/strong><\/span><\/p>\n<p><span style=\"color: #993366; font-size: 24px;\">23 H\u00e9rissons d&#8217;Europe, <\/span><span style=\"color: #0000ff; font-size: 20px;\">6 Moineaux domestiques, 5 Martinets noirs, 5 Merles noirs, 4 Pigeons biset, 4 Faucons cr\u00e9cerelle, <\/span><span style=\"color: #339966; font-size: 16px;\">3 Hirondelles rustiques, 2 Tourterelles turques, 2 Tortues de Floride, 2 Hirondelles de fen\u00eatre, 2 Corneilles noires 2 L\u00e9rots, 2 Pipistrelles sp, <\/span><span style=\"font-size: 14px;\">1 Murin sp, 1 Mulot sp, 1 Chev\u00eache d&#8217;Ath\u00e9na, 1 souris grise, 1 Buse variable, 1 Fauvette \u00e0 t\u00eate noire, 1 M\u00e9sange charbonni\u00e8re, 1 Tortue d&#8217;Hermann, 1 Cygne tubercul\u00e9, 1 marcassin, 1 Grive musicienne, 1 Musaraigne sp.<\/span><\/p>\n<p><span style=\"font-size: 24px;\"><strong><span style=\"color: #ff9900;\">Semaine 34 : 54 animaux<\/span><\/strong><\/span><\/p>\n<p><span style=\"color: #993366; font-size: 24px;\">20 H\u00e9rissons d&#8217;Europe, <\/span><span style=\"color: #0000ff; font-size: 20px;\">5 Pigeons biset, 4 Pigeons ramier, <\/span><span style=\"color: #339966; font-size: 16px;\">3 Pipistrelles sp, 3 Hirondelles rustiques, 3 Hirondelles de fen\u00eatre, 2 Martinets noirs, 2 Buses variable, <\/span><span style=\"font-size: 14px;\">1 Moineau domestique, 1 Pie bavarde, 1 Ecureuil roux 1 Cygne tubercul\u00e9, 1 Murin \u00e0 oreilles \u00e9chancr\u00e9es 1 Tourterelle turque, 1 Geai des ch\u00eanes, 1 Grive musicienne, 1 Rat surmulot, 1 Chardonneret \u00e9l\u00e9gant, 1 Faucon cr\u00e9cerelle, Fauvette \u00e0 t\u00eate noire.<\/span><\/p>\n<hr \/>\n<div id=\"attachment_10324\" style=\"width: 310px\" class=\"wp-caption aligncenter\"><a href=\"http:\/\/www.sentinelle-nature-alsace.fr\/fr\/wp-content\/uploads\/2021\/08\/Cheveche6-scaled.jpg\"><img loading=\"lazy\" decoding=\"async\" aria-describedby=\"caption-attachment-10324\" class=\"wp-image-10324 size-medium\" src=\"http:\/\/www.sentinelle-nature-alsace.fr\/fr\/wp-content\/uploads\/2021\/08\/Cheveche6-300x225.jpg\" alt=\"\" width=\"300\" height=\"225\" srcset=\"http:\/\/www.sentinelle-nature-alsace.fr\/fr\/wp-content\/uploads\/2021\/08\/Cheveche6-300x225.jpg 300w, http:\/\/www.sentinelle-nature-alsace.fr\/fr\/wp-content\/uploads\/2021\/08\/Cheveche6-1024x768.jpg 1024w, http:\/\/www.sentinelle-nature-alsace.fr\/fr\/wp-content\/uploads\/2021\/08\/Cheveche6-768x576.jpg 768w, http:\/\/www.sentinelle-nature-alsace.fr\/fr\/wp-content\/uploads\/2021\/08\/Cheveche6-1536x1152.jpg 1536w, http:\/\/www.sentinelle-nature-alsace.fr\/fr\/wp-content\/uploads\/2021\/08\/Cheveche6-2048x1536.jpg 2048w, http:\/\/www.sentinelle-nature-alsace.fr\/fr\/wp-content\/uploads\/2021\/08\/Cheveche6-720x540.jpg 720w, http:\/\/www.sentinelle-nature-alsace.fr\/fr\/wp-content\/uploads\/2021\/08\/Cheveche6-520x390.jpg 520w, http:\/\/www.sentinelle-nature-alsace.fr\/fr\/wp-content\/uploads\/2021\/08\/Cheveche6-320x240.jpg 320w\" sizes=\"auto, (max-width: 300px) 100vw, 300px\" \/><\/a><p id=\"caption-attachment-10324\" class=\"wp-caption-text\">Ana\u00eblle proc\u00e8de au diagnostic d&#8217;une Chev\u00eache d&#8217;Ath\u00e9na qui s&#8217;est prit un choc.<\/p><\/div>\n<div id=\"attachment_10325\" style=\"width: 310px\" class=\"wp-caption aligncenter\"><a href=\"http:\/\/www.sentinelle-nature-alsace.fr\/fr\/wp-content\/uploads\/2021\/08\/IMG_20210826_180306-scaled.jpg\"><img loading=\"lazy\" decoding=\"async\" aria-describedby=\"caption-attachment-10325\" class=\"wp-image-10325 size-medium\" src=\"http:\/\/www.sentinelle-nature-alsace.fr\/fr\/wp-content\/uploads\/2021\/08\/IMG_20210826_180306-300x225.jpg\" alt=\"\" width=\"300\" height=\"225\" srcset=\"http:\/\/www.sentinelle-nature-alsace.fr\/fr\/wp-content\/uploads\/2021\/08\/IMG_20210826_180306-300x225.jpg 300w, http:\/\/www.sentinelle-nature-alsace.fr\/fr\/wp-content\/uploads\/2021\/08\/IMG_20210826_180306-1024x768.jpg 1024w, http:\/\/www.sentinelle-nature-alsace.fr\/fr\/wp-content\/uploads\/2021\/08\/IMG_20210826_180306-768x576.jpg 768w, http:\/\/www.sentinelle-nature-alsace.fr\/fr\/wp-content\/uploads\/2021\/08\/IMG_20210826_180306-1536x1152.jpg 1536w, http:\/\/www.sentinelle-nature-alsace.fr\/fr\/wp-content\/uploads\/2021\/08\/IMG_20210826_180306-2048x1536.jpg 2048w, http:\/\/www.sentinelle-nature-alsace.fr\/fr\/wp-content\/uploads\/2021\/08\/IMG_20210826_180306-720x540.jpg 720w, http:\/\/www.sentinelle-nature-alsace.fr\/fr\/wp-content\/uploads\/2021\/08\/IMG_20210826_180306-520x390.jpg 520w, http:\/\/www.sentinelle-nature-alsace.fr\/fr\/wp-content\/uploads\/2021\/08\/IMG_20210826_180306-320x240.jpg 320w\" sizes=\"auto, (max-width: 300px) 100vw, 300px\" \/><\/a><p id=\"caption-attachment-10325\" class=\"wp-caption-text\">Jeune \u00e9cureuil roux retrouv\u00e9 seul au sol.<\/p><\/div>\n<div id=\"attachment_10326\" style=\"width: 310px\" class=\"wp-caption aligncenter\"><a href=\"http:\/\/www.sentinelle-nature-alsace.fr\/fr\/wp-content\/uploads\/2021\/08\/Martinet3-scaled.jpg\"><img loading=\"lazy\" decoding=\"async\" aria-describedby=\"caption-attachment-10326\" class=\"wp-image-10326 size-medium\" src=\"http:\/\/www.sentinelle-nature-alsace.fr\/fr\/wp-content\/uploads\/2021\/08\/Martinet3-300x225.jpg\" alt=\"\" width=\"300\" height=\"225\" srcset=\"http:\/\/www.sentinelle-nature-alsace.fr\/fr\/wp-content\/uploads\/2021\/08\/Martinet3-300x225.jpg 300w, http:\/\/www.sentinelle-nature-alsace.fr\/fr\/wp-content\/uploads\/2021\/08\/Martinet3-1024x768.jpg 1024w, http:\/\/www.sentinelle-nature-alsace.fr\/fr\/wp-content\/uploads\/2021\/08\/Martinet3-768x576.jpg 768w, http:\/\/www.sentinelle-nature-alsace.fr\/fr\/wp-content\/uploads\/2021\/08\/Martinet3-1536x1152.jpg 1536w, http:\/\/www.sentinelle-nature-alsace.fr\/fr\/wp-content\/uploads\/2021\/08\/Martinet3-2048x1536.jpg 2048w, http:\/\/www.sentinelle-nature-alsace.fr\/fr\/wp-content\/uploads\/2021\/08\/Martinet3-720x540.jpg 720w, http:\/\/www.sentinelle-nature-alsace.fr\/fr\/wp-content\/uploads\/2021\/08\/Martinet3-520x390.jpg 520w, http:\/\/www.sentinelle-nature-alsace.fr\/fr\/wp-content\/uploads\/2021\/08\/Martinet3-320x240.jpg 320w\" sizes=\"auto, (max-width: 300px) 100vw, 300px\" \/><\/a><p id=\"caption-attachment-10326\" class=\"wp-caption-text\">Martinets noirs : celui de gauche a \u00e9t\u00e9 imm\u00e9diatement rel\u00e2ch\u00e9, celui de droite avec du jaune d&#8217;\u0153uf plein la t\u00eate n&#8217;\u00e9tait pas apte \u00e0 voler.<\/p><\/div>\n<div id=\"attachment_10330\" style=\"width: 310px\" class=\"wp-caption aligncenter\"><a href=\"http:\/\/www.sentinelle-nature-alsace.fr\/fr\/wp-content\/uploads\/2021\/08\/Herisson-degueu10-scaled.jpg\"><img loading=\"lazy\" decoding=\"async\" aria-describedby=\"caption-attachment-10330\" class=\"wp-image-10330 size-medium\" src=\"http:\/\/www.sentinelle-nature-alsace.fr\/fr\/wp-content\/uploads\/2021\/08\/Herisson-degueu10-300x225.jpg\" alt=\"\" width=\"300\" height=\"225\" srcset=\"http:\/\/www.sentinelle-nature-alsace.fr\/fr\/wp-content\/uploads\/2021\/08\/Herisson-degueu10-300x225.jpg 300w, http:\/\/www.sentinelle-nature-alsace.fr\/fr\/wp-content\/uploads\/2021\/08\/Herisson-degueu10-1024x768.jpg 1024w, http:\/\/www.sentinelle-nature-alsace.fr\/fr\/wp-content\/uploads\/2021\/08\/Herisson-degueu10-768x576.jpg 768w, http:\/\/www.sentinelle-nature-alsace.fr\/fr\/wp-content\/uploads\/2021\/08\/Herisson-degueu10-1536x1152.jpg 1536w, http:\/\/www.sentinelle-nature-alsace.fr\/fr\/wp-content\/uploads\/2021\/08\/Herisson-degueu10-2048x1536.jpg 2048w, http:\/\/www.sentinelle-nature-alsace.fr\/fr\/wp-content\/uploads\/2021\/08\/Herisson-degueu10-720x540.jpg 720w, http:\/\/www.sentinelle-nature-alsace.fr\/fr\/wp-content\/uploads\/2021\/08\/Herisson-degueu10-520x390.jpg 520w, http:\/\/www.sentinelle-nature-alsace.fr\/fr\/wp-content\/uploads\/2021\/08\/Herisson-degueu10-320x240.jpg 320w\" sizes=\"auto, (max-width: 300px) 100vw, 300px\" \/><\/a><p id=\"caption-attachment-10330\" class=\"wp-caption-text\">Fracture de la patte avant, un bandage a \u00e9t\u00e9 fait en attendant la radio chez un v\u00e9t\u00e9rinaire.<\/p><\/div>\n","protected":false},"excerpt":{"rendered":"<p>Lors de ces deux derni\u00e8res semaines, c&#8217;est \u00e0 dire du 16 au 29 ao\u00fbt, nous avons accueilli 118 animaux en d\u00e9tresse \u00e0 l&#8217;Association. Le nombre d&#8217;accueils commence \u00e0 diminuer, la haute saison se termine&#46;&#46;&#46;<\/p>\n","protected":false},"author":2,"featured_media":10324,"comment_status":"closed","ping_status":"closed","sticky":false,"template":"","format":"standard","meta":{"_s2mail":"yes","footnotes":""},"categories":[2],"tags":[12,14,530,561,24,338,383,94,399,284,552],"class_list":["post-10320","post","type-post","status-publish","format-standard","has-post-thumbnail","hentry","category-animaux-detresse","tag-accueils","tag-alsace","tag-animalrescue","tag-animaux-en-detresse","tag-association","tag-cheveche-dathena","tag-ecureuils-roux","tag-faune-sauvage","tag-herissons-deurope","tag-martinet-noir","tag-wildlife"],"yoast_head":"<!-- This site is optimized with the Yoast SEO plugin v27.2 - https:\/\/yoast.com\/product\/yoast-seo-wordpress\/ -->\n<title>Accueils semaine 34 -<\/title>\n<meta name=\"robots\" content=\"index, follow, max-snippet:-1, max-image-preview:large, max-video-preview:-1\" \/>\n<link rel=\"canonical\" href=\"https:\/\/www.sentinelle-nature-alsace.fr\/fr\/accueils-semaine-34-6\/\" \/>\n<meta property=\"og:locale\" content=\"fr_FR\" \/>\n<meta property=\"og:type\" content=\"article\" \/>\n<meta property=\"og:title\" content=\"Accueils semaine 34 -\" \/>\n<meta property=\"og:description\" content=\"Lors de ces deux derni\u00e8res semaines, c&#8217;est \u00e0 dire du 16 au 29 ao\u00fbt, nous avons accueilli 118 animaux en d\u00e9tresse \u00e0 l&#8217;Association. Le nombre d&#8217;accueils commence \u00e0 diminuer, la haute saison se termine&#046;&#046;&#046;\" \/>\n<meta property=\"og:url\" content=\"https:\/\/www.sentinelle-nature-alsace.fr\/fr\/accueils-semaine-34-6\/\" \/>\n<meta property=\"article:publisher\" content=\"https:\/\/www.facebook.com\/SentinelleNatureAlsace\/about\/\" \/>\n<meta property=\"article:published_time\" content=\"2021-08-31T14:17:27+00:00\" \/>\n<meta property=\"article:modified_time\" content=\"2021-08-31T14:22:56+00:00\" \/>\n<meta property=\"og:image\" content=\"https:\/\/www.sentinelle-nature-alsace.fr\/fr\/wp-content\/uploads\/2021\/08\/Cheveche6-scaled.jpg\" \/>\n\t<meta property=\"og:image:width\" content=\"2560\" \/>\n\t<meta property=\"og:image:height\" content=\"1920\" \/>\n\t<meta property=\"og:image:type\" content=\"image\/jpeg\" \/>\n<meta name=\"author\" content=\"sna\" \/>\n<meta name=\"twitter:card\" content=\"summary_large_image\" \/>\n<meta name=\"twitter:label1\" content=\"\u00c9crit par\" \/>\n\t<meta name=\"twitter:data1\" content=\"sna\" \/>\n\t<meta name=\"twitter:label2\" content=\"Dur\u00e9e de lecture estim\u00e9e\" \/>\n\t<meta name=\"twitter:data2\" content=\"3 minutes\" \/>\n<script type=\"application\/ld+json\" class=\"yoast-schema-graph\">{\"@context\":\"https:\/\/schema.org\",\"@graph\":[{\"@type\":\"Article\",\"@id\":\"https:\/\/www.sentinelle-nature-alsace.fr\/fr\/accueils-semaine-34-6\/#article\",\"isPartOf\":{\"@id\":\"https:\/\/www.sentinelle-nature-alsace.fr\/fr\/accueils-semaine-34-6\/\"},\"author\":{\"name\":\"sna\",\"@id\":\"https:\/\/www.sentinelle-nature-alsace.fr\/fr\/#\/schema\/person\/d5da7db0b7108726deb66dbe1719d04c\"},\"headline\":\"Accueils semaine 34\",\"datePublished\":\"2021-08-31T14:17:27+00:00\",\"dateModified\":\"2021-08-31T14:22:56+00:00\",\"mainEntityOfPage\":{\"@id\":\"https:\/\/www.sentinelle-nature-alsace.fr\/fr\/accueils-semaine-34-6\/\"},\"wordCount\":296,\"publisher\":{\"@id\":\"https:\/\/www.sentinelle-nature-alsace.fr\/fr\/#organization\"},\"image\":{\"@id\":\"https:\/\/www.sentinelle-nature-alsace.fr\/fr\/accueils-semaine-34-6\/#primaryimage\"},\"thumbnailUrl\":\"http:\/\/www.sentinelle-nature-alsace.fr\/fr\/wp-content\/uploads\/2021\/08\/Cheveche6-scaled.jpg\",\"keywords\":[\"accueils\",\"Alsace\",\"animalrescue\",\"Animaux en d\u00e9tresse\",\"association\",\"chev\u00eache d'Ath\u00e9na\",\"\u00c9cureuils roux\",\"faune sauvage\",\"H\u00e9rissons d'Europe\",\"Martinet noir\",\"wildlife\"],\"articleSection\":[\"Accueil Animaux\"],\"inLanguage\":\"fr-FR\"},{\"@type\":\"WebPage\",\"@id\":\"https:\/\/www.sentinelle-nature-alsace.fr\/fr\/accueils-semaine-34-6\/\",\"url\":\"https:\/\/www.sentinelle-nature-alsace.fr\/fr\/accueils-semaine-34-6\/\",\"name\":\"Accueils semaine 34 -\",\"isPartOf\":{\"@id\":\"https:\/\/www.sentinelle-nature-alsace.fr\/fr\/#website\"},\"primaryImageOfPage\":{\"@id\":\"https:\/\/www.sentinelle-nature-alsace.fr\/fr\/accueils-semaine-34-6\/#primaryimage\"},\"image\":{\"@id\":\"https:\/\/www.sentinelle-nature-alsace.fr\/fr\/accueils-semaine-34-6\/#primaryimage\"},\"thumbnailUrl\":\"http:\/\/www.sentinelle-nature-alsace.fr\/fr\/wp-content\/uploads\/2021\/08\/Cheveche6-scaled.jpg\",\"datePublished\":\"2021-08-31T14:17:27+00:00\",\"dateModified\":\"2021-08-31T14:22:56+00:00\",\"breadcrumb\":{\"@id\":\"https:\/\/www.sentinelle-nature-alsace.fr\/fr\/accueils-semaine-34-6\/#breadcrumb\"},\"inLanguage\":\"fr-FR\",\"potentialAction\":[{\"@type\":\"ReadAction\",\"target\":[\"https:\/\/www.sentinelle-nature-alsace.fr\/fr\/accueils-semaine-34-6\/\"]}]},{\"@type\":\"ImageObject\",\"inLanguage\":\"fr-FR\",\"@id\":\"https:\/\/www.sentinelle-nature-alsace.fr\/fr\/accueils-semaine-34-6\/#primaryimage\",\"url\":\"http:\/\/www.sentinelle-nature-alsace.fr\/fr\/wp-content\/uploads\/2021\/08\/Cheveche6-scaled.jpg\",\"contentUrl\":\"http:\/\/www.sentinelle-nature-alsace.fr\/fr\/wp-content\/uploads\/2021\/08\/Cheveche6-scaled.jpg\",\"width\":2560,\"height\":1920,\"caption\":\"OLYMPUS DIGITAL CAMERA\"},{\"@type\":\"BreadcrumbList\",\"@id\":\"https:\/\/www.sentinelle-nature-alsace.fr\/fr\/accueils-semaine-34-6\/#breadcrumb\",\"itemListElement\":[{\"@type\":\"ListItem\",\"position\":1,\"name\":\"Accueil\",\"item\":\"https:\/\/www.sentinelle-nature-alsace.fr\/fr\/\"},{\"@type\":\"ListItem\",\"position\":2,\"name\":\"Accueils semaine 34\"}]},{\"@type\":\"WebSite\",\"@id\":\"https:\/\/www.sentinelle-nature-alsace.fr\/fr\/#website\",\"url\":\"https:\/\/www.sentinelle-nature-alsace.fr\/fr\/\",\"name\":\"www.sentinelle-nature-alsace.fr\",\"description\":\"\",\"publisher\":{\"@id\":\"https:\/\/www.sentinelle-nature-alsace.fr\/fr\/#organization\"},\"potentialAction\":[{\"@type\":\"SearchAction\",\"target\":{\"@type\":\"EntryPoint\",\"urlTemplate\":\"https:\/\/www.sentinelle-nature-alsace.fr\/fr\/?s={search_term_string}\"},\"query-input\":{\"@type\":\"PropertyValueSpecification\",\"valueRequired\":true,\"valueName\":\"search_term_string\"}}],\"inLanguage\":\"fr-FR\"},{\"@type\":\"Organization\",\"@id\":\"https:\/\/www.sentinelle-nature-alsace.fr\/fr\/#organization\",\"name\":\"Sentinelle Nature Alsace\",\"url\":\"https:\/\/www.sentinelle-nature-alsace.fr\/fr\/\",\"logo\":{\"@type\":\"ImageObject\",\"inLanguage\":\"fr-FR\",\"@id\":\"https:\/\/www.sentinelle-nature-alsace.fr\/fr\/#\/schema\/logo\/image\/\",\"url\":\"http:\/\/www.sentinelle-nature-alsace.fr\/fr\/wp-content\/uploads\/2024\/04\/logo-sna.jpg\",\"contentUrl\":\"http:\/\/www.sentinelle-nature-alsace.fr\/fr\/wp-content\/uploads\/2024\/04\/logo-sna.jpg\",\"width\":200,\"height\":200,\"caption\":\"Sentinelle Nature Alsace\"},\"image\":{\"@id\":\"https:\/\/www.sentinelle-nature-alsace.fr\/fr\/#\/schema\/logo\/image\/\"},\"sameAs\":[\"https:\/\/www.facebook.com\/SentinelleNatureAlsace\/about\/\",\"https:\/\/www.instagram.com\/sentinellenaturealsace\/\"]},{\"@type\":\"Person\",\"@id\":\"https:\/\/www.sentinelle-nature-alsace.fr\/fr\/#\/schema\/person\/d5da7db0b7108726deb66dbe1719d04c\",\"name\":\"sna\",\"image\":{\"@type\":\"ImageObject\",\"inLanguage\":\"fr-FR\",\"@id\":\"https:\/\/secure.gravatar.com\/avatar\/bd795a97ce40ba06e9b8d2cffddd01b49c09b3d0dd0b0cc3fc98981f023a2e08?s=96&d=mm&r=g\",\"url\":\"https:\/\/secure.gravatar.com\/avatar\/bd795a97ce40ba06e9b8d2cffddd01b49c09b3d0dd0b0cc3fc98981f023a2e08?s=96&d=mm&r=g\",\"contentUrl\":\"https:\/\/secure.gravatar.com\/avatar\/bd795a97ce40ba06e9b8d2cffddd01b49c09b3d0dd0b0cc3fc98981f023a2e08?s=96&d=mm&r=g\",\"caption\":\"sna\"},\"url\":\"http:\/\/www.sentinelle-nature-alsace.fr\/fr\/author\/sna\/\"}]}<\/script>\n<!-- \/ Yoast SEO plugin. -->","yoast_head_json":{"title":"Accueils semaine 34 -","robots":{"index":"index","follow":"follow","max-snippet":"max-snippet:-1","max-image-preview":"max-image-preview:large","max-video-preview":"max-video-preview:-1"},"canonical":"https:\/\/www.sentinelle-nature-alsace.fr\/fr\/accueils-semaine-34-6\/","og_locale":"fr_FR","og_type":"article","og_title":"Accueils semaine 34 -","og_description":"Lors de ces deux derni\u00e8res semaines, c&#8217;est \u00e0 dire du 16 au 29 ao\u00fbt, nous avons accueilli 118 animaux en d\u00e9tresse \u00e0 l&#8217;Association. Le nombre d&#8217;accueils commence \u00e0 diminuer, la haute saison se termine&#46;&#46;&#46;","og_url":"https:\/\/www.sentinelle-nature-alsace.fr\/fr\/accueils-semaine-34-6\/","article_publisher":"https:\/\/www.facebook.com\/SentinelleNatureAlsace\/about\/","article_published_time":"2021-08-31T14:17:27+00:00","article_modified_time":"2021-08-31T14:22:56+00:00","og_image":[{"width":2560,"height":1920,"url":"https:\/\/www.sentinelle-nature-alsace.fr\/fr\/wp-content\/uploads\/2021\/08\/Cheveche6-scaled.jpg","type":"image\/jpeg"}],"author":"sna","twitter_card":"summary_large_image","twitter_misc":{"\u00c9crit par":"sna","Dur\u00e9e de lecture estim\u00e9e":"3 minutes"},"schema":{"@context":"https:\/\/schema.org","@graph":[{"@type":"Article","@id":"https:\/\/www.sentinelle-nature-alsace.fr\/fr\/accueils-semaine-34-6\/#article","isPartOf":{"@id":"https:\/\/www.sentinelle-nature-alsace.fr\/fr\/accueils-semaine-34-6\/"},"author":{"name":"sna","@id":"https:\/\/www.sentinelle-nature-alsace.fr\/fr\/#\/schema\/person\/d5da7db0b7108726deb66dbe1719d04c"},"headline":"Accueils semaine 34","datePublished":"2021-08-31T14:17:27+00:00","dateModified":"2021-08-31T14:22:56+00:00","mainEntityOfPage":{"@id":"https:\/\/www.sentinelle-nature-alsace.fr\/fr\/accueils-semaine-34-6\/"},"wordCount":296,"publisher":{"@id":"https:\/\/www.sentinelle-nature-alsace.fr\/fr\/#organization"},"image":{"@id":"https:\/\/www.sentinelle-nature-alsace.fr\/fr\/accueils-semaine-34-6\/#primaryimage"},"thumbnailUrl":"http:\/\/www.sentinelle-nature-alsace.fr\/fr\/wp-content\/uploads\/2021\/08\/Cheveche6-scaled.jpg","keywords":["accueils","Alsace","animalrescue","Animaux en d\u00e9tresse","association","chev\u00eache d'Ath\u00e9na","\u00c9cureuils roux","faune sauvage","H\u00e9rissons d'Europe","Martinet noir","wildlife"],"articleSection":["Accueil Animaux"],"inLanguage":"fr-FR"},{"@type":"WebPage","@id":"https:\/\/www.sentinelle-nature-alsace.fr\/fr\/accueils-semaine-34-6\/","url":"https:\/\/www.sentinelle-nature-alsace.fr\/fr\/accueils-semaine-34-6\/","name":"Accueils semaine 34 -","isPartOf":{"@id":"https:\/\/www.sentinelle-nature-alsace.fr\/fr\/#website"},"primaryImageOfPage":{"@id":"https:\/\/www.sentinelle-nature-alsace.fr\/fr\/accueils-semaine-34-6\/#primaryimage"},"image":{"@id":"https:\/\/www.sentinelle-nature-alsace.fr\/fr\/accueils-semaine-34-6\/#primaryimage"},"thumbnailUrl":"http:\/\/www.sentinelle-nature-alsace.fr\/fr\/wp-content\/uploads\/2021\/08\/Cheveche6-scaled.jpg","datePublished":"2021-08-31T14:17:27+00:00","dateModified":"2021-08-31T14:22:56+00:00","breadcrumb":{"@id":"https:\/\/www.sentinelle-nature-alsace.fr\/fr\/accueils-semaine-34-6\/#breadcrumb"},"inLanguage":"fr-FR","potentialAction":[{"@type":"ReadAction","target":["https:\/\/www.sentinelle-nature-alsace.fr\/fr\/accueils-semaine-34-6\/"]}]},{"@type":"ImageObject","inLanguage":"fr-FR","@id":"https:\/\/www.sentinelle-nature-alsace.fr\/fr\/accueils-semaine-34-6\/#primaryimage","url":"http:\/\/www.sentinelle-nature-alsace.fr\/fr\/wp-content\/uploads\/2021\/08\/Cheveche6-scaled.jpg","contentUrl":"http:\/\/www.sentinelle-nature-alsace.fr\/fr\/wp-content\/uploads\/2021\/08\/Cheveche6-scaled.jpg","width":2560,"height":1920,"caption":"OLYMPUS DIGITAL CAMERA"},{"@type":"BreadcrumbList","@id":"https:\/\/www.sentinelle-nature-alsace.fr\/fr\/accueils-semaine-34-6\/#breadcrumb","itemListElement":[{"@type":"ListItem","position":1,"name":"Accueil","item":"https:\/\/www.sentinelle-nature-alsace.fr\/fr\/"},{"@type":"ListItem","position":2,"name":"Accueils semaine 34"}]},{"@type":"WebSite","@id":"https:\/\/www.sentinelle-nature-alsace.fr\/fr\/#website","url":"https:\/\/www.sentinelle-nature-alsace.fr\/fr\/","name":"www.sentinelle-nature-alsace.fr","description":"","publisher":{"@id":"https:\/\/www.sentinelle-nature-alsace.fr\/fr\/#organization"},"potentialAction":[{"@type":"SearchAction","target":{"@type":"EntryPoint","urlTemplate":"https:\/\/www.sentinelle-nature-alsace.fr\/fr\/?s={search_term_string}"},"query-input":{"@type":"PropertyValueSpecification","valueRequired":true,"valueName":"search_term_string"}}],"inLanguage":"fr-FR"},{"@type":"Organization","@id":"https:\/\/www.sentinelle-nature-alsace.fr\/fr\/#organization","name":"Sentinelle Nature Alsace","url":"https:\/\/www.sentinelle-nature-alsace.fr\/fr\/","logo":{"@type":"ImageObject","inLanguage":"fr-FR","@id":"https:\/\/www.sentinelle-nature-alsace.fr\/fr\/#\/schema\/logo\/image\/","url":"http:\/\/www.sentinelle-nature-alsace.fr\/fr\/wp-content\/uploads\/2024\/04\/logo-sna.jpg","contentUrl":"http:\/\/www.sentinelle-nature-alsace.fr\/fr\/wp-content\/uploads\/2024\/04\/logo-sna.jpg","width":200,"height":200,"caption":"Sentinelle Nature Alsace"},"image":{"@id":"https:\/\/www.sentinelle-nature-alsace.fr\/fr\/#\/schema\/logo\/image\/"},"sameAs":["https:\/\/www.facebook.com\/SentinelleNatureAlsace\/about\/","https:\/\/www.instagram.com\/sentinellenaturealsace\/"]},{"@type":"Person","@id":"https:\/\/www.sentinelle-nature-alsace.fr\/fr\/#\/schema\/person\/d5da7db0b7108726deb66dbe1719d04c","name":"sna","image":{"@type":"ImageObject","inLanguage":"fr-FR","@id":"https:\/\/secure.gravatar.com\/avatar\/bd795a97ce40ba06e9b8d2cffddd01b49c09b3d0dd0b0cc3fc98981f023a2e08?s=96&d=mm&r=g","url":"https:\/\/secure.gravatar.com\/avatar\/bd795a97ce40ba06e9b8d2cffddd01b49c09b3d0dd0b0cc3fc98981f023a2e08?s=96&d=mm&r=g","contentUrl":"https:\/\/secure.gravatar.com\/avatar\/bd795a97ce40ba06e9b8d2cffddd01b49c09b3d0dd0b0cc3fc98981f023a2e08?s=96&d=mm&r=g","caption":"sna"},"url":"http:\/\/www.sentinelle-nature-alsace.fr\/fr\/author\/sna\/"}]}},"_links":{"self":[{"href":"http:\/\/www.sentinelle-nature-alsace.fr\/fr\/wp-json\/wp\/v2\/posts\/10320","targetHints":{"allow":["GET"]}}],"collection":[{"href":"http:\/\/www.sentinelle-nature-alsace.fr\/fr\/wp-json\/wp\/v2\/posts"}],"about":[{"href":"http:\/\/www.sentinelle-nature-alsace.fr\/fr\/wp-json\/wp\/v2\/types\/post"}],"author":[{"embeddable":true,"href":"http:\/\/www.sentinelle-nature-alsace.fr\/fr\/wp-json\/wp\/v2\/users\/2"}],"replies":[{"embeddable":true,"href":"http:\/\/www.sentinelle-nature-alsace.fr\/fr\/wp-json\/wp\/v2\/comments?post=10320"}],"version-history":[{"count":8,"href":"http:\/\/www.sentinelle-nature-alsace.fr\/fr\/wp-json\/wp\/v2\/posts\/10320\/revisions"}],"predecessor-version":[{"id":10372,"href":"http:\/\/www.sentinelle-nature-alsace.fr\/fr\/wp-json\/wp\/v2\/posts\/10320\/revisions\/10372"}],"wp:featuredmedia":[{"embeddable":true,"href":"http:\/\/www.sentinelle-nature-alsace.fr\/fr\/wp-json\/wp\/v2\/media\/10324"}],"wp:attachment":[{"href":"http:\/\/www.sentinelle-nature-alsace.fr\/fr\/wp-json\/wp\/v2\/media?parent=10320"}],"wp:term":[{"taxonomy":"category","embeddable":true,"href":"http:\/\/www.sentinelle-nature-alsace.fr\/fr\/wp-json\/wp\/v2\/categories?post=10320"},{"taxonomy":"post_tag","embeddable":true,"href":"http:\/\/www.sentinelle-nature-alsace.fr\/fr\/wp-json\/wp\/v2\/tags?post=10320"}],"curies":[{"name":"wp","href":"https:\/\/api.w.org\/{rel}","templated":true}]}}