{"id":10000,"date":"2021-05-30T08:25:00","date_gmt":"2021-05-30T07:25:00","guid":{"rendered":"http:\/\/www.sentinelle-nature-alsace.fr\/fr\/?p=10000"},"modified":"2021-06-04T13:31:59","modified_gmt":"2021-06-04T12:31:59","slug":"accueils-semaine-21-3","status":"publish","type":"post","link":"http:\/\/www.sentinelle-nature-alsace.fr\/fr\/accueils-semaine-21-3\/","title":{"rendered":"Accueils semaine 21"},"content":{"rendered":"\n<p>Dans notre dernier article, nous vous avions parl\u00e9 de 62 h\u00e9rissons accueilli \u00e0 l&#8217;Association&#8230; le nombre d&#8217;accueils a encore augment\u00e9 ces deux derni\u00e8res semaines ! Du 17 au 30 Mai, nous avons pris en charge environ 200 animaux, dont 74 h\u00e9rissons !&nbsp;<\/p>\n<p>Les principales causes d&#8217;accueil de ces h\u00e9rissons sont les travaux de jardinage, mais aussi les blessures diverses qui s&#8217;infectent. Les h\u00e9rissons se blessent principalement en s&#8217;\u00e9gratignant sur des grillage ou en se battant entre eux. Certains sont aussi arriv\u00e9s pour cause d&#8217;empoisonnement. Les produits chimiques destin\u00e9s aux limaces par exemple, sont toxiques pour les h\u00e9rissons s&#8217;ils en ing\u00e8rent de grandes quantit\u00e9s.<\/p>\n<div id=\"attachment_10001\" style=\"width: 586px\" class=\"wp-caption aligncenter\"><a href=\"http:\/\/www.sentinelle-nature-alsace.fr\/fr\/wp-content\/uploads\/2021\/06\/190733690_4298282873528971_1642829131890620992_n.jpg\"><img loading=\"lazy\" decoding=\"async\" aria-describedby=\"caption-attachment-10001\" class=\"wp-image-10001\" src=\"http:\/\/www.sentinelle-nature-alsace.fr\/fr\/wp-content\/uploads\/2021\/06\/190733690_4298282873528971_1642829131890620992_n-300x225.jpg\" alt=\"\" width=\"576\" height=\"432\" srcset=\"http:\/\/www.sentinelle-nature-alsace.fr\/fr\/wp-content\/uploads\/2021\/06\/190733690_4298282873528971_1642829131890620992_n-300x225.jpg 300w, http:\/\/www.sentinelle-nature-alsace.fr\/fr\/wp-content\/uploads\/2021\/06\/190733690_4298282873528971_1642829131890620992_n-1024x768.jpg 1024w, http:\/\/www.sentinelle-nature-alsace.fr\/fr\/wp-content\/uploads\/2021\/06\/190733690_4298282873528971_1642829131890620992_n-768x576.jpg 768w, http:\/\/www.sentinelle-nature-alsace.fr\/fr\/wp-content\/uploads\/2021\/06\/190733690_4298282873528971_1642829131890620992_n-1536x1152.jpg 1536w, http:\/\/www.sentinelle-nature-alsace.fr\/fr\/wp-content\/uploads\/2021\/06\/190733690_4298282873528971_1642829131890620992_n-720x540.jpg 720w, http:\/\/www.sentinelle-nature-alsace.fr\/fr\/wp-content\/uploads\/2021\/06\/190733690_4298282873528971_1642829131890620992_n-520x390.jpg 520w, http:\/\/www.sentinelle-nature-alsace.fr\/fr\/wp-content\/uploads\/2021\/06\/190733690_4298282873528971_1642829131890620992_n-320x240.jpg 320w, http:\/\/www.sentinelle-nature-alsace.fr\/fr\/wp-content\/uploads\/2021\/06\/190733690_4298282873528971_1642829131890620992_n.jpg 2000w\" sizes=\"auto, (max-width: 576px) 100vw, 576px\" \/><\/a><p id=\"caption-attachment-10001\" class=\"wp-caption-text\">H\u00e9rissons nouveaux-n\u00e9s de quelques jours<\/p><\/div>\n<p>&nbsp;<\/p>\n<p>Cette semaine, nous \u00e9galement aussi accueilli les premiers b\u00e9b\u00e9s h\u00e9rissons ! Une port\u00e9e de 5 et une port\u00e9e de 6 ont \u00e9t\u00e9 ramen\u00e9es au local le m\u00eame soir, dont une d\u00e9nich\u00e9e par un chien. Ag\u00e9s de seulement quelques jours, cela nous demande beaucoup de temps pour biberonner tout ce petit monde, 6 fois par jour pour les plus jeunes. C&#8217;est d\u00e9sormais la LPO Alsace qui a pris en charge tous ces petits \ud83d\ude42<\/p>\n<div id=\"attachment_10004\" style=\"width: 310px\" class=\"wp-caption alignleft\"><a href=\"http:\/\/www.sentinelle-nature-alsace.fr\/fr\/wp-content\/uploads\/2021\/06\/IMG_20210524_084715-scaled.jpg\"><img loading=\"lazy\" decoding=\"async\" aria-describedby=\"caption-attachment-10004\" class=\"wp-image-10004 size-medium\" src=\"http:\/\/www.sentinelle-nature-alsace.fr\/fr\/wp-content\/uploads\/2021\/06\/IMG_20210524_084715-300x225.jpg\" alt=\"\" width=\"300\" height=\"225\" srcset=\"http:\/\/www.sentinelle-nature-alsace.fr\/fr\/wp-content\/uploads\/2021\/06\/IMG_20210524_084715-300x225.jpg 300w, http:\/\/www.sentinelle-nature-alsace.fr\/fr\/wp-content\/uploads\/2021\/06\/IMG_20210524_084715-1024x768.jpg 1024w, http:\/\/www.sentinelle-nature-alsace.fr\/fr\/wp-content\/uploads\/2021\/06\/IMG_20210524_084715-768x576.jpg 768w, http:\/\/www.sentinelle-nature-alsace.fr\/fr\/wp-content\/uploads\/2021\/06\/IMG_20210524_084715-1536x1152.jpg 1536w, http:\/\/www.sentinelle-nature-alsace.fr\/fr\/wp-content\/uploads\/2021\/06\/IMG_20210524_084715-2048x1536.jpg 2048w, http:\/\/www.sentinelle-nature-alsace.fr\/fr\/wp-content\/uploads\/2021\/06\/IMG_20210524_084715-720x540.jpg 720w, http:\/\/www.sentinelle-nature-alsace.fr\/fr\/wp-content\/uploads\/2021\/06\/IMG_20210524_084715-520x390.jpg 520w, http:\/\/www.sentinelle-nature-alsace.fr\/fr\/wp-content\/uploads\/2021\/06\/IMG_20210524_084715-320x240.jpg 320w\" sizes=\"auto, (max-width: 300px) 100vw, 300px\" \/><\/a><p id=\"caption-attachment-10004\" class=\"wp-caption-text\">H\u00e9risson victime d&#8217;empoisonnement<\/p><\/div>\n<div id=\"attachment_10005\" style=\"width: 310px\" class=\"wp-caption alignleft\"><a href=\"http:\/\/www.sentinelle-nature-alsace.fr\/fr\/wp-content\/uploads\/2021\/06\/IMG_20210529_091915-scaled.jpg\"><img loading=\"lazy\" decoding=\"async\" aria-describedby=\"caption-attachment-10005\" class=\"wp-image-10005 size-medium\" src=\"http:\/\/www.sentinelle-nature-alsace.fr\/fr\/wp-content\/uploads\/2021\/06\/IMG_20210529_091915-300x225.jpg\" alt=\"\" width=\"300\" height=\"225\" srcset=\"http:\/\/www.sentinelle-nature-alsace.fr\/fr\/wp-content\/uploads\/2021\/06\/IMG_20210529_091915-300x225.jpg 300w, http:\/\/www.sentinelle-nature-alsace.fr\/fr\/wp-content\/uploads\/2021\/06\/IMG_20210529_091915-1024x768.jpg 1024w, http:\/\/www.sentinelle-nature-alsace.fr\/fr\/wp-content\/uploads\/2021\/06\/IMG_20210529_091915-768x576.jpg 768w, http:\/\/www.sentinelle-nature-alsace.fr\/fr\/wp-content\/uploads\/2021\/06\/IMG_20210529_091915-1536x1152.jpg 1536w, http:\/\/www.sentinelle-nature-alsace.fr\/fr\/wp-content\/uploads\/2021\/06\/IMG_20210529_091915-2048x1536.jpg 2048w, http:\/\/www.sentinelle-nature-alsace.fr\/fr\/wp-content\/uploads\/2021\/06\/IMG_20210529_091915-720x540.jpg 720w, http:\/\/www.sentinelle-nature-alsace.fr\/fr\/wp-content\/uploads\/2021\/06\/IMG_20210529_091915-520x390.jpg 520w, http:\/\/www.sentinelle-nature-alsace.fr\/fr\/wp-content\/uploads\/2021\/06\/IMG_20210529_091915-320x240.jpg 320w\" sizes=\"auto, (max-width: 300px) 100vw, 300px\" \/><\/a><p id=\"caption-attachment-10005\" class=\"wp-caption-text\">Jeunes canetons de colvert<\/p><\/div>\n<div id=\"attachment_10006\" style=\"width: 310px\" class=\"wp-caption alignleft\"><a href=\"http:\/\/www.sentinelle-nature-alsace.fr\/fr\/wp-content\/uploads\/2021\/06\/IMG_20210530_172726-scaled.jpg\"><img loading=\"lazy\" decoding=\"async\" aria-describedby=\"caption-attachment-10006\" class=\"wp-image-10006 size-medium\" src=\"http:\/\/www.sentinelle-nature-alsace.fr\/fr\/wp-content\/uploads\/2021\/06\/IMG_20210530_172726-300x225.jpg\" alt=\"\" width=\"300\" height=\"225\" srcset=\"http:\/\/www.sentinelle-nature-alsace.fr\/fr\/wp-content\/uploads\/2021\/06\/IMG_20210530_172726-300x225.jpg 300w, http:\/\/www.sentinelle-nature-alsace.fr\/fr\/wp-content\/uploads\/2021\/06\/IMG_20210530_172726-1024x768.jpg 1024w, http:\/\/www.sentinelle-nature-alsace.fr\/fr\/wp-content\/uploads\/2021\/06\/IMG_20210530_172726-768x576.jpg 768w, http:\/\/www.sentinelle-nature-alsace.fr\/fr\/wp-content\/uploads\/2021\/06\/IMG_20210530_172726-1536x1152.jpg 1536w, http:\/\/www.sentinelle-nature-alsace.fr\/fr\/wp-content\/uploads\/2021\/06\/IMG_20210530_172726-2048x1536.jpg 2048w, http:\/\/www.sentinelle-nature-alsace.fr\/fr\/wp-content\/uploads\/2021\/06\/IMG_20210530_172726-720x540.jpg 720w, http:\/\/www.sentinelle-nature-alsace.fr\/fr\/wp-content\/uploads\/2021\/06\/IMG_20210530_172726-520x390.jpg 520w, http:\/\/www.sentinelle-nature-alsace.fr\/fr\/wp-content\/uploads\/2021\/06\/IMG_20210530_172726-320x240.jpg 320w\" sizes=\"auto, (max-width: 300px) 100vw, 300px\" \/><\/a><p id=\"caption-attachment-10006\" class=\"wp-caption-text\">Jeunes faucons Cr\u00e9cerelle dont la m\u00e8re a \u00e9t\u00e9 trouv\u00e9e morte<\/p><\/div>\n<p>&nbsp;<\/p>\n<p>&nbsp;<\/p>\n\n\n","protected":false},"excerpt":{"rendered":"<p>Dans notre dernier article, nous vous avions parl\u00e9 de 62 h\u00e9rissons accueilli \u00e0 l&#8217;Association&#8230; le nombre d&#8217;accueils a encore augment\u00e9 ces deux derni\u00e8res semaines ! Du 17 au 30 Mai, nous avons pris en&#46;&#46;&#46;<\/p>\n","protected":false},"author":2,"featured_media":10001,"comment_status":"closed","ping_status":"open","sticky":false,"template":"","format":"standard","meta":{"_s2mail":"yes","footnotes":""},"categories":[2],"tags":[],"class_list":["post-10000","post","type-post","status-publish","format-standard","has-post-thumbnail","hentry","category-animaux-detresse"],"yoast_head":"<!-- This site is optimized with the Yoast SEO plugin v27.2 - https:\/\/yoast.com\/product\/yoast-seo-wordpress\/ -->\n<title>Accueils semaine 21 -<\/title>\n<meta name=\"robots\" content=\"index, follow, max-snippet:-1, max-image-preview:large, max-video-preview:-1\" \/>\n<link rel=\"canonical\" href=\"http:\/\/www.sentinelle-nature-alsace.fr\/fr\/accueils-semaine-21-3\/\" \/>\n<meta property=\"og:locale\" content=\"fr_FR\" \/>\n<meta property=\"og:type\" content=\"article\" \/>\n<meta property=\"og:title\" content=\"Accueils semaine 21 -\" \/>\n<meta property=\"og:description\" content=\"Dans notre dernier article, nous vous avions parl\u00e9 de 62 h\u00e9rissons accueilli \u00e0 l&#8217;Association&#8230; le nombre d&#8217;accueils a encore augment\u00e9 ces deux derni\u00e8res semaines ! Du 17 au 30 Mai, nous avons pris en&#046;&#046;&#046;\" \/>\n<meta property=\"og:url\" content=\"http:\/\/www.sentinelle-nature-alsace.fr\/fr\/accueils-semaine-21-3\/\" \/>\n<meta property=\"article:publisher\" content=\"https:\/\/www.facebook.com\/SentinelleNatureAlsace\/about\/\" \/>\n<meta property=\"article:published_time\" content=\"2021-05-30T07:25:00+00:00\" \/>\n<meta property=\"article:modified_time\" content=\"2021-06-04T12:31:59+00:00\" \/>\n<meta property=\"og:image\" content=\"http:\/\/www.sentinelle-nature-alsace.fr\/fr\/wp-content\/uploads\/2021\/06\/190733690_4298282873528971_1642829131890620992_n.jpg\" \/>\n\t<meta property=\"og:image:width\" content=\"2000\" \/>\n\t<meta property=\"og:image:height\" content=\"1500\" \/>\n\t<meta property=\"og:image:type\" content=\"image\/jpeg\" \/>\n<meta name=\"author\" content=\"sna\" \/>\n<meta name=\"twitter:card\" content=\"summary_large_image\" \/>\n<meta name=\"twitter:label1\" content=\"\u00c9crit par\" \/>\n\t<meta name=\"twitter:data1\" content=\"sna\" \/>\n\t<meta name=\"twitter:label2\" content=\"Dur\u00e9e de lecture estim\u00e9e\" \/>\n\t<meta name=\"twitter:data2\" content=\"2 minutes\" \/>\n<script type=\"application\/ld+json\" class=\"yoast-schema-graph\">{\"@context\":\"https:\/\/schema.org\",\"@graph\":[{\"@type\":\"Article\",\"@id\":\"http:\/\/www.sentinelle-nature-alsace.fr\/fr\/accueils-semaine-21-3\/#article\",\"isPartOf\":{\"@id\":\"http:\/\/www.sentinelle-nature-alsace.fr\/fr\/accueils-semaine-21-3\/\"},\"author\":{\"name\":\"sna\",\"@id\":\"https:\/\/www.sentinelle-nature-alsace.fr\/fr\/#\/schema\/person\/d5da7db0b7108726deb66dbe1719d04c\"},\"headline\":\"Accueils semaine 21\",\"datePublished\":\"2021-05-30T07:25:00+00:00\",\"dateModified\":\"2021-06-04T12:31:59+00:00\",\"mainEntityOfPage\":{\"@id\":\"http:\/\/www.sentinelle-nature-alsace.fr\/fr\/accueils-semaine-21-3\/\"},\"wordCount\":248,\"publisher\":{\"@id\":\"https:\/\/www.sentinelle-nature-alsace.fr\/fr\/#organization\"},\"image\":{\"@id\":\"http:\/\/www.sentinelle-nature-alsace.fr\/fr\/accueils-semaine-21-3\/#primaryimage\"},\"thumbnailUrl\":\"http:\/\/www.sentinelle-nature-alsace.fr\/fr\/wp-content\/uploads\/2021\/06\/190733690_4298282873528971_1642829131890620992_n.jpg\",\"articleSection\":[\"Accueil Animaux\"],\"inLanguage\":\"fr-FR\"},{\"@type\":\"WebPage\",\"@id\":\"http:\/\/www.sentinelle-nature-alsace.fr\/fr\/accueils-semaine-21-3\/\",\"url\":\"http:\/\/www.sentinelle-nature-alsace.fr\/fr\/accueils-semaine-21-3\/\",\"name\":\"Accueils semaine 21 -\",\"isPartOf\":{\"@id\":\"https:\/\/www.sentinelle-nature-alsace.fr\/fr\/#website\"},\"primaryImageOfPage\":{\"@id\":\"http:\/\/www.sentinelle-nature-alsace.fr\/fr\/accueils-semaine-21-3\/#primaryimage\"},\"image\":{\"@id\":\"http:\/\/www.sentinelle-nature-alsace.fr\/fr\/accueils-semaine-21-3\/#primaryimage\"},\"thumbnailUrl\":\"http:\/\/www.sentinelle-nature-alsace.fr\/fr\/wp-content\/uploads\/2021\/06\/190733690_4298282873528971_1642829131890620992_n.jpg\",\"datePublished\":\"2021-05-30T07:25:00+00:00\",\"dateModified\":\"2021-06-04T12:31:59+00:00\",\"breadcrumb\":{\"@id\":\"http:\/\/www.sentinelle-nature-alsace.fr\/fr\/accueils-semaine-21-3\/#breadcrumb\"},\"inLanguage\":\"fr-FR\",\"potentialAction\":[{\"@type\":\"ReadAction\",\"target\":[\"http:\/\/www.sentinelle-nature-alsace.fr\/fr\/accueils-semaine-21-3\/\"]}]},{\"@type\":\"ImageObject\",\"inLanguage\":\"fr-FR\",\"@id\":\"http:\/\/www.sentinelle-nature-alsace.fr\/fr\/accueils-semaine-21-3\/#primaryimage\",\"url\":\"http:\/\/www.sentinelle-nature-alsace.fr\/fr\/wp-content\/uploads\/2021\/06\/190733690_4298282873528971_1642829131890620992_n.jpg\",\"contentUrl\":\"http:\/\/www.sentinelle-nature-alsace.fr\/fr\/wp-content\/uploads\/2021\/06\/190733690_4298282873528971_1642829131890620992_n.jpg\",\"width\":2000,\"height\":1500},{\"@type\":\"BreadcrumbList\",\"@id\":\"http:\/\/www.sentinelle-nature-alsace.fr\/fr\/accueils-semaine-21-3\/#breadcrumb\",\"itemListElement\":[{\"@type\":\"ListItem\",\"position\":1,\"name\":\"Accueil\",\"item\":\"https:\/\/www.sentinelle-nature-alsace.fr\/fr\/\"},{\"@type\":\"ListItem\",\"position\":2,\"name\":\"Accueils semaine 21\"}]},{\"@type\":\"WebSite\",\"@id\":\"https:\/\/www.sentinelle-nature-alsace.fr\/fr\/#website\",\"url\":\"https:\/\/www.sentinelle-nature-alsace.fr\/fr\/\",\"name\":\"www.sentinelle-nature-alsace.fr\",\"description\":\"\",\"publisher\":{\"@id\":\"https:\/\/www.sentinelle-nature-alsace.fr\/fr\/#organization\"},\"potentialAction\":[{\"@type\":\"SearchAction\",\"target\":{\"@type\":\"EntryPoint\",\"urlTemplate\":\"https:\/\/www.sentinelle-nature-alsace.fr\/fr\/?s={search_term_string}\"},\"query-input\":{\"@type\":\"PropertyValueSpecification\",\"valueRequired\":true,\"valueName\":\"search_term_string\"}}],\"inLanguage\":\"fr-FR\"},{\"@type\":\"Organization\",\"@id\":\"https:\/\/www.sentinelle-nature-alsace.fr\/fr\/#organization\",\"name\":\"Sentinelle Nature Alsace\",\"url\":\"https:\/\/www.sentinelle-nature-alsace.fr\/fr\/\",\"logo\":{\"@type\":\"ImageObject\",\"inLanguage\":\"fr-FR\",\"@id\":\"https:\/\/www.sentinelle-nature-alsace.fr\/fr\/#\/schema\/logo\/image\/\",\"url\":\"http:\/\/www.sentinelle-nature-alsace.fr\/fr\/wp-content\/uploads\/2024\/04\/logo-sna.jpg\",\"contentUrl\":\"http:\/\/www.sentinelle-nature-alsace.fr\/fr\/wp-content\/uploads\/2024\/04\/logo-sna.jpg\",\"width\":200,\"height\":200,\"caption\":\"Sentinelle Nature Alsace\"},\"image\":{\"@id\":\"https:\/\/www.sentinelle-nature-alsace.fr\/fr\/#\/schema\/logo\/image\/\"},\"sameAs\":[\"https:\/\/www.facebook.com\/SentinelleNatureAlsace\/about\/\",\"https:\/\/www.instagram.com\/sentinellenaturealsace\/\"]},{\"@type\":\"Person\",\"@id\":\"https:\/\/www.sentinelle-nature-alsace.fr\/fr\/#\/schema\/person\/d5da7db0b7108726deb66dbe1719d04c\",\"name\":\"sna\",\"image\":{\"@type\":\"ImageObject\",\"inLanguage\":\"fr-FR\",\"@id\":\"https:\/\/secure.gravatar.com\/avatar\/bd795a97ce40ba06e9b8d2cffddd01b49c09b3d0dd0b0cc3fc98981f023a2e08?s=96&d=mm&r=g\",\"url\":\"https:\/\/secure.gravatar.com\/avatar\/bd795a97ce40ba06e9b8d2cffddd01b49c09b3d0dd0b0cc3fc98981f023a2e08?s=96&d=mm&r=g\",\"contentUrl\":\"https:\/\/secure.gravatar.com\/avatar\/bd795a97ce40ba06e9b8d2cffddd01b49c09b3d0dd0b0cc3fc98981f023a2e08?s=96&d=mm&r=g\",\"caption\":\"sna\"},\"url\":\"http:\/\/www.sentinelle-nature-alsace.fr\/fr\/author\/sna\/\"}]}<\/script>\n<!-- \/ Yoast SEO plugin. -->","yoast_head_json":{"title":"Accueils semaine 21 -","robots":{"index":"index","follow":"follow","max-snippet":"max-snippet:-1","max-image-preview":"max-image-preview:large","max-video-preview":"max-video-preview:-1"},"canonical":"http:\/\/www.sentinelle-nature-alsace.fr\/fr\/accueils-semaine-21-3\/","og_locale":"fr_FR","og_type":"article","og_title":"Accueils semaine 21 -","og_description":"Dans notre dernier article, nous vous avions parl\u00e9 de 62 h\u00e9rissons accueilli \u00e0 l&#8217;Association&#8230; le nombre d&#8217;accueils a encore augment\u00e9 ces deux derni\u00e8res semaines ! Du 17 au 30 Mai, nous avons pris en&#46;&#46;&#46;","og_url":"http:\/\/www.sentinelle-nature-alsace.fr\/fr\/accueils-semaine-21-3\/","article_publisher":"https:\/\/www.facebook.com\/SentinelleNatureAlsace\/about\/","article_published_time":"2021-05-30T07:25:00+00:00","article_modified_time":"2021-06-04T12:31:59+00:00","og_image":[{"width":2000,"height":1500,"url":"http:\/\/www.sentinelle-nature-alsace.fr\/fr\/wp-content\/uploads\/2021\/06\/190733690_4298282873528971_1642829131890620992_n.jpg","type":"image\/jpeg"}],"author":"sna","twitter_card":"summary_large_image","twitter_misc":{"\u00c9crit par":"sna","Dur\u00e9e de lecture estim\u00e9e":"2 minutes"},"schema":{"@context":"https:\/\/schema.org","@graph":[{"@type":"Article","@id":"http:\/\/www.sentinelle-nature-alsace.fr\/fr\/accueils-semaine-21-3\/#article","isPartOf":{"@id":"http:\/\/www.sentinelle-nature-alsace.fr\/fr\/accueils-semaine-21-3\/"},"author":{"name":"sna","@id":"https:\/\/www.sentinelle-nature-alsace.fr\/fr\/#\/schema\/person\/d5da7db0b7108726deb66dbe1719d04c"},"headline":"Accueils semaine 21","datePublished":"2021-05-30T07:25:00+00:00","dateModified":"2021-06-04T12:31:59+00:00","mainEntityOfPage":{"@id":"http:\/\/www.sentinelle-nature-alsace.fr\/fr\/accueils-semaine-21-3\/"},"wordCount":248,"publisher":{"@id":"https:\/\/www.sentinelle-nature-alsace.fr\/fr\/#organization"},"image":{"@id":"http:\/\/www.sentinelle-nature-alsace.fr\/fr\/accueils-semaine-21-3\/#primaryimage"},"thumbnailUrl":"http:\/\/www.sentinelle-nature-alsace.fr\/fr\/wp-content\/uploads\/2021\/06\/190733690_4298282873528971_1642829131890620992_n.jpg","articleSection":["Accueil Animaux"],"inLanguage":"fr-FR"},{"@type":"WebPage","@id":"http:\/\/www.sentinelle-nature-alsace.fr\/fr\/accueils-semaine-21-3\/","url":"http:\/\/www.sentinelle-nature-alsace.fr\/fr\/accueils-semaine-21-3\/","name":"Accueils semaine 21 -","isPartOf":{"@id":"https:\/\/www.sentinelle-nature-alsace.fr\/fr\/#website"},"primaryImageOfPage":{"@id":"http:\/\/www.sentinelle-nature-alsace.fr\/fr\/accueils-semaine-21-3\/#primaryimage"},"image":{"@id":"http:\/\/www.sentinelle-nature-alsace.fr\/fr\/accueils-semaine-21-3\/#primaryimage"},"thumbnailUrl":"http:\/\/www.sentinelle-nature-alsace.fr\/fr\/wp-content\/uploads\/2021\/06\/190733690_4298282873528971_1642829131890620992_n.jpg","datePublished":"2021-05-30T07:25:00+00:00","dateModified":"2021-06-04T12:31:59+00:00","breadcrumb":{"@id":"http:\/\/www.sentinelle-nature-alsace.fr\/fr\/accueils-semaine-21-3\/#breadcrumb"},"inLanguage":"fr-FR","potentialAction":[{"@type":"ReadAction","target":["http:\/\/www.sentinelle-nature-alsace.fr\/fr\/accueils-semaine-21-3\/"]}]},{"@type":"ImageObject","inLanguage":"fr-FR","@id":"http:\/\/www.sentinelle-nature-alsace.fr\/fr\/accueils-semaine-21-3\/#primaryimage","url":"http:\/\/www.sentinelle-nature-alsace.fr\/fr\/wp-content\/uploads\/2021\/06\/190733690_4298282873528971_1642829131890620992_n.jpg","contentUrl":"http:\/\/www.sentinelle-nature-alsace.fr\/fr\/wp-content\/uploads\/2021\/06\/190733690_4298282873528971_1642829131890620992_n.jpg","width":2000,"height":1500},{"@type":"BreadcrumbList","@id":"http:\/\/www.sentinelle-nature-alsace.fr\/fr\/accueils-semaine-21-3\/#breadcrumb","itemListElement":[{"@type":"ListItem","position":1,"name":"Accueil","item":"https:\/\/www.sentinelle-nature-alsace.fr\/fr\/"},{"@type":"ListItem","position":2,"name":"Accueils semaine 21"}]},{"@type":"WebSite","@id":"https:\/\/www.sentinelle-nature-alsace.fr\/fr\/#website","url":"https:\/\/www.sentinelle-nature-alsace.fr\/fr\/","name":"www.sentinelle-nature-alsace.fr","description":"","publisher":{"@id":"https:\/\/www.sentinelle-nature-alsace.fr\/fr\/#organization"},"potentialAction":[{"@type":"SearchAction","target":{"@type":"EntryPoint","urlTemplate":"https:\/\/www.sentinelle-nature-alsace.fr\/fr\/?s={search_term_string}"},"query-input":{"@type":"PropertyValueSpecification","valueRequired":true,"valueName":"search_term_string"}}],"inLanguage":"fr-FR"},{"@type":"Organization","@id":"https:\/\/www.sentinelle-nature-alsace.fr\/fr\/#organization","name":"Sentinelle Nature Alsace","url":"https:\/\/www.sentinelle-nature-alsace.fr\/fr\/","logo":{"@type":"ImageObject","inLanguage":"fr-FR","@id":"https:\/\/www.sentinelle-nature-alsace.fr\/fr\/#\/schema\/logo\/image\/","url":"http:\/\/www.sentinelle-nature-alsace.fr\/fr\/wp-content\/uploads\/2024\/04\/logo-sna.jpg","contentUrl":"http:\/\/www.sentinelle-nature-alsace.fr\/fr\/wp-content\/uploads\/2024\/04\/logo-sna.jpg","width":200,"height":200,"caption":"Sentinelle Nature Alsace"},"image":{"@id":"https:\/\/www.sentinelle-nature-alsace.fr\/fr\/#\/schema\/logo\/image\/"},"sameAs":["https:\/\/www.facebook.com\/SentinelleNatureAlsace\/about\/","https:\/\/www.instagram.com\/sentinellenaturealsace\/"]},{"@type":"Person","@id":"https:\/\/www.sentinelle-nature-alsace.fr\/fr\/#\/schema\/person\/d5da7db0b7108726deb66dbe1719d04c","name":"sna","image":{"@type":"ImageObject","inLanguage":"fr-FR","@id":"https:\/\/secure.gravatar.com\/avatar\/bd795a97ce40ba06e9b8d2cffddd01b49c09b3d0dd0b0cc3fc98981f023a2e08?s=96&d=mm&r=g","url":"https:\/\/secure.gravatar.com\/avatar\/bd795a97ce40ba06e9b8d2cffddd01b49c09b3d0dd0b0cc3fc98981f023a2e08?s=96&d=mm&r=g","contentUrl":"https:\/\/secure.gravatar.com\/avatar\/bd795a97ce40ba06e9b8d2cffddd01b49c09b3d0dd0b0cc3fc98981f023a2e08?s=96&d=mm&r=g","caption":"sna"},"url":"http:\/\/www.sentinelle-nature-alsace.fr\/fr\/author\/sna\/"}]}},"_links":{"self":[{"href":"http:\/\/www.sentinelle-nature-alsace.fr\/fr\/wp-json\/wp\/v2\/posts\/10000","targetHints":{"allow":["GET"]}}],"collection":[{"href":"http:\/\/www.sentinelle-nature-alsace.fr\/fr\/wp-json\/wp\/v2\/posts"}],"about":[{"href":"http:\/\/www.sentinelle-nature-alsace.fr\/fr\/wp-json\/wp\/v2\/types\/post"}],"author":[{"embeddable":true,"href":"http:\/\/www.sentinelle-nature-alsace.fr\/fr\/wp-json\/wp\/v2\/users\/2"}],"replies":[{"embeddable":true,"href":"http:\/\/www.sentinelle-nature-alsace.fr\/fr\/wp-json\/wp\/v2\/comments?post=10000"}],"version-history":[{"count":6,"href":"http:\/\/www.sentinelle-nature-alsace.fr\/fr\/wp-json\/wp\/v2\/posts\/10000\/revisions"}],"predecessor-version":[{"id":10011,"href":"http:\/\/www.sentinelle-nature-alsace.fr\/fr\/wp-json\/wp\/v2\/posts\/10000\/revisions\/10011"}],"wp:featuredmedia":[{"embeddable":true,"href":"http:\/\/www.sentinelle-nature-alsace.fr\/fr\/wp-json\/wp\/v2\/media\/10001"}],"wp:attachment":[{"href":"http:\/\/www.sentinelle-nature-alsace.fr\/fr\/wp-json\/wp\/v2\/media?parent=10000"}],"wp:term":[{"taxonomy":"category","embeddable":true,"href":"http:\/\/www.sentinelle-nature-alsace.fr\/fr\/wp-json\/wp\/v2\/categories?post=10000"},{"taxonomy":"post_tag","embeddable":true,"href":"http:\/\/www.sentinelle-nature-alsace.fr\/fr\/wp-json\/wp\/v2\/tags?post=10000"}],"curies":[{"name":"wp","href":"https:\/\/api.w.org\/{rel}","templated":true}]}}